{"id":4757,"date":"2026-08-31T14:24:12","date_gmt":"2026-08-31T12:24:12","guid":{"rendered":"https:\/\/helyiertek.derimuzeum.hu\/?p=4757"},"modified":"2026-06-16T16:21:10","modified_gmt":"2026-06-16T14:21:10","slug":"elfeledett-hosok-debrecen-es-a-hadifoglyok","status":"publish","type":"post","link":"https:\/\/helyiertek.derimuzeum.hu\/?p=4757","title":{"rendered":"&#8220;Elfeledett h\u0151s\u00f6k&#8221; &#8211; Debrecen \u00e9s a hadifoglyok"},"content":{"rendered":"\n<p><\/p>\n\n\n\n<p>Szerz\u0151: V\u00e1radi Katalin<\/p>\n\n\n\n<p><\/p>\n\n\n\n<p>M\u00e1jus utols\u00f3 vas\u00e1rnapja egy\u00fattal a magyar h\u0151s\u00f6k eml\u00e9k\u00fcnnepe is. Az al\u00e1bbiakban <\/p>\n","protected":false},"excerpt":{"rendered":"<p>Szerz\u0151: V\u00e1radi Katalin M\u00e1jus utols\u00f3 vas\u00e1rnapja egy\u00fattal a magyar h\u0151s\u00f6k eml\u00e9k\u00fcnnepe is. Az al\u00e1bbiakban<\/p>\n","protected":false},"author":5,"featured_media":0,"comment_status":"open","ping_status":"closed","sticky":false,"template":"","format":"standard","meta":{"_et_pb_use_builder":"off","_et_pb_old_content":"","_et_gb_content_width":""},"categories":[1],"tags":[],"_links":{"self":[{"href":"https:\/\/helyiertek.derimuzeum.hu\/index.php?rest_route=\/wp\/v2\/posts\/4757"}],"collection":[{"href":"https:\/\/helyiertek.derimuzeum.hu\/index.php?rest_route=\/wp\/v2\/posts"}],"about":[{"href":"https:\/\/helyiertek.derimuzeum.hu\/index.php?rest_route=\/wp\/v2\/types\/post"}],"author":[{"embeddable":true,"href":"https:\/\/helyiertek.derimuzeum.hu\/index.php?rest_route=\/wp\/v2\/users\/5"}],"replies":[{"embeddable":true,"href":"https:\/\/helyiertek.derimuzeum.hu\/index.php?rest_route=%2Fwp%2Fv2%2Fcomments&post=4757"}],"version-history":[{"count":2,"href":"https:\/\/helyiertek.derimuzeum.hu\/index.php?rest_route=\/wp\/v2\/posts\/4757\/revisions"}],"predecessor-version":[{"id":4760,"href":"https:\/\/helyiertek.derimuzeum.hu\/index.php?rest_route=\/wp\/v2\/posts\/4757\/revisions\/4760"}],"wp:attachment":[{"href":"https:\/\/helyiertek.derimuzeum.hu\/index.php?rest_route=%2Fwp%2Fv2%2Fmedia&parent=4757"}],"wp:term":[{"taxonomy":"category","embeddable":true,"href":"https:\/\/helyiertek.derimuzeum.hu\/index.php?rest_route=%2Fwp%2Fv2%2Fcategories&post=4757"},{"taxonomy":"post_tag","embeddable":true,"href":"https:\/\/helyiertek.derimuzeum.hu\/index.php?rest_route=%2Fwp%2Fv2%2Ftags&post=4757"}],"curies":[{"name":"wp","href":"https:\/\/api.w.org\/{rel}","templated":true}]}}