{"id":4621,"date":"2026-04-16T12:22:34","date_gmt":"2026-04-16T10:22:34","guid":{"rendered":"https:\/\/helyiertek.derimuzeum.hu\/?p=4621"},"modified":"2026-04-22T17:59:28","modified_gmt":"2026-04-22T15:59:28","slug":"lofkovits-artur-es-az-i-ferenc-jozsef-debreceni-latogatasa-alkalmabol-keszult-emlekerem","status":"publish","type":"post","link":"https:\/\/helyiertek.derimuzeum.hu\/?p=4621","title":{"rendered":"L\u00f6fkovits Art\u00far \u00e9s az I. Ferenc J\u00f3zsef debreceni l\u00e1togat\u00e1sa alkalm\u00e1b\u00f3l k\u00e9sz\u00fclt eml\u00e9k\u00e9rem"},"content":{"rendered":"\n<p>Szerz\u0151: Szekeres Bal\u00e1zs<\/p>\n\n\n\n<p><\/p>\n\n\n\n<p>Els\u0151 megjelen\u00e9s: <em>Turul Somogy Megyei \u00c9remgy\u0171jt\u0151k Egyes\u00fclete Kaposv\u00e1ri Kiadv\u00e1nya<\/em>, IV. \u00e9vfolyam, 3.sz\u00e1m, (2025.), 15\u201322.<\/p>\n\n\n\n<p><\/p>\n\n\n\n<p>N\u00e9h\u00e1ny \u00e9ve olvastam az interneten Kov\u00e1cs Ferenc \u201e<em>Ferenc J\u00f3zsef debreceni l\u00e1togat\u00e1sa 1890. szeptember 12-\u00e9n\u201d<\/em> c\u00edm\u0171 cikk\u00e9t, melyben azt \u00edrta, hogy L\u00f6fkovits Art\u00far debreceni \u00f3r\u00e1s \u00e9s \u00e9kszer\u00e9sz <em>\u201eeml\u00e9k\u00e9rmet k\u00e9sz\u00edtett az uralkod\u00f3 l\u00e1togat\u00e1sa alkalm\u00e1b\u00f3l.\u201d<\/em> A cikkben L\u00f6fkovits egyik, a numizmatikai szakirodalomban <mark style=\"background-color:rgba(0, 0, 0, 0)\" class=\"has-inline-color has-black-color\">publik\u00e1latlan \u00fajs\u00e1ghirdet\u00e9se<\/mark> is szerepel, mely arr\u00f3l tud\u00f3s\u00edt, hogy <mark style=\"background-color:rgba(0, 0, 0, 0)\" class=\"has-inline-color has-black-color\">a kir\u00e1ly debreceni l\u00e1togat\u00e1sa alkalm\u00e1b\u00f3l k\u00e9sz\u00edtett eml\u00e9k\u00e9rmek <\/mark>kaphat\u00f3k L\u00f6fkovits Arthur \u00e9s T\u00e1rsa \u00f3ra \u00e9s \u00e9kszer\u00fczlet\u00e9ben a f\u0151t\u00e9ren \u00e9s az el\u00e1rus\u00edt\u00f3kn\u00e1l.<\/p>\n\n\n\n<figure class=\"wp-block-image aligncenter size-large\"><img decoding=\"async\" loading=\"lazy\" width=\"948\" height=\"1024\" src=\"https:\/\/helyiertek.derimuzeum.hu\/wp-content\/uploads\/2026\/04\/image002-2-948x1024.jpg\" alt=\"\" class=\"wp-image-4696\"\/><figcaption class=\"wp-element-caption\">A hirdet\u00e9s sz\u00f6vege t\u00f6bb sorban a k\u00f6vetkez\u0151: <em>\u201e\u0150 Fels\u00e9ge a kir\u00e1ly \/debreczeni l\u00e1togat\u00e1sa alkalm\u00e1ra\/ k\u00e9sz\u00edtett\/ eml\u00e9k\u00e9rmek\/ kaphat\u00f3k\/ L\u00f6fkovits Art\u00far \u00e9s T\u00e1rsa\/ \u00e9kszer \u00e9s \u00f3ra \u00fczlet\u00e9ben\/ a f\u0151t\u00e9ren \u00e9s az el\u00e1rus\u00edt\u00f3kn\u00e1l.\/ Ez\u00fcst \u00e9rem drbja 2 ft.\/ Bronz \u201e \u201e 60 kr.\/ Alum\u00ednium \u00e9rem darabja 30 kr\u201d<\/em><br><em>Debreczen-Nagyv\u00e1radi \u00c9rtes\u00edt\u0151<\/em>, 48. \u00e9vfolyam 1890. rendk\u00edv\u00fcli (37.) sz\u00e1m. szeptember 11. 3. oldal<\/figcaption><\/figure>\n\n\n\n<p>A cikk nem k\u00f6zli a hirdet\u00e9s pontos hely\u00e9t, ez\u00e9rt felvettem a kapcsolatot a szerz\u0151vel, akit\u0151l azt a v\u00e1laszt kaptam, hogy sajnos m\u00e1r nem eml\u00e9kszik, hogy melyik napilapb\u00f3l sz\u00e1rmazik a hirdet\u00e9s. T\u00f6bb \u00e9ve kutatom azoknak az \u00e9kszer\u00e9szeknek, arany -\u00e9s ez\u00fcstm\u0171veseknek az \u00e9lett\u00f6rt\u00e9net\u00e9t, akik \u00e9rmeket, jelv\u00e9nyeket is k\u00e9sz\u00edtettek vagy forgalmaztak, ez\u00e9rt elkezdtem ut\u00e1nan\u00e9zni, hogy pontosan melyik hirdet\u00e9sr\u0151l \u00e9s \u00e9remr\u0151l is van sz\u00f3.<\/p>\n\n\n\n<p><\/p>\n\n\n\n<p><strong>De ki is volt L\u00f6fkovits Art\u00far?<\/strong><\/p>\n\n\n\n<p><mark style=\"background-color:rgba(0, 0, 0, 0)\" class=\"has-inline-color has-black-color\">L\u00f6vkovits Art\u00far 1863-ban<\/mark><a id=\"_ftnref1\" href=\"#_ftn1\">[1]<\/a> <mark style=\"background-color:rgba(0, 0, 0, 0)\" class=\"has-inline-color has-black-color\">sz\u00fcletett Nagyv\u00e1radon<\/mark>, Roth Fanni (*?\u2013\u20201893, 57 \u00e9vesen) \u00e9s L\u00f6fkovits J\u00f3zsef (*?\u2013\u20201896, 76 \u00e9vesen) fiak\u00e9nt. Az elemi iskol\u00e1t Nagyv\u00e1radon, a <mark style=\"background-color:rgba(0, 0, 0, 0)\" class=\"has-inline-color has-black-color\">fels\u0151 kereskedelmi iskol\u00e1t Debrecenben<\/mark> v\u00e9gezte. Szaktud\u00e1s\u00e1t Budapesten szerezte, az orsz\u00e1g egyik els\u0151 rang\u00fa \u00e9kszer\u00e9sz \u00fczlet\u00e9ben.<a id=\"_ftnref2\" href=\"#_ftn2\">[2]<\/a> 1883-ban nyitotta meg <mark style=\"background-color:rgba(0, 0, 0, 0)\" class=\"has-inline-color has-black-color\">saj\u00e1t \u00e9kszer \u00fczlet\u00e9t Debrecen f\u0151utc\u00e1j\u00e1n, a Piac utca 34. sz\u00e1m alatt<\/mark>. Kiv\u00e1l\u00f3 \u00fczleti \u00e9rz\u00e9kkel rendelkezett. 1892-ben feles\u00e9g\u00fcl vette Latzko Margitot (*?\u2013\u20201931, 58 \u00e9vesen), Latzko Adolf (*?\u2013\u20201911, 79 \u00e9vesen) budapesti \u00e9kszer\u00e9sz l\u00e1ny\u00e1t. <mark style=\"background-color:rgba(0, 0, 0, 0)\" class=\"has-inline-color has-black-color\">Saj\u00e1t \u00e9rem- \u00e9s r\u00e9gis\u00e9ggy\u0171jtem\u00e9ny\u00e9t Debrecen v\u00e1ros\u00e1nak aj\u00e1nd\u00e9kozta <\/mark>\u00e9s <mark style=\"background-color:rgba(0, 0, 0, 0)\" class=\"has-inline-color has-black-color\">nagy szerepe volt az 1902-ben l\u00e9trej\u00f6tt debreceni V\u00e1rosi M\u00fazeum l\u00e9trej\u00f6tt\u00e9ben<\/mark>. <mark style=\"background-color:rgba(0, 0, 0, 0)\" class=\"has-inline-color has-black-color\">Tagja volt a Magyar Numizmatikai T\u00e1rsulatnak<\/mark> 1905\u20131910 k\u00f6z\u00f6tt. <mark style=\"background-color:rgba(0, 0, 0, 0)\" class=\"has-inline-color has-black-color\">1911-ben<\/mark> I. Ferenc J\u00f3zsef L\u00f6fkovitsnak a <em>\u201ekultur\u00e1lis t\u00e9ren tanus\u00edtott \u00e1ldozatk\u00e9szs\u00e9ge elismer\u00e9s\u00e9\u00fcl<mark style=\"background-color:rgba(0, 0, 0, 0)\" class=\"has-inline-color has-black-color\"> a Ferenc J\u00f3zsef-rend lovagkeresztj\u00e9t<\/mark> adom\u00e1nyozta<\/em>\u201d. <mark style=\"background-color:rgba(0, 0, 0, 0)\" class=\"has-inline-color has-black-color\">Kezdem\u00e9nyez\u00e9s\u00e9re alakult meg a Debreceni M\u00fazeumbar\u00e1tok k\u00f6re 1927-ben<\/mark>, melynek \u00fcgyvezet\u0151 aleln\u00f6ke lett. Debrecenben hunyt el 1935-ben.<\/p>\n\n\n\n<p>I. Ferenc J\u00f3zsef 1890. szeptemberi debreceni l\u00e1togat\u00e1s\u00e1r\u00f3l t\u00f6bb korabeli napilap is besz\u00e1molt (<em>Pesti Napl\u00f3<\/em>, <em>Debreczen-Nagyv\u00e1radi \u00c9rtes\u00edt\u0151<\/em> stb.). Tal\u00e1n a legr\u00e9szletesebben a <em>Debreczen-Nagyv\u00e1radi \u00c9rtes\u00edt\u0151<\/em> c\u00edm\u0171 hetilapban olvashatunk az esem\u00e9nyr\u0151l. Az els\u0151 h\u00edr a l\u00e1togat\u00e1ssal kapcsolatban, 1890 j\u00falius\u00e1b\u00f3l val\u00f3, amely \u201e<em>A kir\u00e1ly Debrecenben\u201d<\/em> c\u00edmet viseli. L\u00f6fkovits\u00e9k (L\u00f6fkovits t\u00e1rsa ebben az id\u0151szakban apja, L\u00f6fkovits J\u00f3zsef volt.) els\u0151 hirdet\u00e9se a szeptember 11-ei lapsz\u00e1mban olvashat\u00f3, mely megtal\u00e1lhat\u00f3 ezen k\u00edv\u00fcl m\u00e9g az 1890. szeptember 21-ei lapsz\u00e1mban is. \u00a0Az \u00e9remr\u0151l k\u00e9pet a korabeli sajt\u00f3ban nem tal\u00e1ltam, viszont k\u00f6nnyen beazonos\u00edthat\u00f3, mert annak el\u0151lapj\u00e1n az uralkod\u00f3 mellk\u00e9pe alatt olvashat\u00f3 a L\u00f6fkovitsra utal\u00f3 felirat (L\u00f6fkovits A.).<\/p>\n\n\n\n<figure class=\"wp-block-image aligncenter size-large\"><img decoding=\"async\" loading=\"lazy\" width=\"1024\" height=\"512\" src=\"https:\/\/helyiertek.derimuzeum.hu\/wp-content\/uploads\/2026\/04\/image003-2-1024x512.jpg\" alt=\"\" class=\"wp-image-4697\" srcset=\"https:\/\/helyiertek.derimuzeum.hu\/wp-content\/uploads\/2026\/04\/image003-2-980x490.jpg 980w, https:\/\/helyiertek.derimuzeum.hu\/wp-content\/uploads\/2026\/04\/image003-2-480x240.jpg 480w\" sizes=\"(min-width: 0px) and (max-width: 480px) 480px, (min-width: 481px) and (max-width: 980px) 980px, (min-width: 981px) 1024px, 100vw\" \/><figcaption class=\"wp-element-caption\">A debreceni l\u00e1togat\u00e1s alkalm\u00e1b\u00f3l k\u00e9sz\u00fclt \u00e9rem k\u00e9pe. (el\u0151- \u00e9s h\u00e1tlap)<br>A k\u00e9p forr\u00e1sa: Nudelman 16. M\u00fcnz-Aktion 2018. j\u00fanius 9.<\/figcaption><\/figure>\n\n\n\n<p><strong>Az \u00e9rem le\u00edr\u00e1sa:<\/strong><\/p>\n\n\n\n<p>El\u0151lap: Kev\u00e9ss\u00e9 m\u00e9ly\u00edtett kerek mez\u0151ben a kir\u00e1ly balra n\u00e9z\u0151 mellk\u00e9pe, teljes arc\u00e9lben, az aranygyapjas rend jelv\u00e9ny\u00e9vel, szalaggal. A mellk\u00e9p alatt apr\u00f3 bet\u0171kkel:<mark style=\"background-color:rgba(0, 0, 0, 0)\" class=\"has-inline-color has-black-color\"> L\u00d6FKOVITS A..<\/mark> A mez\u0151 k\u00f6r\u00fcli sz\u00e9les szeg\u00e9lyen:<mark style=\"background-color:rgba(0, 0, 0, 0)\" class=\"has-inline-color has-black-color\"> I. FERENCZ J\u00d3ZSEF CS\u00c1SZ\u00c1R APOSTOLI KIR\u00c1LY L\u00c1TOGAT\u00c1SA EML\u00c9K\u00c9RE * <\/mark>Kett\u0151s vonalszeg\u00e9ly.<\/p>\n\n\n\n<p>H\u00e1tlap: Kerek mez\u0151ben Debreczen c\u00edmere d\u00edszes c\u00edmerpajzszsal, f\u00e9l nappal; az emelkedett sz\u00e9les szeg\u00e9lyen fel\u00edr\u00e1s: <mark style=\"background-color:rgba(0, 0, 0, 0)\" class=\"has-inline-color has-black-color\">DEBRECZEN 1890 SZEPTEMBER 12. <\/mark>Lenn * Kett\u0151s vonalszeg\u00e9ly.<\/p>\n\n\n\n<p>Ennek egy p\u00e9ld\u00e1ny\u00e1t Ferenc J\u00f3zsef is megkapta. Anyag v\u00e1ltozatot nem eml\u00edtenek a <em>Debreczen-Nagyv\u00e1radi \u00c9rtes\u00edt\u0151 <\/em>szeptemberi 14-ei cikk\u00e9ben, viszont a <em>Pesti Napl\u00f3<\/em> m\u00e1r arr\u00f3l \u00edr, hogy aranyb\u00f3l k\u00e9sz\u00fclt az uralkod\u00f3nak \u00e1tadott \u00e9rem. Sajnos nem bukkantam az eml\u00edtett darab lel\u0151hely\u00e9re, v\u00e9lelmezhet\u0151, hogy B\u00e9csen, a Kunsthistorisches M\u00fazeumban tal\u00e1lhat\u00f3.<a id=\"_ftnref3\" href=\"#_ftn3\">[3]<\/a> A kir\u00e1ly elismer\u00e9se jel\u00e9\u00fcl gy\u00e9m\u00e1nt mellt\u0171t k\u00fcld\u00f6tt L\u00f6fkovitsnak. <\/p>\n\n\n\n<blockquote class=\"wp-block-quote\">\n<p>\u201e<em>A mellt\u0171 arany foglalat\u00fa gy\u00e9m\u00e1nt\u00e9kszer a k\u00f6zep\u00e9n I. F.J. monogrammal fel\u00fcl arany koron\u00e1val- s apr\u00f3 gy\u00e9m\u00e1ntokkal s brilli\u00e1ntokkal van d\u00edsz\u00edtve.\u201d<\/em> <a id=\"_ftnref4\" href=\"https:\/\/helyiertek.derimuzeum.hu\/wp-admin\/post.php?post=4621&amp;action=edit#_ftn4\">[4]<\/a><\/p>\n<\/blockquote>\n\n\n\n<p>Ez a mellt\u0171 L\u00f6fkovits 1935-ben bek\u00f6vetkezett hal\u00e1la ut\u00e1n is a csal\u00e1dja birtok\u00e1ban volt, b\u00e1r jelenlegi lel\u0151helye nem ismert.<\/p>\n\n\n\n<p><\/p>\n\n\n\n<p>A k\u00f6vetkez\u0151kben <mark style=\"background-color:rgba(0, 0, 0, 0)\" class=\"has-inline-color has-black-color\">\u00f6sszefoglalom<\/mark>, mit lehet tudni az \u00e9remr\u0151l a szakirodalom alapj\u00e1n.<\/p>\n\n\n\n<p><mark style=\"background-color:rgba(0, 0, 0, 0)\" class=\"has-inline-color has-black-color\">Az \u00e9remm\u0171v\u00e9sz<strong>:<\/strong><\/mark><\/p>\n\n\n\n<p>Sajnos azt, hogy ki tervezte az \u00e9rmet, nem siker\u00fclt kikutatnom.<\/p>\n\n\n\n<p><mark style=\"background-color:rgba(0, 0, 0, 0)\" class=\"has-inline-color has-black-color\">A gy\u00e1rt\u00f3<strong>:<\/strong><\/mark><\/p>\n\n\n\n<p>A korabeli \u00fajs\u00e1gcikkekben L\u00f6fkovitsot mint k\u00e9sz\u00edttet\u0151t \u00e9s mint k\u00e9sz\u00edt\u0151t (t\u00e9vesen) is megeml\u00edtik.<\/p>\n\n\n\n<p><mark style=\"background-color:rgba(0, 0, 0, 0)\" class=\"has-inline-color has-black-color\">Dr. S\u0151regi J\u00e1nos<a id=\"_ftnref5\" href=\"#_ftn5\">[5]<\/a> szerint <\/mark>L\u00f6fkovits az \u00e9rmet<mark style=\"background-color:rgba(0, 0, 0, 0)\" class=\"has-inline-color has-black-color\"> a budapesti Scheid c\u00e9ggel <\/mark>k\u00e9sz\u00edttette, melyb\u0151l <em>1 db arany 50 db ez\u00fcst \u00e9s 200 db bronz <\/em>k\u00e9sz\u00fclt. Arr\u00f3l, hogy ezek f\u00fclezett, vagy f\u00fcl n\u00e9lk\u00fcli \u00e9rmek voltak, nem \u00edr S\u0151regi. Ezt az inform\u00e1ci\u00f3t t\u00f6bb szerz\u0151 is \u00e1tvette (pl.: Kov\u00e1cs, Nov\u00e1k, T\u00f6r\u00f6k). T\u00e9ves a gy\u00e1rt\u00f3ra vonatkoz\u00f3 k\u00f6zl\u00e9s, mert a budapesti Scheid G. A. gy\u00e1r csak 1891. m\u00e1rcius\u00e1ra \u00e9p\u00fclt fel, a kir\u00e1ly l\u00e1togat\u00e1sa pedig 1890. szeptember\u00e9ben t\u00f6rt\u00e9nt. Ez\u00e9rt <mark style=\"background-color:rgba(0, 0, 0, 0)\" class=\"has-inline-color has-black-color\">nem a Scheid n\u00e9vjele (gy\u00e1rt\u00f3jele) szerepel a nemesf\u00e9m \u00e9rmekben<\/mark>. A darabsz\u00e1mokr\u00f3l sz\u00f3l\u00f3 inform\u00e1ci\u00f3 forr\u00e1s\u00e1t S\u0151regi nem k\u00f6z\u00f6lte, m\u00e1s szakirodalomban sincs nyoma. Ugyanakkor <mark style=\"background-color:rgba(0, 0, 0, 0)\" class=\"has-inline-color has-black-color\">alum\u00ednium p\u00e9ld\u00e1nyok<\/mark>r\u00f3l nem tesz eml\u00edt\u00e9st, pedig<mark style=\"background-color:rgba(0, 0, 0, 0)\" class=\"has-inline-color has-black-color\"> ez t\u00f6bb hirdet\u00e9sben is szerepel<\/mark>.<\/p>\n\n\n\n<p>A sz\u00e1zadfordul\u00f3n Magyarorsz\u00e1gon m\u0171k\u00f6d\u00f6tt \u00f3r\u00e1sok, \u00e9kszer\u00e9szek k\u00f6z\u00fcl egyed\u00fcl <mark style=\"background-color:rgba(0, 0, 0, 0)\" class=\"has-inline-color has-black-color\">Sch\u00f6nwald Imr\u00e9vel kapcsolatban tal\u00e1ltam <\/mark>olyan \u00fajs\u00e1gcikket a <em>P\u00e9csi Figyel\u0151<\/em>ben, amiben \u00edrj\u00e1k, hogy <mark style=\"background-color:rgba(0, 0, 0, 0)\" class=\"has-inline-color has-black-color\">\u00e9remgy\u00e1rt\u00f3 g\u00e9ppel rendelkezett<\/mark>. Azokat az \u00e9rmeket, amelyeken L\u00f6fkovits A. jelz\u00e9s l\u00e1that\u00f3, mint a l\u00e1togat\u00e1si \u00e9rmeken is, L\u00f6fkovits Art\u00far forgalmazta, de nem maga gy\u00e1rtotta. Az \u00e1ltalam ismert \u00e9rmek egy r\u00e9sz\u00e9n megtal\u00e1lhat\u00f3 a gy\u00e1rt\u00f3ra utal\u00f3 jelz\u00e9s, egy b\u00e9csi v\u00e9sn\u00f6k n\u00e9vjele \u00e9s az osztr\u00e1k ez\u00fcst f\u00e9mjel. <mark style=\"background-color:rgba(0, 0, 0, 0)\" class=\"has-inline-color has-black-color\">A n\u00e9vjel alapj\u00e1n az \u00e9rem gy\u00e1rt\u00f3ja Joseph Christian Christelbauer <\/mark>(1820\u20131897) <mark style=\"background-color:rgba(0, 0, 0, 0)\" class=\"has-inline-color has-black-color\">b\u00e9csi v\u00e9sn\u00f6k \u00e9s \u00e9remm\u0171v\u00e9sz<\/mark>. N\u00e9vjele megtal\u00e1lhat\u00f3 t\u00f6bb ez\u00fcst l\u00e1togat\u00e1si \u00e9rem perem\u00e9ben, b\u00e9csi 900 \u2030-es nagy ez\u00fcst f\u00e9mjellel egy\u00fctt.<\/p>\n\n\n\n<figure class=\"wp-block-gallery aligncenter has-nested-images columns-default is-cropped wp-block-gallery-1 is-layout-flex\">\n<figure class=\"wp-block-image size-large\"><img decoding=\"async\" loading=\"lazy\" width=\"1024\" height=\"891\" data-id=\"4698\"  src=\"https:\/\/helyiertek.derimuzeum.hu\/wp-content\/uploads\/2026\/04\/image004-2-1024x891.jpg\" alt=\"\" class=\"wp-image-4698\" srcset=\"https:\/\/helyiertek.derimuzeum.hu\/wp-content\/uploads\/2026\/04\/image004-2-1024x891.jpg 1024w, https:\/\/helyiertek.derimuzeum.hu\/wp-content\/uploads\/2026\/04\/image004-2-980x853.jpg 980w, https:\/\/helyiertek.derimuzeum.hu\/wp-content\/uploads\/2026\/04\/image004-2-480x418.jpg 480w\" sizes=\"(min-width: 0px) and (max-width: 480px) 480px, (min-width: 481px) and (max-width: 980px) 980px, (min-width: 981px) 1024px, 100vw\" \/><\/figure>\n\n\n\n<figure class=\"wp-block-image size-large\"><img decoding=\"async\" loading=\"lazy\" width=\"1024\" height=\"736\" data-id=\"4699\"  src=\"https:\/\/helyiertek.derimuzeum.hu\/wp-content\/uploads\/2026\/04\/image005-2-1024x736.jpg\" alt=\"\" class=\"wp-image-4699\" srcset=\"https:\/\/helyiertek.derimuzeum.hu\/wp-content\/uploads\/2026\/04\/image005-2-980x705.jpg 980w, https:\/\/helyiertek.derimuzeum.hu\/wp-content\/uploads\/2026\/04\/image005-2-480x345.jpg 480w\" sizes=\"(min-width: 0px) and (max-width: 480px) 480px, (min-width: 481px) and (max-width: 980px) 980px, (min-width: 981px) 1024px, 100vw\" \/><\/figure>\n<figcaption class=\"blocks-gallery-caption wp-element-caption\">Balra: 900 \u2030-es b\u00e9csi nagy ez\u00fcst f\u00e9mjel rajza. (Hatsz\u00f6glet\u0171 keretben bal oldalt kettes finoms\u00e1gi sz\u00e1m, k\u00f6z\u00e9pen jobbra n\u00e9z\u0151 holdsarl\u00f3s Diana fej, jobbra A hivatal bet\u0171). <br>A k\u00e9p forr\u00e1sa: Jan Divis: Markenzeichen auf Silber. Praha, 1978.<br>Jobbra: Joseph Christian Christelbauer n\u00e9vjel\u00e9nek rajza. <br>A k\u00e9p forr\u00e1sa: Neuwirth Walthraud: Lexikon Wiener Gold- und Silberschmiede und ihre Punzen 1867\u20131922.<\/figcaption><\/figure>\n\n\n\n<p><\/p>\n\n\n\n<p><strong>Az \u00e9rem el\u0151fordul\u00e1sa forr\u00e1sokban \u00e9s a szakirodalomban:<\/strong><\/p>\n\n\n\n<figure class=\"wp-block-table\"><table><tbody><tr><td>anyag<\/td><td>m\u00e9ret stb.<\/td><td>irodalom\/lel\u0151hely<\/td><\/tr><tr><td>ez\u00fcst, bronz, alum\u00ednium<\/td><td>nem \u00edrnak<\/td><td><em>Debreczen-Nagyv\u00e1radi \u00c9rtes\u00edt\u0151<\/em>, 1890.szeptember 11. \u00e9s szeptember 21.<\/td><\/tr><tr><td>arany<\/td><td>nem \u00edrnak<\/td><td><em>Pesti Napl\u00f3<\/em>, 1890. okt\u00f3ber 17.<\/td><\/tr><tr><td>s\u00e1rg\u00e1s bronz<\/td><td>32 mm, f\u00fcllel<\/td><td>Nagy J\u00f3zsef: <em>Debrecen \u00e9rmei<\/em>, lel\u0151hely: Magyar Nemzeti M\u00fazeum, Debrecen V\u00e1rosi M\u00fazeum<\/td><\/tr><tr><td>bronz<\/td><td>32 mm, 11,5gr f\u00fcllel, piros-feh\u00e9r-z\u00f6ld h\u00e1romsz\u00f6g szalagon<\/td><td>D\u00e9ri M\u00fazeum. Lelt\u00e1ri sz\u00e1m: VIII. 87.17.2.<a id=\"_ftnref6\" href=\"#_ftn6\">[6]<\/a> \u00a0<\/td><\/tr><tr><td>bronz<\/td><td>32 mm f\u00fcl n\u00e9lk\u00fcl h\u00e1tlapi sz\u00f6veg n\u00e9lk\u00fcl<\/td><td>T\u00e1tra Gal\u00e9ria \u00c9rembolt 10. Numizmatika aukci\u00f3 2005. november 22. <a href=\"#_ftn7\" id=\"_ftnref7\">[7]<\/a> T\u00e9vesen L\u00f6fkovits m\u0171v\u00e9nek \u00edrj\u00e1k.<\/td><\/tr><tr><td>bronz<\/td><td>32mm, f\u00fclezett, 11,1gr<\/td><td>Mag\u00e1ngy\u0171jtem\u00e9ny<\/td><\/tr><tr><td>bronz<\/td><td>32 mm 10,7gr, h\u00e1tlapi sz\u00f6veg n\u00e9lk\u00fcl<\/td><td>Mag\u00e1ngy\u0171jtem\u00e9ny<\/td><\/tr><tr><td>s\u00e1rgar\u00e9z<\/td><td>32 mm, f\u00fclezett<\/td><td>Magyar Nemzeti M\u00fazeum \u00c9remt\u00e1r. Lelt\u00e1ri sz\u00e1m: MNM.ET.C.Delhaes.1.617.<\/td><\/tr><tr><td>ez\u00fcst\u00f6z\u00f6tt bronz<\/td><td>32,3mm 12,69 gr f\u00fcl n\u00e9lk\u00fcl, h\u00e1tlapon ver\u0151t\u0151 reped\u00e9s<\/td><td>Nudelman 16. M\u00fcnz-Auktion 2018. j\u00fanius 9. T\u00e9vesen L\u00f6fkovits m\u0171v\u00e9nek \u00edrj\u00e1k. A darab szerepelt Gerhard Hirsch aukci\u00f3j\u00e1n (2011. m\u00e1jus 4.)<\/td><\/tr><tr><td>ez\u00fcst\u00f6z\u00f6tt r\u00e9z<\/td><td>32 mm, 12,28 gr f\u00fclezett<\/td><td>Valient Kft. 98. Gyors\u00e1rver\u00e9s 2018. november 11.<\/td><\/tr><tr><td>ez\u00fcst<\/td><td>f\u00fcllel, 14gr<\/td><td>Nagy J\u00f3zsef: <em>Debrecen \u00e9rmei<\/em>, lel\u0151hely: Magyar Nemzeti M\u00fazeum<\/td><\/tr><tr><td>ez\u00fcst<\/td><td>32 mm, 14,35gr ut\u00f3lagosan f\u00fclezett f\u00e9mjel n\u00e9lk\u00fcl<\/td><td>Magyar Nemzeti M\u00fazeum \u00c9remt\u00e1r. Lelt\u00e1ri sz\u00e1m: MNM.ET.C.Delhaes.1.616.<\/td><\/tr><tr><td>ez\u00fcst<\/td><td>32,3mm, 14,4gr az \u00e9remre mer\u0151leges f\u00fcllel jelz\u00e9s n\u00e9lk\u00fcl<\/td><td>Mag\u00e1ngy\u0171jtem\u00e9ny<\/td><\/tr><tr><td>ez\u00fcst<\/td><td>f\u00fcl n\u00e9lk\u00fcl<\/td><td>Nagy J\u00f3zsef: <em>Debrecen \u00e9rmei<\/em>, lel\u0151hely: Magyar Nemzeti M\u00fazeum<\/td><\/tr><tr><td>ez\u00fcst<\/td><td>32 mm, 12,33gr f\u00fcl n\u00e9lk\u00fcl, f\u00e9mjellel, n\u00e9vjellel<\/td><td>Magyar Nemzeti M\u00fazeum \u00c9remt\u00e1r. Lelt\u00e1ri sz\u00e1m: MNM.ET.C.1891.21.1.<\/td><\/tr><tr><td>ez\u00fcst<\/td><td>32,4mm 12,2gr f\u00fcl n\u00e9lk\u00fcl<\/td><td>Pannonia Terra V. Kamara\u00e1rver\u00e9s 2004.augusztus 28.<\/td><\/tr><tr><td>ez\u00fcst<\/td><td>32,5mm 13,9gr f\u00fcl nyomos<\/td><td>T\u00e1tra Gal\u00e9ria \u00c9rembolt 10. Numizmatika aukci\u00f3 2005. november 22. T\u00e9vesen L\u00f6fkovits m\u0171v\u00e9nek \u00edrj\u00e1k.<\/td><\/tr><tr><td>ez\u00fcst<\/td><td>m\u00e9ret n\u00e9lk\u00fcl,12,30 gr f\u00fcl n\u00e9lk\u00fcl<\/td><td>Numis Art Kft. 20. Numizmatikai Aukci\u00f3 2006. november 25-26. T\u00e9vesen L\u00f6fkovits m\u0171v\u00e9nek tartj\u00e1k.<\/td><\/tr><tr><td>ez\u00fcst<\/td><td>32,3 mm, 12,3gr f\u00fcl n\u00e9lk\u00fcl, f\u00e9mjellel, n\u00e9vjellel<\/td><td>Mag\u00e1ngy\u0171jtem\u00e9ny<\/td><\/tr><tr><td>arany, ez\u00fcst, bronz<\/td><td>m\u00e9ret \u00e9s t\u00f6meg n\u00e9lk\u00fcl<\/td><td>Dr. S\u0151regi J\u00e1nos: <em>A debreceni D\u00e9ri M\u00fazeum \u00c9vk\u00f6nyve 1935.<\/em><\/td><\/tr><tr><td>ez\u00fcst, aranyozott bronz, bronz<\/td><td>32,5mm<\/td><td>Dr. T\u00f6r\u00f6k P\u00e1l: <em>Magyarorsz\u00e1gi \u00e9rem-\u00e9s plakettm\u0171v\u00e9szet<\/em>.<\/td><\/tr><\/tbody><\/table><\/figure>\n\n\n\n<p>A t\u00e1bl\u00e1zatb\u00f3l l\u00e1that\u00f3, hogy bronzb\u00f3l \u00e9s ez\u00fcstb\u0151l k\u00e9sz\u00fclt, f\u00fclezett \u00e9s f\u00fcl n\u00e9lk\u00fcli p\u00e9ld\u00e1nyok ismertek, \u00e1tlagosan 32 mm-es \u00e1tm\u00e9r\u0151vel. A f\u00fcl n\u00e9lk\u00fcli \u00e9rmek egy r\u00e9sze n\u00e9vjelzett, f\u00e9mjelzett ez\u00fcst, melyek a be\u00fct\u00f6tt f\u00e9mjel \u00e9s n\u00e9vjel alapj\u00e1n B\u00e9csben k\u00e9sz\u00fcltek Joseph Christian Christelbauer m\u0171hely\u00e9ben. A f\u00fcl n\u00e9lk\u00fcli bronz\u00e9remnek ismert olyan v\u00e1ltozata is, ahol a h\u00e1tlapon csak Debrecen c\u00edmere l\u00e1that\u00f3 peremirat n\u00e9lk\u00fcl, mely a T\u00e1tra Gal\u00e9ria aukci\u00f3s katal\u00f3gusa szerint pr\u00f3baveretnek tekinthet\u0151.<\/p>\n\n\n\n<figure class=\"wp-block-image aligncenter size-large\"><img decoding=\"async\" loading=\"lazy\" width=\"949\" height=\"1024\" src=\"https:\/\/helyiertek.derimuzeum.hu\/wp-content\/uploads\/2026\/04\/image006-2-949x1024.jpg\" alt=\"\" class=\"wp-image-4700\"\/><figcaption class=\"wp-element-caption\">A debreceni l\u00e1togat\u00e1s alkalm\u00e1b\u00f3l k\u00e9sz\u00fclt \u00e9rem felirat n\u00e9lk\u00fcli h\u00e1tlapja. <br>A k\u00e9p forr\u00e1sa: mag\u00e1ngy\u0171jtem\u00e9ny<\/figcaption><\/figure>\n\n\n\n<p>A hirdet\u00e9sekben szerepl\u0151, <mark style=\"background-color:rgba(0, 0, 0, 0)\" class=\"has-inline-color has-black-color\">alum\u00edniumb\u00f3l k\u00e9sz\u00fclt \u00e9rem ezid\u00e1ig nem ker\u00fclt el\u0151<\/mark>.<\/p>\n\n\n\n<p><\/p>\n\n\n\n<p><mark style=\"background-color:rgba(0, 0, 0, 0)\" class=\"has-inline-color has-black-color\">Az \u00e9rem doboza, szalagja:<\/mark><\/p>\n\n\n\n<p>A korabeli napilapok nem sz\u00e1molnak be arr\u00f3l, hogy az \u00e9rmet milyen dobozban \u00e9s milyen szalaggal \u00e1rus\u00edtott\u00e1k. Egy 2023-as internetes aukci\u00f3n szerepelt a k\u00f6vetkez\u0151 k\u00e9pen l\u00e1that\u00f3 \u00e9remdoboz, melynek belsej\u00e9ben a k\u00f6vetkez\u0151 felirat olvashat\u00f3: L\u00d6FKOVITS ARTHUR \u00c9KSZER\u00c9SZ DEBRECZEN. Ennek a doboznak a f\u00e9szek\u00e1tm\u00e9r\u0151je 32 mm. A L\u00f6fkovitshoz k\u00f6thet\u0151 \u00e9rmek (I. Ferenc J\u00f3zsef debreceni l\u00e1togat\u00e1sa 1890, Debreczeni Kereskedelmi \u00e9s Ipakamara 1904, Csokonai Vit\u00e9z Mih\u00e1ly 1905) k\u00f6z\u00fcl az 1890-es l\u00e1togat\u00e1si \u00e9rem \u00e1tm\u00e9r\u0151je egyezik meg az \u00e9remdoboz f\u00e9szek\u00e1tm\u00e9r\u0151j\u00e9vel, ez\u00e9rt felt\u00e9telezem, hogy ehhez az \u00e9remhez tartozik.<\/p>\n\n\n\n<p>Szalagos \u00e9rmet egy darabot ismer\u00fcnk, mely a D\u00e9ri M\u00fazeumban tal\u00e1lhat\u00f3. H\u00e1romsz\u00f6g alak\u00fa szalag, piros-feh\u00e9r-z\u00f6ld, nemzeti sz\u00edn\u0171 cs\u00edkoz\u00e1ssal.<\/p>\n\n\n\n<figure class=\"wp-block-image aligncenter size-large\"><img decoding=\"async\" loading=\"lazy\" width=\"630\" height=\"1024\" src=\"https:\/\/helyiertek.derimuzeum.hu\/wp-content\/uploads\/2026\/04\/image007-2-630x1024.jpg\" alt=\"\" class=\"wp-image-4701\" srcset=\"https:\/\/helyiertek.derimuzeum.hu\/wp-content\/uploads\/2026\/04\/image007-2-630x1024.jpg 630w, https:\/\/helyiertek.derimuzeum.hu\/wp-content\/uploads\/2026\/04\/image007-2-480x781.jpg 480w\" sizes=\"(min-width: 0px) and (max-width: 480px) 480px, (min-width: 481px) 630px, 100vw\" \/><figcaption class=\"wp-element-caption\">A l\u00e1togat\u00e1si \u00e9rem felt\u00e9telezett doboz\u00e1nak k\u00e9pe. Le\u00edr\u00e1sa: piros b\u00e1rsony bor\u00edt\u00e1s\u00fa, fav\u00e1zas, egyenl\u0151 oldal\u00fa \u00e9remtok, zsan\u00e9ros nyit\u00e1s\u00fa fed\u00e9llel, csatos z\u00e1rral. Fedele feh\u00e9r selyem b\u00e9l\u00e9s\u00e9n arannyal nyomott L\u00d6FKOVITS ARTHUR \/ \u00c9KSZER\u00c9SZ \/ DEBRECZEN gy\u00e1rt\u00f3jelz\u00e9s. Az \u00e9remnek kialak\u00edtott f\u00e9szek piros b\u00e1rsony bor\u00edt\u00e1s\u00fa. A doboz m\u00e9rete: 66 x 66 mm. <br>A k\u00e9p forr\u00e1sa: <a href=\"http:\/\/www.vatera.hu\">www.vatera.hu<\/a> (2023. j\u00fanius 6-ai megtekint\u00e9s)<\/figcaption><\/figure>\n\n\n\n<p><\/p>\n\n\n\n<p>Sz\u00fcks\u00e9gesnek tartok megeml\u00edteni <mark style=\"background-color:rgba(0, 0, 0, 0)\" class=\"has-inline-color has-black-color\">egy t\u00e9vesen L\u00f6fkovitshoz k\u00f6t\u00f6tt 1890-es eml\u00e9k\u00e9rmet<\/mark>.<\/p>\n\n\n\n<p>2020 okt\u00f3ber\u00e9ben jelent meg Nov\u00e1k \u00c1d\u00e1m publik\u00e1ci\u00f3ja, melyben a bemutatott \u00e9rmet t\u00e9vesen L\u00f6fkovitsnak tulajdon\u00edtotta. A szerz\u0151t tal\u00e1n az t\u00e9veszthette meg, hogy ez az \u00e9rem is Ferenc J\u00f3zsef debreceni l\u00e1togat\u00e1s\u00e1nak \u00e1ll\u00edt eml\u00e9ket, b\u00e1r nem olvashat\u00f3 rajta L\u00f6fkovitsra utal\u00f3 jelz\u00e9s. A numizmatikai szakirodalomban Nagy J\u00f3zsef cikk\u00e9ben tal\u00e1lhatunk r\u00f3la le\u00edr\u00e1st, de \u0151 sem k\u00f6zli az \u00e9remm\u0171v\u00e9szt \u00e9s a gy\u00e1rt\u00f3t.<\/p>\n\n\n\n<p><\/p>\n\n\n\n<figure class=\"wp-block-image aligncenter size-large\"><img decoding=\"async\" loading=\"lazy\" width=\"1024\" height=\"512\" src=\"https:\/\/helyiertek.derimuzeum.hu\/wp-content\/uploads\/2026\/04\/image001-2-1024x512.jpg\" alt=\"\" class=\"wp-image-4702\" srcset=\"https:\/\/helyiertek.derimuzeum.hu\/wp-content\/uploads\/2026\/04\/image001-2-980x490.jpg 980w, https:\/\/helyiertek.derimuzeum.hu\/wp-content\/uploads\/2026\/04\/image001-2-480x240.jpg 480w\" sizes=\"(min-width: 0px) and (max-width: 480px) 480px, (min-width: 481px) and (max-width: 980px) 980px, (min-width: 981px) 1024px, 100vw\" \/><figcaption class=\"wp-element-caption\">Ismeretlen \u00e9remm\u0171v\u00e9sz I. Ferenc J\u00f3zsef debreceni l\u00e1togat\u00e1sa alkalm\u00e1b\u00f3l k\u00e9sz\u00edttetett bronz \u00e9rem. <br>A k\u00e9p forr\u00e1sa: D\u00e9ri M\u00fazeum. Ltsz.: Sz.1906.1195.<\/figcaption><\/figure>\n\n\n\n<p><mark style=\"background-color:rgba(0, 0, 0, 0)\" class=\"has-inline-color has-black-color\">Az \u00e9rem le\u00edr\u00e1sa:<\/mark><\/p>\n\n\n\n<p>El\u0151lap: kerek mez\u0151ben a kir\u00e1ly mellk\u00e9pe balra n\u00e9z\u0151, teljes arc\u00e9lben, husz\u00e1rt\u00e1bornoki ruh\u00e1ban, az aranygyapjas rend jelv\u00e9ny\u00e9vel. A mellk\u00e9p alatt k\u00e9t bab\u00e9r\u00e1gacska. K\u00f6rben e felirat: <mark style=\"background-color:rgba(0, 0, 0, 0)\" class=\"has-inline-color has-black-color\">EML\u00c9K \u00d6 FELS\u00c9GE L\u00c1TOGAT\u00c1S\u00c1RA SZABAD KIR\u00c1LYI DEBRECZEN V\u00c1ROS\u00c1BAN.<\/mark> Kett\u0151s vonalszeg\u00e9ly.<\/p>\n\n\n\n<p>H\u00e1tlap: Kerek mez\u0151ben Debrecen c\u00edmere, egyszer\u0171 pajzzsal, teljes nappal. Lenn f\u00e9lk\u00f6rben: <mark style=\"background-color:rgba(0, 0, 0, 0)\" class=\"has-inline-color has-black-color\">1890 SZEPTEMBER 12.-\u00c9N.<\/mark> Kett\u0151s vonalszeg\u00e9ly.<\/p>\n\n\n\n<p>&nbsp;Anyaga: bronz, \u00e1tm\u00e9r\u0151je 34 mm.<\/p>\n\n\n\n<p><\/p>\n\n\n\n<p class=\"has-text-align-center\">Ez\u00faton szeretn\u00e9m megk\u00f6sz\u00f6nni Ari Melind\u00e1nak, Dr. B\u00e1der M\u00e1ty\u00e1snak, Bul\u00e1tk\u00f3 J\u00e1nosnak, Elek Mikl\u00f3snak, Nagy \u00c9v\u00e1nak, Pallag M\u00e1rt\u00e1nak, Dr. Sallay Gergelynek \u00e9s V\u00e9ber Zolt\u00e1nnak a cikk meg\u00edr\u00e1s\u00e1ban ny\u00fajtott seg\u00edts\u00e9g\u00fcket.<\/p>\n\n\n\n<p><\/p>\n\n\n\n<hr class=\"wp-block-separator has-alpha-channel-opacity\"\/>\n\n\n\n<p><\/p>\n\n\n\n<p><a id=\"_ftn1\" href=\"#_ftnref1\">[1]<\/a> A cikkben szerepl\u0151 \u00e9letrajzi adatok a <a href=\"http:\/\/www.familysearch.org\">www.familysearch.org<\/a> internetes oldalr\u00f3l \u00e9s Leonard Forrer k\u00f6nyv\u00e9b\u0151l sz\u00e1rmaznak.<br><a id=\"_ftn2\" href=\"#_ftnref2\">[2]<\/a> A szakirodalmak sehol sem neves\u00edtik pontoson, hogy melyik volt ez az \u00e9kszer\u00fczlet.<br><a id=\"_ftn3\" href=\"#_ftnref3\">[3]<\/a> E-mailben megkerestem a m\u00fazeum t\u00f6bb alkalmazottj\u00e1t is, hogy kider\u00edtsem, n\u00e1luk van-e az aranyb\u00f3l k\u00e9sz\u00fclt p\u00e9ld\u00e1ny, de v\u00e1laszt a megkeres\u00e9semre nem kaptam.\u00a0<br><a id=\"_ftn4\" href=\"#_ftnref4\">[4]<\/a> A brili\u00e1ns kifejez\u00e9s nem egy \u00e1sv\u00e1nyt, hanem csiszol\u00e1si form\u00e1t jelent. Pl. brili\u00e1ns csiszol\u00e1s\u00fa gy\u00e9m\u00e1nt.<br><a id=\"_ftn5\" href=\"#_ftnref5\">[5]<\/a> Dr. S\u0151regi J\u00e1nos (1892\u20131982) muzeol\u00f3gus, r\u00e9g\u00e9sz, 1936\u20131950 k\u00f6z\u00f6tt a D\u00e9ri M\u00fazeum igazgat\u00f3ja.<br><a id=\"_ftn6\" href=\"#_ftnref6\">[6]<\/a> M\u00e9rete alapj\u00e1n ez a darab azonos a Nagy J\u00f3zsef cikk\u00e9ben szerepl\u0151 p\u00e9ld\u00e1nnyal.<br><a id=\"_ftn7\" href=\"#_ftnref7\">[7]<\/a> Az \u00e1rver\u00e9si katal\u00f3gusban pr\u00f3baveretnek \u00edrj\u00e1k a p\u00e9ld\u00e1nyt. Az \u00e9rem h\u00e1tlapj\u00e1n csak Debrecen v\u00e1ros c\u00edmere l\u00e1that\u00f3 k\u00f6rirat n\u00e9lk\u00fcl, mint a XX. k\u00e9pen.\u00a0<\/p>\n\n\n\n<p><\/p>\n\n\n\n<hr class=\"wp-block-separator has-alpha-channel-opacity\"\/>\n\n\n\n<p><\/p>\n\n\n\n<p><mark style=\"background-color:rgba(0, 0, 0, 0)\" class=\"has-inline-color has-black-color\">Felhaszn\u00e1lt irodalom:<\/mark><\/p>\n\n\n\n<ul>\n<li><em>Bereg<\/em>. 1890. okt\u00f3ber 19.<\/li>\n\n\n\n<li><em>Budapesti H\u00edrlap<\/em>. 1911. j\u00falius 12.<\/li>\n\n\n\n<li><em>Debreczen-Nagyv\u00e1radi \u00c9rtes\u00edt\u0151<\/em>. 48. \u00e9vfolyam 28\u201341. lapsz\u00e1mok (1890. j\u00falius 13.\u20131890.okt\u00f3ber 5.)<\/li>\n\n\n\n<li>Jan Divis: <em>Markenzeichen auf Silber<\/em>. Praha, 1978.<\/li>\n\n\n\n<li>Kov\u00e1cs Ferenc: <a href=\"https:\/\/kituntetes.webnode.hu\/erdekessegek\/ferenc-jozsef-debreceni-latogatasa\/\">Ferenc J\u00f3zsef debreceni l\u00e1togat\u00e1sa 1890. szeptember 12-\u00e9n<\/a>. (let\u00f6ltve: 2023. szeptember 14-\u00e9n)<\/li>\n\n\n\n<li><em>K\u00f6zponti \u00c9rtes\u00edt\u0151<\/em>. 1891. \u00e1prilis 12. XVI. \u00e9vfolyam 30. sz\u00e1m<\/li>\n\n\n\n<li>Leonard Forrer: <em>Biographical Dictionary of Medallists.<\/em>Volume I. London, 1904.<\/li>\n\n\n\n<li>Mez\u0151 Szilveszter: L\u00f6fkovits Arthur \u201eharmadik gyermeke\u201d. Debreczen Szabad Kir\u00e1lyi V\u00e1ros M\u00fazeuma egykor volt term\u00e9szeti t\u00e1rgyai. <em>A debreceni D\u00e9ri M\u00fazeum \u00c9vk\u00f6nyve 2022<\/em>. Debrecen, 2023.<\/li>\n\n\n\n<li>Nagy J\u00f3zsef: Debrecen \u00e9rmei. <em>Numizmatikai K\u00f6zl\u00f6ny<\/em>. Budapest, 1914.<\/li>\n\n\n\n<li>Neuwirth Walthraud: <em>Lexikon Wiener Gold- und Silberschmiede und ihre Punzen 1867\u20131922<\/em>. Wien, 1976.<\/li>\n\n\n\n<li>Nov\u00e1k \u00c1d\u00e1m: <a href=\"https:\/\/www.derimuzeum.hu\/muzeumiblog.php?id=9\">A h\u00f3nap \u00e9rme 2020 okt\u00f3ber. <\/a>(let\u00f6ltve: 2023. szeptember 14-\u00e9n)<\/li>\n\n\n\n<li><em>Ny\u00edrvid\u00e9k<\/em>. 1890. okt\u00f3ber 19.<\/li>\n\n\n\n<li><em>P\u00e9csi Figyel\u0151<\/em>. 1898.augusztus 25.<\/li>\n\n\n\n<li><em>Pesti Napl\u00f3<\/em>. 1890. augusztus 29.<\/li>\n\n\n\n<li><em>Pesti Napl\u00f3<\/em>. 1890. okt\u00f3ber 17.<\/li>\n\n\n\n<li>So\u00f3s Ferenc: <em>Magyar Numizmatikusok Pantheonja<\/em>. Budapest, 2010.<\/li>\n\n\n\n<li>Dr. S\u0151regi J\u00e1nos: <em>A debreceni D\u00e9ri M\u00fazeum \u00c9vk\u00f6nyve 1935<\/em>. Debrecen, 1936.<\/li>\n\n\n\n<li>Szerz\u0151 n\u00e9lk\u00fcl: L\u00f6fkovits Arthur. <em>Magyar \u00c9kszeripar<\/em>, 1911. j\u00falius 15. (2.) 1.<\/li>\n\n\n\n<li>Szerz\u0151 n\u00e9lk\u00fcl:<em> F\u00e9mjelz\u00e9si el\u0151\u00edr\u00e1saink<\/em>. Budapest, 1979.<\/li>\n<\/ul>\n","protected":false},"excerpt":{"rendered":"<p>Szerz\u0151: Szekeres Bal\u00e1zs<br \/>\nN\u00e9h\u00e1ny \u00e9ve olvastam az interneten Kov\u00e1cs Ferenc \u201eFerenc J\u00f3zsef debreceni l\u00e1togat\u00e1sa 1890. szeptember 12-\u00e9n\u201d c\u00edm\u0171 cikk\u00e9t, melyben azt \u00edrta, hogy L\u00f6fkovits Art\u00far debreceni \u00f3r\u00e1s \u00e9s \u00e9kszer\u00e9sz \u201eeml\u00e9k\u00e9rmet k\u00e9sz\u00edtett az uralkod\u00f3 l\u00e1togat\u00e1sa alkalm\u00e1b\u00f3l.\u201d A cikkben L\u00f6fkovits egyik, numizmatikai szakirodalom publik\u00e1latlan \u00fajs\u00e1ghirdet\u00e9se is szerepel, mely arr\u00f3l tud\u00f3s\u00edt, hogy a kir\u00e1ly debreceni l\u00e1togat\u00e1sa alkalm\u00e1b\u00f3l k\u00e9sz\u00edtett eml\u00e9k\u00e9rmek kaphat\u00f3k L\u00f6fkovits Arthur \u00e9s T\u00e1rsa \u00f3ra \u00e9s \u00e9kszer\u00fczlet\u00e9ben a f\u0151t\u00e9ren \u00e9s az el\u00e1rus\u00edt\u00f3kn\u00e1l.<\/p>\n","protected":false},"author":5,"featured_media":4697,"comment_status":"open","ping_status":"closed","sticky":false,"template":"","format":"standard","meta":{"_et_pb_use_builder":"off","_et_pb_old_content":"","_et_gb_content_width":""},"categories":[41,39,33],"tags":[147,95,316,70,317,276,68],"_links":{"self":[{"href":"https:\/\/helyiertek.derimuzeum.hu\/index.php?rest_route=\/wp\/v2\/posts\/4621"}],"collection":[{"href":"https:\/\/helyiertek.derimuzeum.hu\/index.php?rest_route=\/wp\/v2\/posts"}],"about":[{"href":"https:\/\/helyiertek.derimuzeum.hu\/index.php?rest_route=\/wp\/v2\/types\/post"}],"author":[{"embeddable":true,"href":"https:\/\/helyiertek.derimuzeum.hu\/index.php?rest_route=\/wp\/v2\/users\/5"}],"replies":[{"embeddable":true,"href":"https:\/\/helyiertek.derimuzeum.hu\/index.php?rest_route=%2Fwp%2Fv2%2Fcomments&post=4621"}],"version-history":[{"count":11,"href":"https:\/\/helyiertek.derimuzeum.hu\/index.php?rest_route=\/wp\/v2\/posts\/4621\/revisions"}],"predecessor-version":[{"id":4716,"href":"https:\/\/helyiertek.derimuzeum.hu\/index.php?rest_route=\/wp\/v2\/posts\/4621\/revisions\/4716"}],"wp:featuredmedia":[{"embeddable":true,"href":"https:\/\/helyiertek.derimuzeum.hu\/index.php?rest_route=\/wp\/v2\/media\/4697"}],"wp:attachment":[{"href":"https:\/\/helyiertek.derimuzeum.hu\/index.php?rest_route=%2Fwp%2Fv2%2Fmedia&parent=4621"}],"wp:term":[{"taxonomy":"category","embeddable":true,"href":"https:\/\/helyiertek.derimuzeum.hu\/index.php?rest_route=%2Fwp%2Fv2%2Fcategories&post=4621"},{"taxonomy":"post_tag","embeddable":true,"href":"https:\/\/helyiertek.derimuzeum.hu\/index.php?rest_route=%2Fwp%2Fv2%2Ftags&post=4621"}],"curies":[{"name":"wp","href":"https:\/\/api.w.org\/{rel}","templated":true}]}}