{"id":4576,"date":"2026-01-26T15:40:52","date_gmt":"2026-01-26T14:40:52","guid":{"rendered":"https:\/\/helyiertek.derimuzeum.hu\/?p=4576"},"modified":"2026-01-26T15:40:53","modified_gmt":"2026-01-26T14:40:53","slug":"a-haz-es-geniusza","status":"publish","type":"post","link":"https:\/\/helyiertek.derimuzeum.hu\/?p=4576","title":{"rendered":"A H\u00c1Z \u00c9S G\u00c9NIUSZA"},"content":{"rendered":"\n<p>Szerz\u0151: Kiss Tam\u00e1s<\/p>\n\n\n\n<p>(Az \u00edr\u00e1s eredeti megjelen\u00e9si helye: <em>Hajd\u00fa-Bihari Napl\u00f3<\/em>, 1991. augusztus 10.)<\/p>\n\n\n\n<p><\/p>\n\n\n\n<figure class=\"wp-block-image aligncenter size-large\"><img decoding=\"async\" loading=\"lazy\" width=\"661\" height=\"1024\" src=\"https:\/\/helyiertek.derimuzeum.hu\/wp-content\/uploads\/2026\/01\/image003-1-661x1024.jpg\" alt=\"\" class=\"wp-image-4579\" srcset=\"https:\/\/helyiertek.derimuzeum.hu\/wp-content\/uploads\/2026\/01\/image003-1-661x1024.jpg 661w, https:\/\/helyiertek.derimuzeum.hu\/wp-content\/uploads\/2026\/01\/image003-1-480x744.jpg 480w\" sizes=\"(min-width: 0px) and (max-width: 480px) 480px, (min-width: 481px) 661px, 100vw\" \/><figcaption class=\"wp-element-caption\">Forr\u00e1s: <a href=\"https:\/\/adt.arcanum.com\/hu\/discover\/\">Arcanum<\/a><\/figcaption><\/figure>\n\n\n\n<p><\/p>\n\n\n\n<p class=\"has-text-align-center\"><em>Kiss Tam\u00e1s k\u00f6lt\u0151nek a lebontott K\u00f6lcsey-h\u00e1zr\u00f3l sz\u00f3l\u00f3 \u00edr\u00e1s\u00e1t a Magyar Kult\u00fara Napja alkalm\u00e1b\u00f3l k\u00f6z\u00f6lj\u00fck \u00fajra, saj\u00e1t f\u00e9nyk\u00e9peivel.<\/em><\/p>\n\n\n\n<p><\/p>\n\n\n\n<p>Mag\u00e1nyomban gyakorta felkeresnek<em> nemes sz\u00e1nd\u00e9k\u00fa v\u00e1rosv\u00e9d\u0151k \u00e9s m\u0171eml\u00e9k\u00e1pol\u00f3k<\/em>. Egykori cikkeim birtok\u00e1ban kopognak be hozz\u00e1m, amiket m\u00e9g az \u201950-es, \u201960-as \u00e9vekben a <em>N\u00e9plap<\/em>ban, <em>Napl\u00f3<\/em>ban jelentettem meg.<\/p>\n\n\n\n<blockquote class=\"wp-block-quote\">\n<p>\u00c9rdekli \u0151ket <strong>a nagy bont\u00e1s el\u0151tti Debrecen, az elt\u00fcntetett utcavonalak, a let\u00f6r\u00f6lt belv\u00e1rosi h\u00e1zak k\u00e9pe<\/strong>. J\u00f3r\u00e9szt fiatalok, akik m\u00e1r nem is l\u00e1tt\u00e1k a Haj\u00f3, a Bundi, a G\u00f6nczi utc\u00e1kat, amelyek akkoriban egy-egy tollvon\u00e1ssal t\u0171ntek el a f\u00f6ld sz\u00edn\u00e9r\u0151l \u2013 nyomvonalaikkal egy\u00fctt. Hogy milyen fontos is a nyomvonal, nemr\u00e9g gy\u0151z\u0151dtem meg r\u00f3la. H\u00e1rom k\u00f6z\u00e9pkor\u00fa asszony \u00e1llt a Csemete utc\u00e1n egy panelh\u00e1z t\u00f6v\u00e9ben. Vid\u00e9kiek lehettek, tan\u00e1cstalanok. Megk\u00e9rdeztem t\u0151l\u00fck, mit keresnek. A G\u00f6rbe utc\u00e1t \u2013 v\u00e1laszolt\u00e1k. \u00c9n zavaromban csak annyit mondtam, j\u00f3 helyen \u00e1llnak: itt volt a G\u00f6rbe utca eleje. \u2013 Tudom \u2013 sz\u00f3lt az egyik asszony \u2013, hisz\u2019 itt sz\u00fclettem, itt gyerekeskedtem. No h\u00e1t most m\u00e1r l\u00e1tj\u00e1k, nemcsak sz\u00fcl\u0151h\u00e1z, de G\u00f6rbe utca sincs.<\/p>\n<\/blockquote>\n\n\n\n<p><strong>A debreceni \u201ev\u00e1rosrendez\u00e9sben\u201d nemr\u00e9giben ez volt a sikk, hogy a r\u00e9gi, hangulatos belv\u00e1rosi kis utc\u00e1k, utcanevek, h\u00e1zak miel\u0151bb elt\u0171njenek. Ez\u00e1ltal egy \u0151si v\u00e1rosmag elvesz\u00edtse identit\u00e1s\u00e1t. <\/strong>Most ifj\u00fa \u00e9s v\u00e1rosszeret\u0151 m\u0171eml\u00e9kv\u00e9d\u0151ink ilyesmik ut\u00e1n kutatnak, hogy az elt\u0171nteket legal\u00e1bb valamik\u00e9ppen eml\u00e9kjelekkel jel\u00f6lj\u00e9k. <mark style=\"background-color:rgba(0, 0, 0, 0)\" class=\"has-inline-color has-black-color\">\u00c9rdekl\u0151d\u00e9s\u00fck forr\u00f3pontja most \u00e9ppen az 1973-ban eladott \u00e9s Kab\u00e1ra elhordott K\u00f6lcsey-h\u00e1z.<\/mark><\/p>\n\n\n\n<p>Mint magam is v\u00e1rosf\u00e9lt\u0151 polg\u00e1r, priv\u00e1t ind\u00edttat\u00e1ssal, <mark style=\"background-color:rgba(0, 0, 0, 0)\" class=\"has-inline-color has-black-color\">kis fot\u00f3kamer\u00e1mmal j\u00e1rtam egykor a v\u00e1rost<\/mark>, rosszat sejtve, m\u00e9g a nagy bont\u00e1sok el\u0151tt, \u00edgy a K\u00f6lcsey-h\u00e1zr\u00f3l is van n\u00e9h\u00e1ny felv\u00e9telem: a bont\u00e1s el\u0151ttr\u0151l, a bont\u00e1s alattr\u00f3l \u00e9s arr\u00f3l, mikor m\u00e1r a fundamentumot cs\u00e1k\u00e1nyozza a der\u00e9k kucsm\u00e1s f\u00f6ldm\u00edves, hogy sert\u00e9s\u00f3lat \u00e9p\u00edtsen bel\u0151le. Ez ut\u00f3bbi \u201ecs\u00e1k\u00e1nyos\u201d k\u00e9pr\u0151l egy\u00e9bk\u00e9nt az is bem\u00e9rhet\u0151, hogy hol \u00e1llott a h\u00e1z, \u00e9s melyik szob\u00e1j\u00e1ba \u00e1ll\u00edtott\u00e1k be a szobrot. <\/p>\n\n\n\n<figure class=\"wp-block-gallery aligncenter has-nested-images columns-default is-cropped wp-block-gallery-1 is-layout-flex\">\n<figure class=\"wp-block-image size-large\"><img decoding=\"async\" loading=\"lazy\" width=\"1024\" height=\"678\" data-id=\"4585\"  src=\"https:\/\/helyiertek.derimuzeum.hu\/wp-content\/uploads\/2026\/01\/image005-1-1024x678.jpg\" alt=\"\" class=\"wp-image-4585\" srcset=\"https:\/\/helyiertek.derimuzeum.hu\/wp-content\/uploads\/2026\/01\/image005-1-980x649.jpg 980w, https:\/\/helyiertek.derimuzeum.hu\/wp-content\/uploads\/2026\/01\/image005-1-480x318.jpg 480w\" sizes=\"(min-width: 0px) and (max-width: 480px) 480px, (min-width: 481px) and (max-width: 980px) 980px, (min-width: 981px) 1024px, 100vw\" \/><\/figure>\n\n\n\n<figure class=\"wp-block-image size-large\"><img decoding=\"async\" loading=\"lazy\" width=\"1024\" height=\"803\" data-id=\"4586\"  src=\"https:\/\/helyiertek.derimuzeum.hu\/wp-content\/uploads\/2026\/01\/image006-1-1024x803.jpg\" alt=\"\" class=\"wp-image-4586\" srcset=\"https:\/\/helyiertek.derimuzeum.hu\/wp-content\/uploads\/2026\/01\/image006-1-1024x803.jpg 1024w, https:\/\/helyiertek.derimuzeum.hu\/wp-content\/uploads\/2026\/01\/image006-1-980x768.jpg 980w, https:\/\/helyiertek.derimuzeum.hu\/wp-content\/uploads\/2026\/01\/image006-1-480x376.jpg 480w\" sizes=\"(min-width: 0px) and (max-width: 480px) 480px, (min-width: 481px) and (max-width: 980px) 980px, (min-width: 981px) 1024px, 100vw\" \/><\/figure>\n<figcaption class=\"blocks-gallery-caption wp-element-caption\">A K\u00f6lcsey-h\u00e1z bont\u00e1s el\u0151tt<br>Forr\u00e1s: csal\u00e1di arch\u00edvum <\/figcaption><\/figure>\n\n\n\n<p><\/p>\n\n\n\n<figure class=\"wp-block-gallery aligncenter has-nested-images columns-default is-cropped wp-block-gallery-3 is-layout-flex\">\n<figure class=\"wp-block-image size-large\"><img decoding=\"async\" loading=\"lazy\" width=\"769\" height=\"1024\" data-id=\"4587\"  src=\"https:\/\/helyiertek.derimuzeum.hu\/wp-content\/uploads\/2026\/01\/image004-1-769x1024.jpg\" alt=\"\" class=\"wp-image-4587\" srcset=\"https:\/\/helyiertek.derimuzeum.hu\/wp-content\/uploads\/2026\/01\/image004-1-769x1024.jpg 769w, https:\/\/helyiertek.derimuzeum.hu\/wp-content\/uploads\/2026\/01\/image004-1-480x639.jpg 480w\" sizes=\"(min-width: 0px) and (max-width: 480px) 480px, (min-width: 481px) 769px, 100vw\" \/><\/figure>\n\n\n\n<figure class=\"wp-block-image size-large\"><img decoding=\"async\" loading=\"lazy\" width=\"1024\" height=\"816\" data-id=\"4588\"  src=\"https:\/\/helyiertek.derimuzeum.hu\/wp-content\/uploads\/2026\/01\/image001-2-1024x816.jpg\" alt=\"\" class=\"wp-image-4588\" srcset=\"https:\/\/helyiertek.derimuzeum.hu\/wp-content\/uploads\/2026\/01\/image001-2-1024x816.jpg 1024w, https:\/\/helyiertek.derimuzeum.hu\/wp-content\/uploads\/2026\/01\/image001-2-980x781.jpg 980w, https:\/\/helyiertek.derimuzeum.hu\/wp-content\/uploads\/2026\/01\/image001-2-480x383.jpg 480w\" sizes=\"(min-width: 0px) and (max-width: 480px) 480px, (min-width: 481px) and (max-width: 980px) 980px, (min-width: 981px) 1024px, 100vw\" \/><\/figure>\n<figcaption class=\"blocks-gallery-caption wp-element-caption\">A K\u00f6lcsey-h\u00e1z bont\u00e1sakor<br>Forr\u00e1s: csal\u00e1di arch\u00edvum<\/figcaption><\/figure>\n\n\n\n<p><\/p>\n\n\n\n<p>Mert nem a \u201ek\u00f6zel\u00e9be\u201d ker\u00fclt, mint ahogy azt az illet\u00e9kes v\u00e1rosvezet\u0151 egy, a r\u00e1di\u00f3nak adott nyilatkozat\u00e1ban \u00e1ll\u00edtotta, \u00e9s magn\u00f3szalag \u0151rzi. Szepesi Gy\u00f6rgy akkor azt k\u00e9rdezte t\u0151le, hogy \u201ea v\u00e1ros vezet\u0151i nem gondoltak-e arra, hogy egy m\u0171eml\u00e9kv\u00e9d\u0151 bizotts\u00e1got hozzanak l\u00e9tre\u201d? A v\u00e1rosvezet\u0151 erre \u00edgy v\u00e1laszolt: \u201eIlyen bizotts\u00e1g dolgozik. Sok javaslat\u00e1t elfogadtuk. Nem titkolom, hogy vannak k\u00e9rd\u00e9sek, amikben m\u00e1sk\u00e9pp d\u00f6nt\u00f6tt\u00fcnk, mint ahogy ezt a bizotts\u00e1g tagjai elk\u00e9pzelt\u00e9k. Az irodalmi eml\u00e9khelyekr\u0151l sz\u00f3lva ismerem a K\u00f6lcsey-h\u00e1zzal kapcsolatos eml\u00e9kezetes vit\u00e1t. \u00c9n azt hiszem, hogy ezt a vit\u00e1t a v\u00e1rosrendez\u00e9s m\u00e1r eld\u00f6nt\u00f6tte. Nem hiszem, hogy a Lenin-szobor k\u00f6zel\u00e9ben ez a kis h\u00e1zacska ott maradhatott volna.\u201d Korrig\u00e1lni kell teh\u00e1t a v\u00e1rosvezet\u0151t: <strong>a K\u00f6lcsey-h\u00e1z \u00fatba esett. A szobor bele\u00e9p\u00fclt.<\/strong><\/p>\n\n\n\n<p><em>A v\u00e1rosf\u00e9lt\u0151k minden lehet\u0151t megtettek a K\u00f6lcsey-k\u00faria megment\u00e9s\u00e9\u00e9rt<\/em>. <mark style=\"background-color:rgba(0, 0, 0, 0)\" class=\"has-inline-color has-black-color\">Szab\u00f3 Magda cikket \u00edrt f\u0151v\u00e1rosi lapba. Mas\u00edts L\u00e1szl\u00f3 \u2013 akkor m\u00e9g a D\u00e9ri M\u00fazeum szolg\u00e1lat\u00e1ban \u2013 Illy\u00e9s Gyul\u00e1t k\u00e9rte lev\u00e9lben, hogy j\u00e1rjon k\u00f6zbe Budapesten a legf\u0151bb illet\u00e9kesekn\u00e9l az \u00e9p\u00fclet megment\u00e9se \u00e9rdek\u00e9ben.<\/mark> Illy\u00e9s v\u00e1lasza meglep\u0151 volt: \u201eSajnos, nekem sincs m\u00f3domban \u00bbmegtiltani\u00ab r\u00e9gi nagy k\u00f6lt\u0151ink h\u00e1z\u00e1nak lebont\u00e1s\u00e1t.\u201d Az itteni illet\u00e9kesek r\u00e9sz\u00e9r\u0151l m\u00e9lys\u00e9ges volt a hallgat\u00e1s. A lakoss\u00e1g elk\u00e9pzelni se tudta, hogy mire val\u00f3 ez a bont\u00e1s, de az folyt h\u00e1bor\u00edtatlanul. A D\u00e9ri M\u00fazeum akkori igazgat\u00f3ja \u2013 aki bizalmas j\u00f3 viszonyban volt a szomsz\u00e9d feh\u00e9r h\u00e1z illet\u00e9keseivel \u2013 igen megdorg\u00e1lta az eml\u00edtett m\u0171v\u00e9szett\u00f6rt\u00e9n\u00e9sz urat, hogy a m\u00fazeum sz\u00e1m\u00e1ra kimentett n\u00e9h\u00e1ny eredeti kallanty\u00fas ablakot. <strong>Mintha meg lett volna parancsolva, hogy egy ablakkeret se maradjon, amin a k\u00f6lt\u0151 az anyaiskol\u00e1ra, a Koll\u00e9giumra l\u00e1tott.<\/strong><\/p>\n\n\n\n<p>Az \u00e9n v\u00e1rosv\u00e9d\u0151 embereim arra is k\u00e9rtek, hogy <em>adjak majd egy interj\u00fat err\u0151l a r\u00e9gi kis k\u00fari\u00e1r\u00f3l valamilyen \u00e9rt\u00e9kment\u0151 \u00fajs\u00e1gnak<\/em>. Nos, ennek a k\u00e9r\u00e9snek itt szeretn\u00e9k eleget tenni, csak m\u00e9g egy kev\u00e9s kieg\u00e9sz\u00edt\u00e9ssel. <\/p>\n\n\n\n<figure class=\"wp-block-pullquote\"><blockquote><p>Az egykori n\u00e1dtet\u0151s polg\u00e1rh\u00e1zat a k\u00f6lt\u0151 apai nagyb\u00e1tyja, K\u00f6lcsey S\u00e1muel v\u00e1s\u00e1rolta a K\u00f6lcsey fi\u00fak di\u00e1ksz\u00e1ll\u00e1s\u00e1ul. A tehet\u0151sebb nemesek gyermekei j\u00f3r\u00e9szt nem voltak a Koll\u00e9gium bentlak\u00f3i. Hogy n\u00e1das volt a h\u00e1z, az Debrecenben eg\u00e9szen term\u00e9szetes volt, s\u0151t, a \u201ek\u0151tetej\u0171\u201d polg\u00e1rh\u00e1z volt igen ritka. 1801-t\u0151l t\u00edz \u00e9ven \u00e1t lakott benne az ifj\u00fa Ferenc, teh\u00e1t huszadik \u00e9ves kor\u00e1ig, amikor azt\u00e1n jog\u00e1szk\u00e9nt Pestre k\u00f6lt\u00f6z\u00f6tt. Annyit tudunk r\u00f3la, hogy kicsiny, m\u00e1sf\u00e9l n\u00e9gyzetm\u00e9teres szob\u00e1ban lakott mag\u00e1nyosan. Az\u00f3ta szinte nincs is a h\u00e1znak \u00e9vsz\u00e1zadon \u00e1t \u201et\u00f6rt\u00e9nete\u201d. Polg\u00e1rok lakt\u00e1k, bizony\u00e1ra alak\u00edtgatt\u00e1k, tatarozt\u00e1k. A jelen sz\u00e1zad harmincas \u00e9veiben \u2013 az \u00e9n di\u00e1kkoromban \u2013 egy Weinberger L\u00e1szl\u00f3 nev\u0171 v\u00edzvezet\u00e9k-szerel\u0151 m\u0171helye volt a F\u00fcv\u00e9szkert utcai fel\u00e9ben. A h\u00e1z oromzat\u00e1n, teljes sz\u00e9less\u00e9gben \u00f3ri\u00e1sra m\u00e1zolt bet\u0171k hirdett\u00e9k a h\u00e1zi\u00far foglalkoz\u00e1s\u00e1t, a H\u00fcvelyes utcai r\u00e9szen pedig nagy \u00e1br\u00e1k szeml\u00e9ltett\u00e9k munk\u00e1ja k\u00e9sz\u00edtm\u00e9nyeit, a kerekeskutat, f\u00fcrd\u0151k\u00e1dat, fali v\u00edzcsapot s eff\u00e9l\u00e9ket. Egysz\u00f3val a falak nem \u0151rizt\u00e9k egy nagy k\u00f6lt\u0151 eml\u00e9k\u00e9t sem. Gondatlans\u00e1gb\u00f3l? Nem, egyszer\u0171en nem is tudtak a h\u00e1z m\u00faltj\u00e1r\u00f3l. <em>Debrecenben sok\u00e1ig nem az Erd\u0151 vir\u00e1gillata lengedezett, hanem a szalonnaszag. <\/em>A sz\u00e1zadfordul\u00f3n azonban a megalakult Csokonai-k\u00f6r felfigyelt az irodalmi nyomokra \u00e9s keresni kezdett. <mark style=\"background-color:rgba(0, 0, 0, 0)\" class=\"has-inline-color has-black-color\">Zoltai Lajos h\u00edrlap\u00edr\u00f3, majd m\u00fazeum\u0151r gondos kutat\u00f3munk\u00e1j\u00e1nak eredm\u00e9nye az, hogy a polg\u00e1rh\u00e1zb\u00f3l irodalmi m\u0171eml\u00e9k lett. <\/mark>Ekkor meszelt\u00e9k le a c\u00e9gjelz\u00e9seket, \u00e9s helyezt\u00e9k el rajta az eml\u00e9kt\u00e1bl\u00e1t is.<\/p><\/blockquote><\/figure>\n\n\n\n<p>Alig is t\u00f6rt\u00e9nt t\u00f6bb. Kis j\u00e1tsz\u00f3t\u00e9r alakult el\u0151tte hint\u00e1kkal. Gyerekek j\u00e1tszadoztak az \u00e1rnyas f\u00e1k alatt. De ett\u0151l kezdve tudt\u00e1k az emberek, hogy ez K\u00f6lcsey h\u00e1za volt. <em>Mikor a hetvenes \u00e9vekben felvet\u0151d\u00f6tt az irodalmi m\u00fazeum gondolata, \u00e9n erre a h\u00e1zra gondoltam, \u00e1tj\u00e1rtam helyis\u00e9geit, szob\u00e1it, pinc\u00e9j\u00e9t, s meglep\u0151en sz\u00e1raznak, sal\u00e9trommentesnek, \u00e9s j\u00f3l meg\u00e9p\u00edtett, er\u0151s falazat\u00fanak tal\u00e1ltam. Alkalmasnak ak\u00e1r eredeti k\u00e9ziratok t\u00e1rol\u00e1s\u00e1ra is.<\/em> A bizotts\u00e1gban k\u00fcl\u00f6nb\u00f6z\u0151k voltak a v\u00e9lem\u00e9nyek. \u00c9n kitartottam mellette. Meg akartam menteni. Akkor m\u00e1r \u00e9reztem a \u201eszellemet\u201d, a vesz\u00e9lyt, a fenyeget\u0151 \u201ev\u00e1rosrendez\u00e9st\u201d. Az <em>Alf\u00f6ld<\/em> foly\u00f3iratban k\u00f6zreadtam m\u00e9g 1963-ban egy cikket <em>A mi K\u00f6lcseynk<\/em> c\u00edmen. A tan\u00e1cseln\u00f6k ezt olvasta. S\u0151t, v\u00e1laszolt is r\u00e1. Az <em>Alf\u00f6ld<\/em> ezt a v\u00e1laszt is k\u00f6z\u00f6lte: <mark style=\"background-color:rgba(0, 0, 0, 0)\" class=\"has-inline-color has-black-color\">Nem bontj\u00e1k le a K\u00f6lcsey-h\u00e1zat. Sajnos, ez az \u00edg\u00e9ret csak sz\u00e9p sz\u00f3 volt.<\/mark> Olyan h\u00fazd meg, ereszd meg. Id\u0151h\u00faz\u00e1s. <strong>A t\u00e1vlati terv cs\u00e1k\u00e1nyai, bont\u00f3 szersz\u00e1mai m\u00e1r csak a jelre v\u00e1rtak. T\u00edz \u00e9v m\u00falva csak azok a t\u00e9gl\u00e1k maradtak meg bel\u0151le, amiket az irodalomhoz h\u0171 lelkek kab\u00e1tjaik alatt kiloptak.<\/strong> Mert k\u00e9mlel\u0151 szemek erre is figyeltek.<\/p>\n\n\n\n<p>A cs\u00e1k\u00e1nyhangokra \u00edrtam azt a verset, ami bej\u00e1rta a magyar sajt\u00f3t. De m\u00e1r k\u00e9s\u0151 volt. Egyszer B\u00e1n Imre professzor \u00farral tal\u00e1lkoztam a bont\u00e1sn\u00e1l. Megsz\u00f3l\u00edtottam, arc\u00e1ba n\u00e9ztem: k\u00f6nnyek voltak a szem\u00e9ben, mint valami nagy temet\u00e9sen.<\/p>\n\n\n\n<p>A v\u00e1rossz\u00e9p\u00edt\u0151knek most az a gondjuk, hogy: nincs h\u00e1z, nincs szobor \u2013 mi legyen a hely\u00e9n? \u00daj \u00f6nkorm\u00e1nyzatunknak pozit\u00edv, biztat\u00f3 a szava. Sokan \u00e9p\u00edt\u00e9szt, szobr\u00e1szt keresnek. Nagyon helyesen. \u00c1m \u00fagy gondolom, hogy ez nem puszt\u00e1n \u00e9p\u00edt\u00e9szeti k\u00e9rd\u00e9s. \u00daj h\u00e1zat \u00e9p\u00edteni t\u00falz\u00e1s lenne, szobor is van a m\u0171vel\u0151d\u00e9si h\u00e1z bej\u00e1rat\u00e1n\u00e1l. <\/p>\n\n\n\n<blockquote class=\"wp-block-quote\">\n<p>Itt a k\u00f6lt\u0151 g\u00e9niusz\u00e1t kell tal\u00e1l\u00f3an, egyszer\u0171en, m\u0171v\u00e9szien megfogalmazni \u00e9s kifejezni. Legyen az falr\u00e9sz, veretes domborm\u0171, b\u00e1rmilyen m\u0171v\u00e9szi alkot\u00e1s, <strong>az elpuszt\u00edtott h\u00e1z hely\u00e9n legyen jelen a k\u00f6lt\u0151, sugallja az \u0151 szellem\u00e9t, \u00e9rezz\u00fck az \u0151 jelenl\u00e9t\u00e9t.<\/strong><\/p>\n<\/blockquote>\n\n\n\n<p><\/p>\n\n\n\n<p><\/p>\n\n\n\n<p class=\"has-text-align-center\"><strong>Olvas\u00f3ink figyelm\u00e9t itt h\u00edvjuk fel a Magyar Kult\u00fara Napja alkalm\u00e1b\u00f3l<\/strong> <\/p>\n\n\n\n<p class=\"has-text-align-center\"><strong>2026. janu\u00e1r 27-\u00e9n<\/strong> <strong>hasonl\u00f3 t\u00e1rgyban tartand\u00f3 rendezv\u00e9ny\u00fcnkre:<\/strong><\/p>\n\n\n\n<figure class=\"wp-block-image aligncenter size-large\"><img decoding=\"async\" loading=\"lazy\" width=\"722\" height=\"1024\" src=\"https:\/\/helyiertek.derimuzeum.hu\/wp-content\/uploads\/2026\/01\/image002-1-722x1024.jpg\" alt=\"\" class=\"wp-image-4580\" srcset=\"https:\/\/helyiertek.derimuzeum.hu\/wp-content\/uploads\/2026\/01\/image002-1-722x1024.jpg 722w, https:\/\/helyiertek.derimuzeum.hu\/wp-content\/uploads\/2026\/01\/image002-1-480x680.jpg 480w\" sizes=\"(min-width: 0px) and (max-width: 480px) 480px, (min-width: 481px) 722px, 100vw\" \/><\/figure>\n","protected":false},"excerpt":{"rendered":"<p>Szerz\u0151: Kiss Tam\u00e1s<br \/>\nA Magyar Kult\u00fara napja alkalm\u00e1b\u00f3l Kiss Tam\u00e1s k\u00f6lt\u0151nek a lebontott K\u00f6lcsey-h\u00e1zr\u00f3l sz\u00f3l\u00f3 \u00edr\u00e1s\u00e1t k\u00f6z\u00f6lj\u00fck \u00fajra, saj\u00e1t f\u00e9nyk\u00e9peivel. Valamint ezennel is felh\u00edvjuk olvas\u00f3ink figyelm\u00e9t a 2026. janu\u00e1r 27-\u00e9n hasonl\u00f3 t\u00e1rgyban tartand\u00f3 rendezv\u00e9ny\u00fcnkre.<\/p>\n","protected":false},"author":5,"featured_media":4586,"comment_status":"open","ping_status":"closed","sticky":false,"template":"","format":"standard","meta":{"_et_pb_use_builder":"off","_et_pb_old_content":"","_et_gb_content_width":""},"categories":[33,37,1],"tags":[122,95,42,64,312,80,44],"_links":{"self":[{"href":"https:\/\/helyiertek.derimuzeum.hu\/index.php?rest_route=\/wp\/v2\/posts\/4576"}],"collection":[{"href":"https:\/\/helyiertek.derimuzeum.hu\/index.php?rest_route=\/wp\/v2\/posts"}],"about":[{"href":"https:\/\/helyiertek.derimuzeum.hu\/index.php?rest_route=\/wp\/v2\/types\/post"}],"author":[{"embeddable":true,"href":"https:\/\/helyiertek.derimuzeum.hu\/index.php?rest_route=\/wp\/v2\/users\/5"}],"replies":[{"embeddable":true,"href":"https:\/\/helyiertek.derimuzeum.hu\/index.php?rest_route=%2Fwp%2Fv2%2Fcomments&post=4576"}],"version-history":[{"count":3,"href":"https:\/\/helyiertek.derimuzeum.hu\/index.php?rest_route=\/wp\/v2\/posts\/4576\/revisions"}],"predecessor-version":[{"id":4591,"href":"https:\/\/helyiertek.derimuzeum.hu\/index.php?rest_route=\/wp\/v2\/posts\/4576\/revisions\/4591"}],"wp:featuredmedia":[{"embeddable":true,"href":"https:\/\/helyiertek.derimuzeum.hu\/index.php?rest_route=\/wp\/v2\/media\/4586"}],"wp:attachment":[{"href":"https:\/\/helyiertek.derimuzeum.hu\/index.php?rest_route=%2Fwp%2Fv2%2Fmedia&parent=4576"}],"wp:term":[{"taxonomy":"category","embeddable":true,"href":"https:\/\/helyiertek.derimuzeum.hu\/index.php?rest_route=%2Fwp%2Fv2%2Fcategories&post=4576"},{"taxonomy":"post_tag","embeddable":true,"href":"https:\/\/helyiertek.derimuzeum.hu\/index.php?rest_route=%2Fwp%2Fv2%2Ftags&post=4576"}],"curies":[{"name":"wp","href":"https:\/\/api.w.org\/{rel}","templated":true}]}}