{"id":4521,"date":"2025-12-12T11:19:39","date_gmt":"2025-12-12T10:19:39","guid":{"rendered":"https:\/\/helyiertek.derimuzeum.hu\/?p=4521"},"modified":"2025-12-12T11:30:58","modified_gmt":"2025-12-12T10:30:58","slug":"egy-debreceni-kotodesu-enekegyuttes-a-kardosok","status":"publish","type":"post","link":"https:\/\/helyiertek.derimuzeum.hu\/?p=4521","title":{"rendered":"Egy debreceni k\u00f6t\u0151d\u00e9s\u0171 \u00e9nekegy\u00fcttes: a Kardosok"},"content":{"rendered":"\n<p>Martina Wunsch: <em>Herr Kardosch und seine S\u00e4nger. F\u00fcnf Musikerschicksale im Schatten der NS-Zeit.<\/em> BoD \u2013 Books on Demand, Norderstedt, 2022.<\/p>\n\n\n\n<p>Bemutatja: Lakner Lajos<\/p>\n\n\n\n<p><\/p>\n\n\n\n<p>A Baden-Baden k\u00f6zel\u00e9ben \u00e9l\u0151 <mark style=\"background-color:rgba(0, 0, 0, 0)\" class=\"has-inline-color has-black-color\">Martina Wunsch<\/mark> n\u00e9h\u00e1ny \u00e9v \u00f3ta foglalkozik a v\u00e9gnapjait \u00e9l\u0151 Weimari K\u00f6zt\u00e1rsas\u00e1g sz\u00f3rakoztat\u00f3 zen\u00e9j\u00e9vel. K\u00fcl\u00f6n\u00f6sen foglalkoztatja a zsid\u00f3 sz\u00e1rmaz\u00e1s\u00fa m\u0171v\u00e9szek \u00e9lete, akik k\u00f6z\u00fcl a 1920-as \u00e9vek v\u00e9g\u00e9n s az 1930-as \u00e9vek elej\u00e9n sokan voltak \u00e9nekesek, komponist\u00e1k, sz\u00edn\u00e9szek vagy sz\u00f6veg\u00edr\u00f3k.<\/p>\n\n\n\n<p>A <mark style=\"background-color:rgba(0, 0, 0, 0)\" class=\"has-inline-color has-black-color\">Kardosch-\u00e9nekesekre<\/mark> a Comedian Harmonists \u00e9nekegy\u00fcttes (1928\u20131934) r\u00e9v\u00e9n figyelt fel: egy Harmonists-rajong\u00f3 k\u00fcld\u00f6tt neki egy CD-t ezekkel a szavakkal: <em>\u201eHa szereted a CH-t, ezt felt\u00e9tlen\u00fcl meg kell hallgatnod.\u201d<\/em> Ahogy mondani szok\u00e1s: a t\u00f6bbi m\u00e1r t\u00f6rt\u00e9nelem\u2026<\/p>\n\n\n\n<p>2020-ban hat\u00e1rozta el, hogy l\u00e9trehoz <a href=\"https:\/\/kardosch-saenger.de\/\">egy honlapot<\/a>, amely 2021 november\u00e9ben el is indult. Folyamatosan gy\u0171jt\u00f6tte az adatokat, melyek alapj\u00e1n meg\u00edrta a <em>Kardos \u00far \u00e9s \u00e9nekesei <\/em>(<em>Herr Kardosch und seine S\u00e4nger<\/em>) c\u00edm\u0171 k\u00f6nyv\u00e9t, ami 2022-ben jelent meg. E k\u00f6nyv csal\u00e1dt\u00f6rt\u00e9neti fejezet\u00e9t k\u00f6z\u00f6lj\u00fck az al\u00e1bbiakban.<\/p>\n\n\n\n<figure class=\"wp-block-gallery has-nested-images columns-default is-cropped wp-block-gallery-1 is-layout-flex\">\n<figure class=\"wp-block-image size-large\"><img decoding=\"async\" loading=\"lazy\" width=\"624\" height=\"1024\" data-id=\"4524\"  src=\"https:\/\/helyiertek.derimuzeum.hu\/wp-content\/uploads\/2025\/12\/konyvborito1-624x1024.jpg\" alt=\"\" class=\"wp-image-4524\"\/><\/figure>\n\n\n\n<figure class=\"wp-block-image size-large\"><img decoding=\"async\" loading=\"lazy\" width=\"639\" height=\"1024\" data-id=\"4525\"  src=\"https:\/\/helyiertek.derimuzeum.hu\/wp-content\/uploads\/2025\/12\/konyvborito2-639x1024.jpg\" alt=\"\" class=\"wp-image-4525\"\/><\/figure>\n<\/figure>\n\n\n\n<p><br>A szerz\u0151 az\u00f3ta is folyamatosan kutatja a t\u00e9m\u00e1t. A <em>Fox auf 78<\/em> c\u00edm\u0171 foly\u00f3iratban Josef Westnerrel egy\u00fctt k\u00e9t r\u00e9szb\u0151l \u00e1ll\u00f3 cikket publik\u00e1lt a Kardos-\u00e9nekesekr\u0151l: <em>Ki f\u00e9l a gonosz farkast\u00f3l? A Kardos-\u00e9nekesek (Wer hat Angst vor dem b\u00f6sen Wolf? Die Kardosch-S\u00e4nger)<\/em> c\u00edmmel.*<br>Az Abels Kvartet, majd a Kardoss Istv\u00e1n vezette Five Songs tenorj\u00e1r\u00f3l, Balassa J\u00f3zsefr\u0151l a <a href=\"https:\/\/www.yumpu.com\/de\/document\/read\/67397298\/balassa-jozsef-ein-sanger-aus-szeged\">Yumpu platformon <\/a>\u00edrt r\u00e9szletes \u00e9letrajzot.<br>2024 okt\u00f3ber\u00e9ben a szerkeszt\u00e9s\u00e9ben jelent meg Rudi Schuricke bio- \u00e9s diszkogr\u00e1fi\u00e1ja:<em> Elk\u00eds\u00e9rhetem egy darabon? (Darf ich Sie ein St\u00fcck begleiten? Die Rudi Schuricke Bio-Diskografie).<\/em><\/p>\n\n\n\n<p><\/p>\n\n\n\n<p><strong>Kardos Istv\u00e1n<\/strong><br>Kardos Istv\u00e1n<mark style=\"background-color:rgba(0, 0, 0, 0)\" class=\"has-inline-color has-black-color\"> zeneszerz\u0151, zongorista \u00e9s karmester<\/mark> volt, aki <mark style=\"background-color:rgba(0, 0, 0, 0)\" class=\"has-inline-color has-black-color\">1891-ben sz\u00fcletett Debrecenben<\/mark>. Apja Kardos S\u00e1muel \u00fcgyv\u00e9d \u00e9s publicista, anyja Engl\u00e4nder Malvina, akiknek \u00f6sszesen hat gyermek\u00fck sz\u00fcletett. Kardos Istv\u00e1n a debreceni katolikus gimn\u00e1ziumban tanult, majd 1910-t\u0151l a budapesti Zeneakad\u00e9mi\u00e1n folytatott zeneszerz\u00e9si \u00e9s karvezet\u00e9si tanulm\u00e1nyokat, emellett jogot is hallgatott, de v\u00e9g\u00fcl a zenei p\u00e1ly\u00e1t v\u00e1lasztotta.<\/p>\n\n\n\n<p>A diploma ut\u00e1n tan\u00e1rk\u00e9nt dolgozott, turn\u00e9zott, kompon\u00e1lt, \u00e9s t\u00f6bb budapesti sz\u00ednh\u00e1zban m\u0171k\u00f6d\u00f6tt k\u00f6zre. 1918\u20131919-ben a Magyar \u00c1llami Operah\u00e1z k\u00f6nyvt\u00e1rosa \u00e9s korrepetitora volt. 1922-ben feles\u00e9g\u00fcl vette V\u00e1radi Olg\u00e1t, a mezzoszopr\u00e1n \u00e9nekesn\u0151t.<br>1925-t\u0151l N\u00e9metorsz\u00e1gban \u00e9s r\u00f6vid ideig Sv\u00e1jcban \u00e9ltek, majd Berlinben telepedtek le. Kardos filmzongoristak\u00e9nt \u00e9s komponistak\u00e9nt is dolgozott. 1929-t\u0151l \u0151 vezette a sikeres Abel-Quartett\/Five Songs egy\u00fcttest, majd 1932-t\u0151l saj\u00e1t csoportj\u00e1t, a Kardosch-S\u00e4nger kvartettet, amely gyorsan n\u00e9pszer\u0171 lett filmekben, sz\u00ednpadon \u00e9s lemezeken.<\/p>\n\n\n\n<p>A n\u00e1ci hatalom\u00e1tv\u00e9tel ut\u00e1n helyzete egyre nehezebb lett, mivel zsid\u00f3 sz\u00e1rmaz\u00e1s\u00e1t \u2013 k\u00fclf\u00f6ldik\u00e9nt \u2013 m\u00e1r nem tudta sok\u00e1ig eltitkolni. 1935-ben felsz\u00f3l\u00edtott\u00e1k, hogy igazolja \u00e1rja sz\u00e1rmaz\u00e1s\u00e1t, ez\u00e9rt feles\u00e9g\u00e9vel titokban elmenek\u00fclt N\u00e9metorsz\u00e1gb\u00f3l. Budapesten \u00fajra zenekart szervezett, majd t\u00f6bb sz\u00ednh\u00e1zban dolgozott karmesterk\u00e9nt. <mark style=\"background-color:rgba(0, 0, 0, 0)\" class=\"has-inline-color has-black-color\">1936 szeptember\u00e9t\u0151l 1937 szeptember\u00e9ig a debreceni Csokonai Sz\u00ednh\u00e1z karmestere<\/mark> volt, majd 1939-ig k\u00fcl\u00f6nb\u00f6z\u0151 budapesti sz\u00ednh\u00e1zakban dolgozott beugr\u00f3 karmesterk\u00e9nt, \u00e1lland\u00f3 szerz\u0151d\u00e9s n\u00e9lk\u00fcl. A zsid\u00f3t\u00f6rv\u00e9nyek miatt 1939-t\u0151l m\u00e1r nem kaphatott munk\u00e1t. R\u00e9szben illeg\u00e1lisan mag\u00e1n\u00f3r\u00e1kat adott.<\/p>\n\n\n\n<p>1944-ben a n\u00e9met megsz\u00e1ll\u00e1s ut\u00e1n a h\u00e1zasp\u00e1rnak s\u00e1rga csillagot kellett viselnie, majd zsid\u00f3h\u00e1zba k\u00f6lt\u00f6ztett\u00e9k \u0151ket. K\u00e9s\u0151bb hamis pap\u00edrokkal bujk\u00e1ltak. T\u00fal\u00e9l\u00e9s\u00fcket rokonok \u00e9s bar\u00e1tok seg\u00edtett\u00e9k \u2013 k\u00f6zt\u00fck Nemes Nagy \u00c1gnes k\u00f6lt\u0151 \u00e9s csal\u00e1dtagjai \u2013, akiket k\u00e9s\u0151bb a Yad Vashem \u201eA Vil\u00e1g Igazai\u201d c\u00edmmel t\u00fcntetett ki.<\/p>\n\n\n\n<p>A holokauszt alatt a Kardos csal\u00e1d 22 tagj\u00e1t, k\u00f6zt\u00fck Istv\u00e1n anyj\u00e1t \u00e9s t\u00f6bb testv\u00e9r\u00e9t meggyilkolt\u00e1k. Kardos karrierje \u00e9s egzisztenci\u00e1ja is \u00f6sszeomlott, de a h\u00e1bor\u00fa ut\u00e1n \u00fajra\u00e9p\u00edtette \u00e9let\u00e9t. A Magyar R\u00e1di\u00f3 zongorist\u00e1jak\u00e9nt dolgozott, majd a Zeneakad\u00e9mi\u00e1n \u00e9s a Sz\u00ednh\u00e1z- \u00e9s Filmm\u0171v\u00e9szeti F\u0151iskol\u00e1n tan\u00edtott. Kompon\u00e1lt \u00e9s zenei \u00fajs\u00e1g\u00edr\u00f3k\u00e9nt is tev\u00e9kenykedett. 1975-ben hunyt el, s\u00edrja a budapesti Farkasr\u00e9ti temet\u0151ben tal\u00e1lhat\u00f3.<\/p>\n\n\n\n<p class=\"has-text-align-center\"><strong>Bejegyz\u00e9s\u00fcnk mell\u00e9kletek\u00e9nt megtekinthet\u0151 Martina Wunsch n\u00e9met nyelv\u0171 k\u00f6nyv\u00e9nek tartalomjegyz\u00e9ke \u00e9s debreceni vonatkoz\u00e1s\u00fa <a href=\"https:\/\/helyiertek.derimuzeum.hu\/wp-content\/uploads\/2025\/12\/Kardos_Kapitel-1.pdf\" target=\"_blank\" rel=\"noreferrer noopener\">teljes els\u0151 fejezete<\/a>, k\u00e9pi dokumentumokkal.<\/strong> <\/p>\n\n\n\n<figure class=\"wp-block-gallery has-nested-images columns-default is-cropped wp-block-gallery-3 is-layout-flex\">\n<figure class=\"wp-block-image size-large\"><img decoding=\"async\" loading=\"lazy\" width=\"643\" height=\"1024\" data-id=\"4531\"  src=\"https:\/\/helyiertek.derimuzeum.hu\/wp-content\/uploads\/2025\/12\/Inhaltsverzeichnis-001-643x1024.jpg\" alt=\"\" class=\"wp-image-4531\" srcset=\"https:\/\/helyiertek.derimuzeum.hu\/wp-content\/uploads\/2025\/12\/Inhaltsverzeichnis-001-643x1024.jpg 643w, https:\/\/helyiertek.derimuzeum.hu\/wp-content\/uploads\/2025\/12\/Inhaltsverzeichnis-001-480x764.jpg 480w\" sizes=\"(min-width: 0px) and (max-width: 480px) 480px, (min-width: 481px) 643px, 100vw\" \/><\/figure>\n\n\n\n<figure class=\"wp-block-image size-large\"><img decoding=\"async\" loading=\"lazy\" width=\"643\" height=\"1024\" data-id=\"4530\"  src=\"https:\/\/helyiertek.derimuzeum.hu\/wp-content\/uploads\/2025\/12\/Inhaltsverzeichnis-002-643x1024.jpg\" alt=\"\" class=\"wp-image-4530\" srcset=\"https:\/\/helyiertek.derimuzeum.hu\/wp-content\/uploads\/2025\/12\/Inhaltsverzeichnis-002-643x1024.jpg 643w, https:\/\/helyiertek.derimuzeum.hu\/wp-content\/uploads\/2025\/12\/Inhaltsverzeichnis-002-480x764.jpg 480w\" sizes=\"(min-width: 0px) and (max-width: 480px) 480px, (min-width: 481px) 643px, 100vw\" \/><\/figure>\n<\/figure>\n\n\n\n<hr class=\"wp-block-separator has-alpha-channel-opacity\"\/>\n\n\n\n<ul>\n<li>Martina Wunsch \u2013 Josef Westner: Wer hat Angst vor dem b\u00f6sen Wolf? Die Kardosch-S\u00e4nger. Fox auf 78, 33. sz\u00e1m, 2022 \u0151sz (1. r\u00e9sz); 34. sz\u00e1m, 2024 tavasz (2. r\u00e9sz)<\/li>\n<\/ul>\n\n\n\n<p><\/p>\n\n\n\n<hr class=\"wp-block-separator has-alpha-channel-opacity\"\/>\n","protected":false},"excerpt":{"rendered":"<p>Szerz\u0151: Lakner Lajos<\/p>\n<p>A Baden-Baden k\u00f6zel\u00e9ben \u00e9l\u0151 Martina Wunsch n\u00e9h\u00e1ny \u00e9v \u00f3ta foglalkozik a v\u00e9gnapjait \u00e9l\u0151 Weimari K\u00f6zt\u00e1rsas\u00e1g sz\u00f3rakoztat\u00f3 zen\u00e9j\u00e9vel. K\u00fcl\u00f6n\u00f6sen foglalkoztatja a zsid\u00f3 sz\u00e1rmaz\u00e1s\u00fa m\u0171v\u00e9szek \u00e9lete, akik k\u00f6z\u00fcl a 1920-as \u00e9vek v\u00e9g\u00e9n s az 1930-as \u00e9vek elej\u00e9n sokan voltak \u00e9nekesek, komponist\u00e1k, sz\u00edn\u00e9szek vagy sz\u00f6veg\u00edr\u00f3k. A Kardosch-\u00e9nekesekre a Comedian Harmonists \u00e9nekegy\u00fcttes (1928\u20131934) r\u00e9v\u00e9n figyelt fel: egy Harmonists-rajong\u00f3 k\u00fcld\u00f6tt neki egy CD-t ezekkel a szavakkal: \u201eHa szereted a CH-t, ezt felt\u00e9tlen\u00fcl meg kell hallgatnod.\u201d<\/p>\n","protected":false},"author":5,"featured_media":4524,"comment_status":"open","ping_status":"closed","sticky":false,"template":"","format":"standard","meta":{"_et_pb_use_builder":"off","_et_pb_old_content":"<!-- wp:paragraph -->\n<p>Martina Wunsch: <em>Herr Kardosch und seine S\u00e4nger. F\u00fcnf Musikerschicksale im Schatten der NS-Zeit.<\/em> BoD \u2013 Books on Demand, Norderstedt, 2022.<\/p>\n<!-- \/wp:paragraph -->\n\n<!-- wp:paragraph -->\n<p>Bemutatja: Lakner Lajos<\/p>\n<!-- \/wp:paragraph -->\n\n<!-- wp:paragraph -->\n<p><\/p>\n<!-- \/wp:paragraph -->\n\n<!-- wp:paragraph -->\n<p>A Baden-Baden k\u00f6zel\u00e9ben \u00e9l\u0151 <mark style=\"background-color:rgba(0, 0, 0, 0)\" class=\"has-inline-color has-black-color\">Martina Wunsch<\/mark> n\u00e9h\u00e1ny \u00e9v \u00f3ta foglalkozik a v\u00e9gnapjait \u00e9l\u0151 Weimari K\u00f6zt\u00e1rsas\u00e1g sz\u00f3rakoztat\u00f3 zen\u00e9j\u00e9vel. K\u00fcl\u00f6n\u00f6sen foglalkoztatja a zsid\u00f3 sz\u00e1rmaz\u00e1s\u00fa m\u0171v\u00e9szek \u00e9lete, akik k\u00f6z\u00fcl a 1920-as \u00e9vek v\u00e9g\u00e9n s az 1930-as \u00e9vek elej\u00e9n sokan voltak \u00e9nekesek, komponist\u00e1k, sz\u00edn\u00e9szek vagy sz\u00f6veg\u00edr\u00f3k.<\/p>\n<!-- \/wp:paragraph -->\n\n<!-- wp:paragraph -->\n<p>A <mark style=\"background-color:rgba(0, 0, 0, 0)\" class=\"has-inline-color has-black-color\">Kardosch-\u00e9nekesekre<\/mark> a Comedian Harmonists \u00e9nekegy\u00fcttes (1928\u20131934) r\u00e9v\u00e9n figyelt fel: egy Harmonists-rajong\u00f3 k\u00fcld\u00f6tt neki egy CD-t ezekkel a szavakkal: <em>\u201eHa szereted a CH-t, ezt felt\u00e9tlen\u00fcl meg kell hallgatnod.\u201d<\/em> Ahogy mondani szok\u00e1s: a t\u00f6bbi m\u00e1r t\u00f6rt\u00e9nelem\u2026<\/p>\n<!-- \/wp:paragraph -->\n\n<!-- wp:paragraph -->\n<p>2020-ban hat\u00e1rozta el, hogy l\u00e9trehoz <a href=\"https:\/\/kardosch-saenger.de\/\">egy honlapot<\/a>, amely 2021 november\u00e9ben el is indult. Folyamatosan gy\u0171jt\u00f6tte az adatokat, melyek alapj\u00e1n meg\u00edrta a <em>Kardos \u00far \u00e9s \u00e9nekesei <\/em>(<em>Herr Kardosch und seine S\u00e4nger<\/em>) c\u00edm\u0171 k\u00f6nyv\u00e9t, ami 2022-ben jelent meg. E k\u00f6nyv csal\u00e1dt\u00f6rt\u00e9neti fejezet\u00e9t k\u00f6z\u00f6lj\u00fck az al\u00e1bbiakban.<\/p>\n<!-- \/wp:paragraph -->\n\n<!-- wp:gallery {\"linkTo\":\"none\"} -->\n<figure class=\"wp-block-gallery has-nested-images columns-default is-cropped\"><!-- wp:image {\"id\":4524,\"sizeSlug\":\"large\",\"linkDestination\":\"none\"} -->\n<figure class=\"wp-block-image size-large\"><img src=\"https:\/\/helyiertek.derimuzeum.hu\/wp-content\/uploads\/2025\/12\/konyvborito1-624x1024.jpg\" alt=\"\" class=\"wp-image-4524\"\/><\/figure>\n<!-- \/wp:image -->\n\n<!-- wp:image {\"id\":4525,\"sizeSlug\":\"large\",\"linkDestination\":\"none\"} -->\n<figure class=\"wp-block-image size-large\"><img src=\"https:\/\/helyiertek.derimuzeum.hu\/wp-content\/uploads\/2025\/12\/konyvborito2-639x1024.jpg\" alt=\"\" class=\"wp-image-4525\"\/><\/figure>\n<!-- \/wp:image --><\/figure>\n<!-- \/wp:gallery -->\n\n<!-- wp:paragraph -->\n<p><br>A szerz\u0151 az\u00f3ta is folyamatosan kutatja a t\u00e9m\u00e1t. A <em>Fox auf 78<\/em> c\u00edm\u0171 foly\u00f3iratban Josef Westnerrel egy\u00fctt k\u00e9t r\u00e9szb\u0151l \u00e1ll\u00f3 cikket publik\u00e1lt a Kardos-\u00e9nekesekr\u0151l: <em>Ki f\u00e9l a gonosz farkast\u00f3l? A Kardos-\u00e9nekesek (Wer hat Angst vor dem b\u00f6sen Wolf? Die Kardosch-S\u00e4nger)<\/em> c\u00edmmel.*<br>Az Abels Kvartet, majd a Kardoss Istv\u00e1n vezette Five Songs tenorj\u00e1r\u00f3l, Balassa J\u00f3zsefr\u0151l a <a href=\"https:\/\/www.yumpu.com\/de\/document\/read\/67397298\/balassa-jozsef-ein-sanger-aus-szeged\">Yumpu platformon <\/a>\u00edrt r\u00e9szletes \u00e9letrajzot.<br>2024 okt\u00f3ber\u00e9ben a szerkeszt\u00e9s\u00e9ben jelent meg Rudi Schuricke bio- \u00e9s diszkogr\u00e1fi\u00e1ja:<em> Elk\u00eds\u00e9rhetem egy darabon? (Darf ich Sie ein St\u00fcck begleiten? Die Rudi Schuricke Bio-Diskografie).<\/em><\/p>\n<!-- \/wp:paragraph -->\n\n<!-- wp:paragraph -->\n<p><\/p>\n<!-- \/wp:paragraph -->\n\n<!-- wp:paragraph -->\n<p><strong>Kardos Istv\u00e1n<\/strong><br>Kardos Istv\u00e1n<mark style=\"background-color:rgba(0, 0, 0, 0)\" class=\"has-inline-color has-black-color\"> zeneszerz\u0151, zongorista \u00e9s karmester<\/mark> volt, aki <mark style=\"background-color:rgba(0, 0, 0, 0)\" class=\"has-inline-color has-black-color\">1891-ben sz\u00fcletett Debrecenben<\/mark>. Apja Kardos S\u00e1muel \u00fcgyv\u00e9d \u00e9s publicista, anyja Engl\u00e4nder Malvina, akiknek \u00f6sszesen hat gyermek\u00fck sz\u00fcletett. Kardos Istv\u00e1n a debreceni katolikus gimn\u00e1ziumban tanult, majd 1910-t\u0151l a budapesti Zeneakad\u00e9mi\u00e1n folytatott zeneszerz\u00e9si \u00e9s karvezet\u00e9si tanulm\u00e1nyokat, emellett jogot is hallgatott, de v\u00e9g\u00fcl a zenei p\u00e1ly\u00e1t v\u00e1lasztotta.<\/p>\n<!-- \/wp:paragraph -->\n\n<!-- wp:paragraph -->\n<p>A diploma ut\u00e1n tan\u00e1rk\u00e9nt dolgozott, turn\u00e9zott, kompon\u00e1lt, \u00e9s t\u00f6bb budapesti sz\u00ednh\u00e1zban m\u0171k\u00f6d\u00f6tt k\u00f6zre. 1918\u20131919-ben a Magyar \u00c1llami Operah\u00e1z k\u00f6nyvt\u00e1rosa \u00e9s korrepetitora volt. 1922-ben feles\u00e9g\u00fcl vette V\u00e1radi Olg\u00e1t, a mezzoszopr\u00e1n \u00e9nekesn\u0151t.<br>1925-t\u0151l N\u00e9metorsz\u00e1gban \u00e9s r\u00f6vid ideig Sv\u00e1jcban \u00e9ltek, majd Berlinben telepedtek le. Kardos filmzongoristak\u00e9nt \u00e9s komponistak\u00e9nt is dolgozott. 1929-t\u0151l \u0151 vezette a sikeres Abel-Quartett\/Five Songs egy\u00fcttest, majd 1932-t\u0151l saj\u00e1t csoportj\u00e1t, a Kardosch-S\u00e4nger kvartettet, amely gyorsan n\u00e9pszer\u0171 lett filmekben, sz\u00ednpadon \u00e9s lemezeken.<\/p>\n<!-- \/wp:paragraph -->\n\n<!-- wp:paragraph -->\n<p>A n\u00e1ci hatalom\u00e1tv\u00e9tel ut\u00e1n helyzete egyre nehezebb lett, mivel zsid\u00f3 sz\u00e1rmaz\u00e1s\u00e1t \u2013 k\u00fclf\u00f6ldik\u00e9nt \u2013 m\u00e1r nem tudta sok\u00e1ig eltitkolni. 1935-ben felsz\u00f3l\u00edtott\u00e1k, hogy igazolja \u00e1rja sz\u00e1rmaz\u00e1s\u00e1t, ez\u00e9rt feles\u00e9g\u00e9vel titokban elmenek\u00fclt N\u00e9metorsz\u00e1gb\u00f3l. Budapesten \u00fajra zenekart szervezett, majd t\u00f6bb sz\u00ednh\u00e1zban dolgozott karmesterk\u00e9nt. <mark style=\"background-color:rgba(0, 0, 0, 0)\" class=\"has-inline-color has-black-color\">1936 szeptember\u00e9t\u0151l 1937 szeptember\u00e9ig a debreceni Csokonai Sz\u00ednh\u00e1z karmestere<\/mark> volt, majd 1939-ig k\u00fcl\u00f6nb\u00f6z\u0151 budapesti sz\u00ednh\u00e1zakban dolgozott beugr\u00f3 karmesterk\u00e9nt, \u00e1lland\u00f3 szerz\u0151d\u00e9s n\u00e9lk\u00fcl. A zsid\u00f3t\u00f6rv\u00e9nyek miatt 1939-t\u0151l m\u00e1r nem kaphatott munk\u00e1t. R\u00e9szben illeg\u00e1lisan mag\u00e1n\u00f3r\u00e1kat adott.<\/p>\n<!-- \/wp:paragraph -->\n\n<!-- wp:paragraph -->\n<p>1944-ben a n\u00e9met megsz\u00e1ll\u00e1s ut\u00e1n a h\u00e1zasp\u00e1rnak s\u00e1rga csillagot kellett viselnie, majd zsid\u00f3h\u00e1zba k\u00f6lt\u00f6ztett\u00e9k \u0151ket. K\u00e9s\u0151bb hamis pap\u00edrokkal bujk\u00e1ltak. T\u00fal\u00e9l\u00e9s\u00fcket rokonok \u00e9s bar\u00e1tok seg\u00edtett\u00e9k \u2013 k\u00f6zt\u00fck Nemes Nagy \u00c1gnes k\u00f6lt\u0151 \u00e9s csal\u00e1dtagjai \u2013, akiket k\u00e9s\u0151bb a Yad Vashem \u201eA Vil\u00e1g Igazai\u201d c\u00edmmel t\u00fcntetett ki.<\/p>\n<!-- \/wp:paragraph -->\n\n<!-- wp:paragraph -->\n<p>A holokauszt alatt a Kardos csal\u00e1d 22 tagj\u00e1t, k\u00f6zt\u00fck Istv\u00e1n anyj\u00e1t \u00e9s t\u00f6bb testv\u00e9r\u00e9t meggyilkolt\u00e1k. Kardos karrierje \u00e9s egzisztenci\u00e1ja is \u00f6sszeomlott, de a h\u00e1bor\u00fa ut\u00e1n \u00fajra\u00e9p\u00edtette \u00e9let\u00e9t. A Magyar R\u00e1di\u00f3 zongorist\u00e1jak\u00e9nt dolgozott, majd a Zeneakad\u00e9mi\u00e1n \u00e9s a Sz\u00ednh\u00e1z- \u00e9s Filmm\u0171v\u00e9szeti F\u0151iskol\u00e1n tan\u00edtott. Kompon\u00e1lt \u00e9s zenei \u00fajs\u00e1g\u00edr\u00f3k\u00e9nt is tev\u00e9kenykedett. 1975-ben hunyt el, s\u00edrja a budapesti Farkasr\u00e9ti temet\u0151ben tal\u00e1lhat\u00f3.<\/p>\n<!-- \/wp:paragraph -->\n\n<!-- wp:paragraph {\"align\":\"center\"} -->\n<p class=\"has-text-align-center\"><strong>Bejegyz\u00e9s\u00fcnk mell\u00e9kletek\u00e9nt megtekinthet\u0151 Martina Wunsch n\u00e9met nyelv\u0171 k\u00f6nyv\u00e9nek tartalomjegyz\u00e9ke \u00e9s debreceni vonatkoz\u00e1s\u00fa teljes els\u0151 fejezete, k\u00e9pi dokumentumokkal.<\/strong> <\/p>\n<!-- \/wp:paragraph -->\n\n<!-- wp:gallery {\"linkTo\":\"none\"} -->\n<figure class=\"wp-block-gallery has-nested-images columns-default is-cropped\"><!-- wp:image {\"id\":4531,\"sizeSlug\":\"large\",\"linkDestination\":\"none\"} -->\n<figure class=\"wp-block-image size-large\"><img src=\"https:\/\/helyiertek.derimuzeum.hu\/wp-content\/uploads\/2025\/12\/Inhaltsverzeichnis-001-643x1024.jpg\" alt=\"\" class=\"wp-image-4531\"\/><\/figure>\n<!-- \/wp:image -->\n\n<!-- wp:image {\"id\":4530,\"sizeSlug\":\"large\",\"linkDestination\":\"none\"} -->\n<figure class=\"wp-block-image size-large\"><img src=\"https:\/\/helyiertek.derimuzeum.hu\/wp-content\/uploads\/2025\/12\/Inhaltsverzeichnis-002-643x1024.jpg\" alt=\"\" class=\"wp-image-4530\"\/><\/figure>\n<!-- \/wp:image --><\/figure>\n<!-- \/wp:gallery -->\n\n<!-- wp:separator -->\n<hr class=\"wp-block-separator has-alpha-channel-opacity\"\/>\n<!-- \/wp:separator -->\n\n<!-- wp:list -->\n<ul><!-- wp:list-item -->\n<li>Martina Wunsch \u2013 Josef Westner: Wer hat Angst vor dem b\u00f6sen Wolf? Die Kardosch-S\u00e4nger. Fox auf 78, 33. sz\u00e1m, 2022 \u0151sz (1. r\u00e9sz); 34. sz\u00e1m, 2024 tavasz (2. r\u00e9sz)<\/li>\n<!-- \/wp:list-item --><\/ul>\n<!-- \/wp:list -->\n\n<!-- wp:paragraph -->\n<p><\/p>\n<!-- \/wp:paragraph -->\n\n<!-- wp:separator -->\n<hr class=\"wp-block-separator has-alpha-channel-opacity\"\/>\n<!-- \/wp:separator -->","_et_gb_content_width":""},"categories":[36,33],"tags":[230,95,308,162,307],"_links":{"self":[{"href":"https:\/\/helyiertek.derimuzeum.hu\/index.php?rest_route=\/wp\/v2\/posts\/4521"}],"collection":[{"href":"https:\/\/helyiertek.derimuzeum.hu\/index.php?rest_route=\/wp\/v2\/posts"}],"about":[{"href":"https:\/\/helyiertek.derimuzeum.hu\/index.php?rest_route=\/wp\/v2\/types\/post"}],"author":[{"embeddable":true,"href":"https:\/\/helyiertek.derimuzeum.hu\/index.php?rest_route=\/wp\/v2\/users\/5"}],"replies":[{"embeddable":true,"href":"https:\/\/helyiertek.derimuzeum.hu\/index.php?rest_route=%2Fwp%2Fv2%2Fcomments&post=4521"}],"version-history":[{"count":15,"href":"https:\/\/helyiertek.derimuzeum.hu\/index.php?rest_route=\/wp\/v2\/posts\/4521\/revisions"}],"predecessor-version":[{"id":4547,"href":"https:\/\/helyiertek.derimuzeum.hu\/index.php?rest_route=\/wp\/v2\/posts\/4521\/revisions\/4547"}],"wp:featuredmedia":[{"embeddable":true,"href":"https:\/\/helyiertek.derimuzeum.hu\/index.php?rest_route=\/wp\/v2\/media\/4524"}],"wp:attachment":[{"href":"https:\/\/helyiertek.derimuzeum.hu\/index.php?rest_route=%2Fwp%2Fv2%2Fmedia&parent=4521"}],"wp:term":[{"taxonomy":"category","embeddable":true,"href":"https:\/\/helyiertek.derimuzeum.hu\/index.php?rest_route=%2Fwp%2Fv2%2Fcategories&post=4521"},{"taxonomy":"post_tag","embeddable":true,"href":"https:\/\/helyiertek.derimuzeum.hu\/index.php?rest_route=%2Fwp%2Fv2%2Ftags&post=4521"}],"curies":[{"name":"wp","href":"https:\/\/api.w.org\/{rel}","templated":true}]}}