{"id":4051,"date":"2025-04-17T09:54:32","date_gmt":"2025-04-17T07:54:32","guid":{"rendered":"https:\/\/helyiertek.derimuzeum.hu\/?p=4051"},"modified":"2025-04-23T16:05:33","modified_gmt":"2025-04-23T14:05:33","slug":"rendhagyo-husveti-esetek","status":"publish","type":"post","link":"https:\/\/helyiertek.derimuzeum.hu\/?p=4051","title":{"rendered":"Rendhagy\u00f3 h\u00fasv\u00e9ti esetek"},"content":{"rendered":"\n<p>Szerz\u0151: Ormosi Vikt\u00f3ria<\/p>\n\n\n\n<p><\/p>\n\n\n\n<p>Blogunkon \u00e9s a D\u00e9ri M\u00fazeum Facebook-oldal\u00e1n \u00e9vr\u0151l-\u00e9vre bemutatunk hagyom\u00e1nyos, a h\u00fasv\u00e9ttal \u00f6sszef\u00fcgg\u00e9sbe hozhat\u00f3 m\u0171t\u00e1rgyakat, esem\u00e9nyeket. Id\u00e9n ezek mellett korabeli, megh\u00f6kkent\u0151nek mondhat\u00f3 v\u00e1rosi t\u00f6rt\u00e9n\u00e9sekb\u0151l is szemezgetek.<\/p>\n\n\n\n<p><\/p>\n\n\n\n<p><strong>Iparm\u0171v\u00e9szeti remekek<\/strong><\/p>\n\n\n\n<p>A m\u00fazeumunk <mark style=\"background-color:rgba(0, 0, 0, 0)\" class=\"has-inline-color has-black-color\">Iparm\u0171v\u00e9szeti oszt\u00e1ly\u00e1n tal\u00e1lhat\u00f3 k\u00f6lnisz\u00f3r\u00f3k<\/mark> bemutat\u00e1s\u00e1val kezdem.<br>E t\u00e1rgyak haszn\u00e1lat\u00e1nak kezdeti id\u0151szak\u00e1ban, a 19. sz\u00e1zad v\u00e9g\u00e9n <em>a diszkr\u00e9t illat a k\u00f6z\u00e9poszt\u00e1lybeli h\u00f6lgyek sz\u00e1m\u00e1ra megengedett volt<\/em>, vonzerej\u00fck hangs\u00falyoz\u00e1s\u00e1ra szolg\u00e1lt. A <mark style=\"background-color:rgba(0, 0, 0, 0)\" class=\"has-inline-color has-black-color\">magukra ad\u00f3 n\u0151k k\u00f6nnyed, egyjegy\u0171 illatokat <\/mark>haszn\u00e1ltak, legink\u00e1bb <em>iboly\u00e1t, r\u00f3zs\u00e1t, levendul\u00e1t, gy\u00f6ngyvir\u00e1got<\/em>. <mark style=\"background-color:rgba(0, 0, 0, 0)\" class=\"has-inline-color has-black-color\">A huszadik sz\u00e1zad elej\u00e9t\u0151l<\/mark> sok minden v\u00e1ltozott:<mark style=\"background-color:rgba(0, 0, 0, 0)\" class=\"has-inline-color has-black-color\"> divatba j\u00f6ttek a t\u00f6bbjegy\u0171 illatkompoz\u00edci\u00f3k \u00e9s a szintetikus \u00f6sszetev\u0151k <\/mark>is szerepet kaptak, \u00edgy a legk\u00fcl\u00f6nf\u00e9l\u00e9bb illatvari\u00e1ci\u00f3k el\u0151tt ny\u00edlt meg az \u00fat.<\/p>\n\n\n\n<p><br>Az illatszersz\u00f3r\u00f3k sz\u00e9pek, l\u00e1tv\u00e1nyosak<mark style=\"background-color:rgba(0, 0, 0, 0)\" class=\"has-inline-color has-black-color\">. A kobaltk\u00e9k form\u00e1ba \u00f6nt\u00f6tt \u00fcveg<\/mark> (lelt\u00e1ri sz\u00e1ma: III.88.18.1) f\u00e9m sz\u00f3r\u00f3fejjel van ell\u00e1tva. Korongos talp\u00fa, enyh\u00e9n \u00f6bl\u00f6s\u00f6d\u0151 test\u0171, tagolt v\u00e1ll\u00fa \u00fcvegcse, finom, aranyfest\u00e9s\u0171 mint\u00e1zattal: a nyakon k\u00f6rben stiliz\u00e1lt lev\u00e9lk\u00e9k \u00e9s v\u00e9kony cs\u00edkok; a cs\u00edkok a testen f\u00fcgg\u0151legesen, p\u00e1rhuzamosan futnak, a talpon pedig ism\u00e9t k\u00f6r alakban. Az \u00fcvegcse Magyarorsz\u00e1gon k\u00e9sz\u00fclt, a 20. sz\u00e1zad elej\u00e9n.<\/p>\n\n\n\n<figure class=\"wp-block-image aligncenter size-large\"><img decoding=\"async\" loading=\"lazy\" width=\"567\" height=\"1024\" src=\"https:\/\/helyiertek.derimuzeum.hu\/wp-content\/uploads\/2025\/04\/image003-1-567x1024.jpg\" alt=\"\" class=\"wp-image-4052\" srcset=\"https:\/\/helyiertek.derimuzeum.hu\/wp-content\/uploads\/2025\/04\/image003-1-567x1024.jpg 567w, https:\/\/helyiertek.derimuzeum.hu\/wp-content\/uploads\/2025\/04\/image003-1-480x867.jpg 480w\" sizes=\"(min-width: 0px) and (max-width: 480px) 480px, (min-width: 481px) 567px, 100vw\" \/><figcaption class=\"wp-element-caption\">\u00d6nt\u00f6tt \u00fcveg, kobaltk\u00e9k parf\u00fcmsz\u00f3r\u00f3<br>Magyar<br>Forr\u00e1s: D\u00e9ri M\u00fazeum<\/figcaption><\/figure>\n\n\n\n<p>Szint\u00e9n magyar, \u00e9s ebb\u0151l a korszakb\u00f3l sz\u00e1rmazik a <mark style=\"background-color:rgba(0, 0, 0, 0)\" class=\"has-inline-color has-black-color\">r\u00f3zsasz\u00edn \u00f6nt\u00f6tt \u00fcvegb\u0151l k\u00e9sz\u00fclt k\u00f6lnitart\u00f3<\/mark>, f\u00e9m f\u00fav\u00f3r\u00e9sszel. Ov\u00e1lis alak\u00fa, felfel\u00e9 domborodva sz\u0171k\u00fcl\u0151, bord\u00e1s test\u0171. Sz\u00f3r\u00f3feje nikkelezett f\u00e9mb\u0151l k\u00e9sz\u00fclt. (lsz.: III.2005.6.1.)<\/p>\n\n\n\n<figure class=\"wp-block-image aligncenter size-large\"><img decoding=\"async\" loading=\"lazy\" width=\"1024\" height=\"968\" src=\"https:\/\/helyiertek.derimuzeum.hu\/wp-content\/uploads\/2025\/04\/image001-1-1024x968.jpg\" alt=\"\" class=\"wp-image-4053\" srcset=\"https:\/\/helyiertek.derimuzeum.hu\/wp-content\/uploads\/2025\/04\/image001-1-1024x968.jpg 1024w, https:\/\/helyiertek.derimuzeum.hu\/wp-content\/uploads\/2025\/04\/image001-1-980x926.jpg 980w, https:\/\/helyiertek.derimuzeum.hu\/wp-content\/uploads\/2025\/04\/image001-1-480x454.jpg 480w\" sizes=\"(min-width: 0px) and (max-width: 480px) 480px, (min-width: 481px) and (max-width: 980px) 980px, (min-width: 981px) 1024px, 100vw\" \/><figcaption class=\"wp-element-caption\">\u00d6nt\u00f6tt \u00fcveg, r\u00f3zsasz\u00edn parf\u00fcmsz\u00f3r\u00f3<br>Magyar<br>Forr\u00e1s: D\u00e9ri M\u00fazeum<\/figcaption><\/figure>\n\n\n\n<p>Tegy\u00fcnk most egy kis utaz\u00e1st t\u00e9rben \u00e9s id\u0151ben, s l\u00e1ssunk egy cseh \u2013 \u00f6nmag\u00e1ban is iparm\u0171v\u00e9szeti remeknek beill\u0151 \u2013 <mark style=\"background-color:rgba(0, 0, 0, 0)\" class=\"has-inline-color has-black-color\">tej\u00fcveg, op\u00e1l k\u00f6lnisz\u00f3r\u00f3t<\/mark> (lsz.: III.72.10.1.) Kis barna-arany, kerek talpon \u00e1ll\u00f3 g\u00f6mb, sz\u00e1ja nikkelezett f\u00e9mb\u0151l k\u00e9sz\u00fclt. Alatta harmonikusan k\u00f6sz\u00f6n vissza a barna-arany d\u00edsz\u00edt\u00e9s. V\u00f6r\u00f6s h\u00e1l\u00f3s mint\u00e1n sz\u00ednes stiliz\u00e1lt nefelejcs mot\u00edvumok tal\u00e1lhat\u00f3k.<\/p>\n\n\n\n<figure class=\"wp-block-image aligncenter size-large\"><img decoding=\"async\" loading=\"lazy\" width=\"791\" height=\"1024\" src=\"https:\/\/helyiertek.derimuzeum.hu\/wp-content\/uploads\/2025\/04\/image002-1-791x1024.jpg\" alt=\"\" class=\"wp-image-4055\" srcset=\"https:\/\/helyiertek.derimuzeum.hu\/wp-content\/uploads\/2025\/04\/image002-1-791x1024.jpg 791w, https:\/\/helyiertek.derimuzeum.hu\/wp-content\/uploads\/2025\/04\/image002-1-480x621.jpg 480w\" sizes=\"(min-width: 0px) and (max-width: 480px) 480px, (min-width: 481px) 791px, 100vw\" \/><figcaption class=\"wp-element-caption\">Tej\u00fcveg, op\u00e1l parf\u00fcmsz\u00f3r\u00f3<br>Cseh<br>Forr\u00e1s: D\u00e9ri M\u00fazeum<\/figcaption><\/figure>\n\n\n\n<p>Szint\u00e9n cseh \u00e9s a 19. sz\u00e1zad v\u00e9g\u00e9r\u0151l sz\u00e1rmazik a <mark style=\"background-color:rgba(0, 0, 0, 0)\" class=\"has-inline-color has-black-color\">finoman d\u00edsz\u00edtett k\u00f6lnis\u00fcveg<\/mark>. (lsz.: III.72.12.) Form\u00e1ja lapos, korong alak\u00fa, k\u00f6zep\u00e9n beh\u00faz\u00e1ssal. Nyaka s\u00e1rgar\u00e9zb\u0151l k\u00e9sz\u00fclt, k\u00f6rbefut\u00f3 arany cs\u00edkokkal. Fels\u0151 lapj\u00e1n visszak\u00f6sz\u00f6n a h\u00e1l\u00f3szer\u0171 d\u00edsz\u00edt\u00e9s nyolc piros, stiliz\u00e1lt margar\u00e9tafejjel.<\/p>\n\n\n\n<figure class=\"wp-block-image aligncenter size-large\"><img decoding=\"async\" loading=\"lazy\" width=\"1024\" height=\"990\" src=\"https:\/\/helyiertek.derimuzeum.hu\/wp-content\/uploads\/2025\/04\/image004-1-1024x990.jpg\" alt=\"\" class=\"wp-image-4054\" srcset=\"https:\/\/helyiertek.derimuzeum.hu\/wp-content\/uploads\/2025\/04\/image004-1-1024x990.jpg 1024w, https:\/\/helyiertek.derimuzeum.hu\/wp-content\/uploads\/2025\/04\/image004-1-980x947.jpg 980w, https:\/\/helyiertek.derimuzeum.hu\/wp-content\/uploads\/2025\/04\/image004-1-480x464.jpg 480w\" sizes=\"(min-width: 0px) and (max-width: 480px) 480px, (min-width: 481px) and (max-width: 980px) 980px, (min-width: 981px) 1024px, 100vw\" \/><figcaption class=\"wp-element-caption\">S\u00e1rgar\u00e9z nyak\u00fa k\u00f6lnis\u00fcveg<br>Cseh<br>Forr\u00e1s: D\u00e9ri M\u00fazeum<\/figcaption><\/figure>\n\n\n\n<p><\/p>\n\n\n\n<p><strong>A gy\u00f6ny\u00f6r\u0171 sz\u00edn\u00e9szn\u0151 locsol\u00f3k\u00f6r\u00fatja<\/strong><\/p>\n\n\n\n<p><\/p>\n\n\n\n<figure class=\"wp-block-image aligncenter size-large\"><img decoding=\"async\" loading=\"lazy\" width=\"683\" height=\"1024\" src=\"https:\/\/helyiertek.derimuzeum.hu\/wp-content\/uploads\/2025\/04\/SzinhaziElet_1933_18-1695894780__pages65-69-1-001-683x1024.jpg\" alt=\"\" class=\"wp-image-4060\" srcset=\"https:\/\/helyiertek.derimuzeum.hu\/wp-content\/uploads\/2025\/04\/SzinhaziElet_1933_18-1695894780__pages65-69-1-001-683x1024.jpg 683w, https:\/\/helyiertek.derimuzeum.hu\/wp-content\/uploads\/2025\/04\/SzinhaziElet_1933_18-1695894780__pages65-69-1-001-480x720.jpg 480w\" sizes=\"(min-width: 0px) and (max-width: 480px) 480px, (min-width: 481px) 683px, 100vw\" \/><figcaption class=\"wp-element-caption\">Forr\u00e1s: Arcanum<\/figcaption><\/figure>\n\n\n\n<p><\/p>\n\n\n\n<p>Az itt bemutatottakhoz hasonl\u00f3an sz\u00e9p k\u00f6lnis\u00fcveggel indulhatott locsol\u00f3k\u00f6r\u00fatj\u00e1ra <a href=\"https:\/\/nfi.hu\/filmarchivum\/kutatasoktatas\/hungarika-kutatas-1\/magyarok-a-vilag-filmgyartasaban\/murati-lili-1911-2003.html\">Mur\u00e1ti Lili<\/a> m\u0171v\u00e9szn\u0151 is 1933 h\u00fasv\u00e9tj\u00e1n. A filmv\u00e1sznon \u00e9s sz\u00ednh\u00e1zban is <mark style=\"background-color:rgba(0, 0, 0, 0)\" class=\"has-inline-color has-black-color\">gyakran er\u0151s, f\u00fcggetlen n\u0151ket j\u00e1tsz\u00f3 sz\u00edn\u00e9szn\u0151<\/mark> <em>els\u0151 nadr\u00e1gszerepe kapcs\u00e1n<\/em> vette a fej\u00e9be, hogy <em>h\u00fasv\u00e9ti locsol\u00f3k\u00f6r\u00fatra indul a pesti b\u00e1lkir\u00e1lyn\u0151kh\u00f6z<\/em>. Sz\u00f3 szerint \u00e9rtend\u0151 a nadr\u00e1gszerep, mert els\u0151 f\u00e9rfiruh\u00e1ja \u00e9pp a h\u00fasv\u00e9ti \u00fcnnepekre k\u00e9sz\u00fclt el. A <em>Sz\u00ednh\u00e1zi \u00c9let<\/em> besz\u00e1mol\u00f3ja szerint sz\u00e1mos helyen megfordult, \u00e9s <em>minden esetben b\u0151s\u00e9gesen honor\u00e1lt\u00e1k <\/em>nem mindennapi gesztus\u00e1t. <\/p>\n\n\n\n<blockquote class=\"wp-block-quote\">\n<p>A teljess\u00e9g ig\u00e9nye n\u00e9lk\u00fcl: vir\u00e1got, k\u00e9t selyem piros toj\u00e1st, k\u00e9t nagy poh\u00e1r vermutot, k\u00e9t csokol\u00e1d\u00e9 nyulat, h\u00e1rom csokol\u00e1d\u00e9toj\u00e1st, egy porcel\u00e1n \u00e9s egy poszt\u00f3 h\u00fasv\u00e9ti csirk\u00e9t kapott \u201ekeresm\u00e9ny\u00fcl\u201d.<\/p>\n<\/blockquote>\n\n\n\n<p><\/p>\n\n\n\n<p><strong>Piros toj\u00e1s Blaha Lujz\u00e1nak<\/strong><\/p>\n\n\n\n<p><\/p>\n\n\n\n<figure class=\"wp-block-image aligncenter size-large\"><img decoding=\"async\" loading=\"lazy\" width=\"661\" height=\"1024\" src=\"https:\/\/helyiertek.derimuzeum.hu\/wp-content\/uploads\/2025\/04\/SzinhaziElet_1921_14-1695868765__pages12-20-1-001-661x1024.jpg\" alt=\"\" class=\"wp-image-4061\" srcset=\"https:\/\/helyiertek.derimuzeum.hu\/wp-content\/uploads\/2025\/04\/SzinhaziElet_1921_14-1695868765__pages12-20-1-001-661x1024.jpg 661w, https:\/\/helyiertek.derimuzeum.hu\/wp-content\/uploads\/2025\/04\/SzinhaziElet_1921_14-1695868765__pages12-20-1-001-480x744.jpg 480w\" sizes=\"(min-width: 0px) and (max-width: 480px) 480px, (min-width: 481px) 661px, 100vw\" \/><figcaption class=\"wp-element-caption\">Forr\u00e1s: Arcanum<\/figcaption><\/figure>\n\n\n\n<p><\/p>\n\n\n\n<p>A <em>Sz\u00ednh\u00e1zi \u00c9let<\/em> sz\u00e1molt be 1921. tavasz\u00e1n <em>\u201eH\u00fasv\u00e9ti locsol\u00e1s\u201d<\/em> c\u00edm\u0171 \u00edr\u00e1s\u00e1ban egy szint\u00e9n nem szokv\u00e1nyos szerepcser\u00e9r\u0151l: a t\u00e1rca szerz\u0151je <a href=\"https:\/\/www.hangosfilm.hu\/filmenciklopedia\/zsoldos-andor\">Zsoldos Andor <\/a>(k\u00e9s\u0151bb Andr\u00e9 Zsoldos) egy Szakm\u00e1ry nevezet\u0171 rajzol\u00f3t k\u00e9rt meg, hogy k\u00e9sz\u00edtsen <mark style=\"background-color:rgba(0, 0, 0, 0)\" class=\"has-inline-color has-black-color\">kilenc, n\u00e9vre sz\u00f3l\u00f3 toj\u00e1st<\/mark>, \u00e9s olyan rajzok ker\u00fcljenek r\u00e1juk amelyek<mark style=\"background-color:rgba(0, 0, 0, 0)\" class=\"has-inline-color has-black-color\"> m\u00e9lt\u00f3k\u00e9pp t\u00fckr\u00f6zik a kiv\u00e1lasztott nagyszer\u0171 m\u0171v\u00e9szn\u0151k egy\u00e9nis\u00e9g\u00e9t, jelesebb szerepeit<\/mark>. P\u00e9ld\u00e1ul a <em><a href=\"https:\/\/mult-kor.hu\/hetevesen-lepett-eloszor-szinpadra-blaha-lujza-a-nemzet-csaloganya-20240908\">Blaha Lujz\u00e1\u00e9<\/a> magyar n\u00e9psz\u00ednm\u0171 ruh\u00e1ba \u00f6lt\u00f6ztetett nyuszikat <\/em>\u00e1br\u00e1zolt. A f\u00e9nyk\u00e9pekkel gazdagon illusztr\u00e1lt \u00edr\u00e1s k\u00f6z\u00f6s von\u00e1sa a nem mindennapi, rendk\u00edv\u00fcl szellemes gesztusokon t\u00fal az, hogy nem meglep\u0151 m\u00f3don, sem Mur\u00e1ti Lili, sem Zsoldos Andor nem voltak szomjasak a k\u00f6r\u00fatjuk v\u00e9g\u00e9re.<\/p>\n\n\n\n<figure class=\"wp-block-pullquote has-text-align-center\"><blockquote><p>Le\u00fclt\u00fcnk a nagy szalonban, a sok eml\u00e9k k\u00f6z\u00e9, alig tudja itt az ember mit n\u00e9zzen el\u0151bb! Azt\u00e1n semmit sem n\u00e9z \u2013 csak Blah\u00e1n\u00e9t&#8230; A piros toj\u00e1s a parasztruh\u00e1s nyulakkal nagy \u00f6r\u00f6met okoz a nagyasszonynak\u2026 Azt\u00e1n t\u00f6lt a nagyasszony a karcs\u00fa v\u00e9kony poh\u00e1rba, valami \u00e9des italt. Ez a legjobban esett, Blaha Lujza t\u00f6lt\u00f6tte\u2026\u201d <br>Ez a fajta megvend\u00e9gel\u00e9s a teljess\u00e9g ig\u00e9nye n\u00e9lk\u00fcl Solti Herminn\u00e9l, R. L\u00e1bass Jucin\u00e1l, Magyar Erzsin\u00e9l, Vars\u00e1nyi Ir\u00e9nn\u00e9l, Kos\u00e1ry Emmyn\u00e9l is megism\u00e9tl\u0151dik. Nem v\u00e9letlen teh\u00e1t a cikkben a szerz\u0151 utols\u00f3 mondata: <br><br><em><mark style=\"background-color:rgba(0, 0, 0, 0)\" class=\"has-inline-color has-black-color\">\u201eMi lenne, ha p\u00e1link\u00e1val kellene locsolni \u00e9s v\u00edzzel k\u00edn\u00e1ln\u00e1k az embert?\u201d<\/mark><\/em><\/p><\/blockquote><\/figure>\n\n\n\n<p><\/p>\n\n\n\n<p><mark style=\"background-color:rgba(0, 0, 0, 0)\" class=\"has-inline-color has-black-color\">T\u00f3th \u00c1rp\u00e1d tal\u00e1n kev\u00e9ss\u00e9 ismert h\u00fasv\u00e9ti vers\u00e9vel<\/mark> z\u00e1rom blogbejegyz\u00e9sem. Ez a m\u0171ve az akkor m\u00e9g Debrecenben \u00e9l\u0151 \u00e9s alkot\u00f3 kiv\u00e1l\u00f3 k\u00f6lt\u0151nek <mark style=\"background-color:rgba(0, 0, 0, 0)\" class=\"has-inline-color has-black-color\">1912-ben<\/mark> l\u00e1tott napvil\u00e1got:<\/p>\n\n\n\n<p class=\"has-text-align-center\"><em>T\u00f3th \u00c1rp\u00e1d: H\u00fasv\u00e9ti versike<\/em><\/p>\n\n\n\n<p class=\"has-text-align-center\"><em>Al\u00e1szolg\u00e1ja!<br>A Ludas Matyi-p\u00e1lya,<br>Isten bizony neh\u00e9z e&#8217; &#8211;<br>Erre n\u00e9zve<br>Nem lehet senkinek agg\u00e1lya,<br>A legaggabb g\u00e1ncsol\u00f3k agg m\u00e1ja<br>Se irigyelheti eztet<br>A szomor\u00fa keresztet.<\/em><br>&nbsp;<\/p>\n\n\n\n<p class=\"has-text-align-center\"><em>P\u00e9ld\u00e1ul k\u00e9rem,<br>Most is meg kell \u0151rizni<br>A hidegv\u00e9rem,<br>Mikor e sz\u00e9p \u00e1prilisi t\u00e9lbe<br>Arra vagyok it\u00e9lve,<br>Hogy ahelyett, hogy korcsoly\u00e1t \u00f6ltve<br>Kisiklan\u00e9k a nagyerdei z\u00f6ldbe,<br>Hogy r\u00e9szint gy\u00f6ngyvir\u00e1got szedjek ottan,<br>S r\u00e9szint ott maradjak megfagyottan,<br>Mint az ismeretes megfagyott gyermek,<br>Ahelyett a sors azzal ver meg,<br>Hogy h\u00fasv\u00e9ti verseket ontsak,<br>Holott j\u00f3 alkalmi verset,<br>Z\u00e1pot s fanyarat s nyerset<br>Gyan Thula vers\u00edr\u00f3ja ont csak.<\/em><br>&nbsp;<\/p>\n\n\n\n<p class=\"has-text-align-center\"><em>H\u00e1t itt a husv\u00e9t, alleluja!<br>\u00c9s ilyenkor \u00f6nt\u00f6zk\u00f6dni szok\u00e1s,<br>S az ez\u00fcstbok\u00e1s<br>Ver\u0151f\u00e9ny t\u00e1ncol az emberek sziv\u00e9ben,<br>S a tavaszi ver\u00e9b dudol\u00e1sz a f\u00e1kon,<br>Mint valami kis sz\u00e1rnyas furulya,<br>S a t\u00e9likab\u00e1tot z\u00e1logba v\u00e1gom,<br>S randev\u00fara h\u00edvom az ide\u00e1lom<br>&#8211; \u00c9s a t\u00f6bbi, sat\u00f6bbi, sat\u00f6bbi,<br>Amit m\u00e1r nem szok\u00e1s<br>Senkinek az orr\u00e1ra k\u00f6tni.<\/em><br>&nbsp;<\/p>\n\n\n\n<p class=\"has-text-align-center\"><em>Persze, persze,<br>\u00cdgy k\u00e9ne tenni,<br>Jaj, de \u00edgy tenni<br>Kinek van mersze?<br>Az ember ak\u00e1rhov\u00e1 gukkerez f\u00f6l,<br>Az \u00e9gen viharfelh\u0151 feket\u00e9l,<br>\u00c9s minden h\u00e1zereszb\u0151l<br>J\u00e9gcsapot csapol a tavaszi sz\u00e9l,<br>Jaj bizony,<br>A tavasznak k\u00e1mpec!<br>Ford\u00edtott vil\u00e1g ez,<br>Baj s iszony,<br>K\u00e1mpec a h\u00fasv\u00e9tnak<br>\u00c9s a randev\u00fanak,<br>Sz\u00edv\u00fcnket alb\u00e9rletbe<br>Ki kell adni<br>A randa b\u00fanak.<\/em><\/p>\n\n\n\n<hr class=\"wp-block-separator has-alpha-channel-opacity\"\/>\n\n\n\n<p><\/p>\n\n\n\n<p><mark style=\"background-color:rgba(0, 0, 0, 0)\" class=\"has-inline-color has-black-color\">Felhaszn\u00e1lt irodalom:<\/mark><\/p>\n\n\n\n<ul>\n<li><em>Polg\u00e1ri Sikk<\/em>: D\u00e9ri M\u00fazeum ki\u00e1ll\u00edt\u00e1si katal\u00f3gus, Debrecen, Litogr\u00e1fia nyomda, 2020. 97\u201399.<\/li>\n\n\n\n<li><em>Sz\u00ednh\u00e1zi \u00c9let<\/em>: \u201eH\u00fasv\u00e9ti locsol\u00e1s\u201d 1921. \u00e1prilis 3\u20139. 10\u201314.<\/li>\n\n\n\n<li><em>Sz\u00ednh\u00e1zi \u00c9let<\/em>: \u201eMur\u00e1ti Lili h\u00fasv\u00e9ti locsol\u00f3k\u00f6r\u00fatja a pesti b\u00e1lkir\u00e1lyn\u0151kn\u00e9l\u201d 1933. \u00e1prilis 23\u201329. 69\u201372.<\/li>\n\n\n\n<li><em>T\u00f3th \u00c1rp\u00e1d \u00f6sszes verse<\/em>. Sz\u00e9pirodalmi k\u00f6nyvkiad\u00f3 1979.<\/li>\n<\/ul>\n","protected":false},"excerpt":{"rendered":"<p>Szerz\u0151: Ormosi Vikt\u00f3ria<br \/>\nBlogunkon \u00e9s a D\u00e9ri M\u00fazeum facebook oldal\u00e1n \u00e9vr\u0151l-\u00e9vre bemutatunk hagyom\u00e1nyos, a h\u00fasv\u00e9ttal \u00f6sszef\u00fcgg\u00e9sbe hozhat\u00f3 m\u0171t\u00e1rgyakat, esem\u00e9nyeket. Id\u00e9n ezek mellett korabeli, megh\u00f6kkent\u0151nek mondhat\u00f3 v\u00e1rosi t\u00f6rt\u00e9n\u00e9sekb\u0151l is szemezgetek.<\/p>\n","protected":false},"author":5,"featured_media":4055,"comment_status":"open","ping_status":"closed","sticky":false,"template":"","format":"standard","meta":{"_et_pb_use_builder":"off","_et_pb_old_content":"","_et_gb_content_width":""},"categories":[40,33],"tags":[95,109,70,59,80,169],"_links":{"self":[{"href":"https:\/\/helyiertek.derimuzeum.hu\/index.php?rest_route=\/wp\/v2\/posts\/4051"}],"collection":[{"href":"https:\/\/helyiertek.derimuzeum.hu\/index.php?rest_route=\/wp\/v2\/posts"}],"about":[{"href":"https:\/\/helyiertek.derimuzeum.hu\/index.php?rest_route=\/wp\/v2\/types\/post"}],"author":[{"embeddable":true,"href":"https:\/\/helyiertek.derimuzeum.hu\/index.php?rest_route=\/wp\/v2\/users\/5"}],"replies":[{"embeddable":true,"href":"https:\/\/helyiertek.derimuzeum.hu\/index.php?rest_route=%2Fwp%2Fv2%2Fcomments&post=4051"}],"version-history":[{"count":9,"href":"https:\/\/helyiertek.derimuzeum.hu\/index.php?rest_route=\/wp\/v2\/posts\/4051\/revisions"}],"predecessor-version":[{"id":4075,"href":"https:\/\/helyiertek.derimuzeum.hu\/index.php?rest_route=\/wp\/v2\/posts\/4051\/revisions\/4075"}],"wp:featuredmedia":[{"embeddable":true,"href":"https:\/\/helyiertek.derimuzeum.hu\/index.php?rest_route=\/wp\/v2\/media\/4055"}],"wp:attachment":[{"href":"https:\/\/helyiertek.derimuzeum.hu\/index.php?rest_route=%2Fwp%2Fv2%2Fmedia&parent=4051"}],"wp:term":[{"taxonomy":"category","embeddable":true,"href":"https:\/\/helyiertek.derimuzeum.hu\/index.php?rest_route=%2Fwp%2Fv2%2Fcategories&post=4051"},{"taxonomy":"post_tag","embeddable":true,"href":"https:\/\/helyiertek.derimuzeum.hu\/index.php?rest_route=%2Fwp%2Fv2%2Ftags&post=4051"}],"curies":[{"name":"wp","href":"https:\/\/api.w.org\/{rel}","templated":true}]}}