{"id":3920,"date":"2025-02-07T14:19:39","date_gmt":"2025-02-07T13:19:39","guid":{"rendered":"https:\/\/helyiertek.derimuzeum.hu\/?p=3920"},"modified":"2025-02-07T14:19:40","modified_gmt":"2025-02-07T13:19:40","slug":"farsangi-bali-szezonra-hangolva","status":"publish","type":"post","link":"https:\/\/helyiertek.derimuzeum.hu\/?p=3920","title":{"rendered":"Farsangi, b\u00e1li szezonra hangolva"},"content":{"rendered":"\n<p>Szerz\u0151: Ormosi Vikt\u00f3ria <\/p>\n\n\n\n<p><\/p>\n\n\n\n<p>\u00d6t \u00e9vvel ezel\u0151tt, a D\u00e9ri M\u00fazeum egy k\u00fcl\u00f6nleges id\u0151szaki ki\u00e1ll\u00edt\u00e1sa, a <a href=\"https:\/\/www.derimuzeum.hu\/kiadvanyaink.php?id=4\">Polg\u00e1ri sikk<\/a> a n\u0151i divatt\u00f6rt\u00e9net v\u00e1ltoz\u00e1sait mutatta be. A ki\u00e1ll\u00edt\u00e1s a <mark style=\"background-color:rgba(0, 0, 0, 0)\" class=\"has-inline-color has-black-color\">polg\u00e1ri k\u00f6z\u00e9poszt\u00e1ly \u00f6lt\u00f6zk\u00f6d\u00e9si szok\u00e1sait<\/mark> k\u00f6vette v\u00e9gig a kiegyez\u00e9st\u0151l kezdve a m\u00e1sodik vil\u00e1gh\u00e1bor\u00fa kit\u00f6r\u00e9s\u00e9ig. A h\u00e9tk\u00f6znapi viseletek mellett helyet kaptak az alkalmi ruh\u00e1k is, melyek r\u00e9v\u00e9n <mark style=\"background-color:rgba(0, 0, 0, 0)\" class=\"has-inline-color has-black-color\">egy korabeli b\u00e1li forgatagba<\/mark> cs\u00f6ppenhetett a l\u00e1togat\u00f3. Az al\u00e1bbiakban egy t\u00e1rgymese csokorral id\u00e9zz\u00fck meg az elm\u00falt korok b\u00e1li szezonj\u00e1nak hangulat\u00e1t. <\/p>\n\n\n\n<p><\/p>\n\n\n\n<p><strong>Els\u0151 b\u00e1losok feh\u00e9rben, v\u00e9nl\u00e1nyok lil\u00e1ban<\/strong><\/p>\n\n\n\n<p>(El\u0151z\u0151 megjelen\u00e9s: <a href=\"https:\/\/derimuzeum.hu\/kiallitasok.php?id=25\">D\u00e9ri M\u00fazeum Blog<\/a>)<\/p>\n\n\n\n<p><mark style=\"background-color:rgba(0, 0, 0, 0)\" class=\"has-inline-color has-black-color\">B\u00e1lokat egykor majdnem minden t\u00e1rsadalmi r\u00e9teg rendezett<\/mark>, az \u00f6sszes egylet, hivatal, ipartest\u00fclet tartott t\u00e1ncmulats\u00e1gokat. <mark style=\"background-color:rgba(0, 0, 0, 0)\" class=\"has-inline-color has-black-color\">Jelent\u0151s t\u00e1rsas\u00e1gi esem\u00e9nyek<\/mark> voltak ezek a farsangi id\u0151szakban. A legt\u00f6bb b\u00e1l hagyom\u00e1nyosan, \u00e9vr\u0151l \u00e9vre majdnem azonos \u201emenetrenddel\u201d zajlott. A legjelent\u0151sebbeket a f\u0151v\u00e1rosban rendezt\u00e9k, legt\u00f6bbsz\u00f6r a nagyobb sz\u00e1ll\u00f3kban vagy a Vigad\u00f3ban.<\/p>\n\n\n\n<blockquote class=\"wp-block-quote\">\n<p>\u00c1m a Debreceni Kaszin\u00f3 b\u00e1ljai is nagy esem\u00e9nynek sz\u00e1m\u00edtottak. Ide a Tisz\u00e1nt\u00fal minden r\u00e9sz\u00e9r\u0151l \u00e9rkeztek vend\u00e9gek, az \u00fajs\u00e1gok el\u0151re besz\u00e1moltak a programr\u00f3l, azt k\u00f6vet\u0151en pedig \u2013 a mai t\u00e1rsas\u00e1gi lapokhoz hasonl\u00f3an arr\u00f3l is \u2013, hogy kik jelentek meg, s milyen toaletteket viseltek.<\/p>\n<\/blockquote>\n\n\n\n<p>Az <mark style=\"background-color:rgba(0, 0, 0, 0)\" class=\"has-inline-color has-black-color\">els\u0151 b\u00e1loz\u00f3 l\u00e1nyok megjelen\u00e9se igen egyszer\u0171 volt<\/mark>, feh\u00e9r fodros t\u00fcll vagy muszlin ruh\u00e1t illett viselni\u00fck az els\u0151 szezonban. Azt k\u00f6vet\u0151en m\u00e1r r\u00f3zsasz\u00edn vagy vil\u00e1gosk\u00e9k is lehetett a ruha, s ha m\u00e1r t\u00f6bb \u00e9ve farsangoltak \u00e9s nem keltek el, j\u00f6hetett a v\u00f6r\u00f6s, s\u00e1rga vagy lila \u00f6lt\u00f6z\u00e9k. Ezeket a sz\u00edneket persze kevesen v\u00e1lasztott\u00e1k, mert ugyan ki akarta volna felh\u00edvni a figyelmet arra, hogy v\u00e9nl\u00e1ny? <mark style=\"background-color:rgba(0, 0, 0, 0)\" class=\"has-inline-color has-black-color\">A fiatal asszonyok sokkal kih\u00edv\u00f3bban \u00f6lt\u00f6zhettek<\/mark>, a legpomp\u00e1sabb ruh\u00e1kban t\u00fcnd\u00f6k\u00f6lhettek mer\u00e9szebb dekolt\u00e1zzsal \u00e9s pazar \u00e9kszerekkel. \u00c1m ahogy \u00e9veik szaporodtak, a h\u00f6lgyek egyre visszafogottabb sz\u00edn\u0171 \u00f6lt\u00f6z\u00e9ket viselhettek.<\/p>\n\n\n\n<figure class=\"wp-block-image aligncenter size-large\"><img decoding=\"async\" loading=\"lazy\" width=\"521\" height=\"1024\" src=\"https:\/\/helyiertek.derimuzeum.hu\/wp-content\/uploads\/2025\/02\/image002-521x1024.jpg\" alt=\"\" class=\"wp-image-3924\" srcset=\"https:\/\/helyiertek.derimuzeum.hu\/wp-content\/uploads\/2025\/02\/image002-521x1024.jpg 521w, https:\/\/helyiertek.derimuzeum.hu\/wp-content\/uploads\/2025\/02\/image002-480x944.jpg 480w\" sizes=\"(min-width: 0px) and (max-width: 480px) 480px, (min-width: 481px) 521px, 100vw\" \/><figcaption class=\"wp-element-caption\">Fot\u00f3: Luk\u00e1cs Tiham\u00e9r<br>D\u00e9ri M\u00fazeum<\/figcaption><\/figure>\n\n\n\n<p><mark style=\"background-color:rgba(0, 0, 0, 0)\" class=\"has-inline-color has-black-color\">A csokortart\u00f3 a ruh\u00e1k d\u00edszes, eleg\u00e1ns kieg\u00e9sz\u00edt\u0151je <\/mark>volt. F\u0151leg <mark style=\"background-color:rgba(0, 0, 0, 0)\" class=\"has-inline-color has-black-color\">a 19. sz\u00e1zadb\u00f3l maradtak fent <\/mark>a k\u00e9pen l\u00e1that\u00f3hoz hasonl\u00f3 darabok a vil\u00e1g m\u00fazeumaiban. A D\u00e9ri M\u00fazeum e t\u00e1rgya gy\u00f6ngyh\u00e1zb\u00f3l \u00e9s dombor\u00edtott lemezb\u0151l k\u00e9sz\u00fclt. A n\u00e9gysz\u00f6gletes tart\u00f3 t\u00f6bbsz\u00f6r\u00f6sen tagolt, eszterg\u00e1lt nyel\u0171, barokk d\u00edsz\u00edt\u00e9s\u0171. Ut\u00f3bbi aranyozott, zom\u00e1ncos, sz\u00ednes, stiliz\u00e1lt vir\u00e1gokat form\u00e1l. A finom darab v\u00e9kony l\u00e1nc\u00e1n csokort\u0171 \u00e9s ujjkarika tal\u00e1lhat\u00f3, a b\u00e1lban ez k\u00f6nny\u00edtette meg a h\u00f6lgyek sz\u00e1m\u00e1ra a mozg\u00e1st, a t\u00e1ncot.<\/p>\n\n\n\n<p><\/p>\n\n\n\n<p><strong>L\u00e9gies sz\u00e9ps\u00e9gek<\/strong><\/p>\n\n\n\n<p>(El\u0151z\u0151 megjelen\u00e9s: <a href=\"https:\/\/derimuzeum.hu\/muzeumiblog.php?id=17\">D\u00e9ri M\u00fazeum Blog<\/a>)<\/p>\n\n\n\n<p>A D\u00e9ri M\u00fazeum Polg\u00e1ri sikk c\u00edm\u0171 id\u0151szaki ki\u00e1ll\u00edt\u00e1sa az 1860-as \u00e9vekt\u0151l az 1940-es \u00e9vekig tart\u00f3 korszak divatj\u00e1nak leg\u00e9rdekesebb v\u00e1ltoz\u00e1sait mutatja be.<\/p>\n\n\n\n<p>E korban a kieg\u00e9sz\u00edt\u0151k, k\u00f6z\u00fcl\u00fck is <mark style=\"background-color:rgba(0, 0, 0, 0)\" class=\"has-inline-color has-black-color\">a legyez\u0151k hangs\u00falyos szerepet<\/mark> kaptak. \u00c1lomb\u00e9li utcak\u00e9p mutatja be \u0151ket a ki\u00e1ll\u00edt\u00e1s fal\u00e1n. A divatos<mark style=\"background-color:rgba(0, 0, 0, 0)\" class=\"has-inline-color has-black-color\"> legyez\u0151k <\/mark>ugyanis nemcsak a b\u00e1li ruh\u00e1k elmaradhatatlan tartoz\u00e9kai, de ak\u00e1r <mark style=\"background-color:rgba(0, 0, 0, 0)\" class=\"has-inline-color has-black-color\">utcai viselethez, korz\u00f3z\u00e1shoz is haszn\u00e1lt\u00e1k \u0151ket<\/mark>. A kor divatos darabjai, a r\u00e9gi rokok\u00f3 legyez\u0151k ut\u00e1nzatai csipk\u00e9b\u0151l k\u00e9sz\u00fcltek. A ki\u00e1ll\u00edt\u00e1s legyez\u0151fal\u00e1n l\u00e1that\u00f3, barna k\u00fcll\u0151kre ragasztott alkalmi kieg\u00e9sz\u00edt\u0151 anyaga is fekete csipke, rajta vir\u00e1gos, leveles, ind\u00e1s mot\u00edvumok, d\u00fas d\u00edsz\u00edt\u00e9se figyelhet\u0151 meg. Kedveltek voltak a pap\u00edr legyez\u0151k is, helyet kapott a t\u00e1rlatban egy olyan darab, melynek egyik oldal\u00e1n vir\u00e1gos \u00e1gak k\u00f6z\u00f6tt debreceni l\u00e1tk\u00e9pek, k\u00f6z\u00e9p\u00fcletek \u00e9s Csokonai szobra is felfedezhet\u0151k.<\/p>\n\n\n\n<figure class=\"wp-block-image aligncenter size-large\"><img decoding=\"async\" loading=\"lazy\" width=\"1024\" height=\"704\" src=\"https:\/\/helyiertek.derimuzeum.hu\/wp-content\/uploads\/2025\/02\/image003-1024x704.jpg\" alt=\"\" class=\"wp-image-3925\" srcset=\"https:\/\/helyiertek.derimuzeum.hu\/wp-content\/uploads\/2025\/02\/image003-980x674.jpg 980w, https:\/\/helyiertek.derimuzeum.hu\/wp-content\/uploads\/2025\/02\/image003-480x330.jpg 480w\" sizes=\"(min-width: 0px) and (max-width: 480px) 480px, (min-width: 481px) and (max-width: 980px) 980px, (min-width: 981px) 1024px, 100vw\" \/><figcaption class=\"wp-element-caption\">Fot\u00f3: Luk\u00e1cs Tiham\u00e9r<br>D\u00e9ri M\u00fazeum<\/figcaption><\/figure>\n\n\n\n<p>M\u00e1sik oldal\u00e1ra pedig a debreceni egyetem jav\u00e1ra rendezett sz\u00edniel\u0151ad\u00e1s szerepl\u0151inek f\u00e9nyk\u00e9pei ker\u00fcltek. N\u00e9pszer\u0171 volt egy-egy kir\u00e1ndul\u00e1s meg\u00f6r\u00f6k\u00edt\u00e9se is. A f\u00e1b\u00f3l k\u00e9sz\u00fclt, \u00e1tt\u00f6rt k\u00fcll\u0151s legyez\u0151n k\u00e9t festett k\u00e9k-r\u00f3zsasz\u00edn vir\u00e1gcsokor k\u00f6z\u00f6tt Abb\u00e1zia f\u00e9nyk\u00e9pe l\u00e1that\u00f3.<\/p>\n\n\n\n<blockquote class=\"wp-block-quote\">\n<p>A legyez\u0151k az alkalmaknak megfelel\u0151en is k\u00fcl\u00f6nb\u00f6ztek egym\u00e1st\u00f3l, a nappali egyszer\u0171, kev\u00e9sb\u00e9 \u00e9kes volt, m\u00edg a b\u00e1li gyakran tolld\u00edszes.<\/p>\n<\/blockquote>\n\n\n\n<p> <\/p>\n\n\n\n<figure class=\"wp-block-image aligncenter size-large\"><img decoding=\"async\" loading=\"lazy\" width=\"1024\" height=\"594\" src=\"https:\/\/helyiertek.derimuzeum.hu\/wp-content\/uploads\/2025\/02\/image004-1024x594.jpg\" alt=\"\" class=\"wp-image-3926\" srcset=\"https:\/\/helyiertek.derimuzeum.hu\/wp-content\/uploads\/2025\/02\/image004-980x568.jpg 980w, https:\/\/helyiertek.derimuzeum.hu\/wp-content\/uploads\/2025\/02\/image004-480x278.jpg 480w\" sizes=\"(min-width: 0px) and (max-width: 480px) 480px, (min-width: 481px) and (max-width: 980px) 980px, (min-width: 981px) 1024px, 100vw\" \/><figcaption class=\"wp-element-caption\">Fot\u00f3: Luk\u00e1cs Tiham\u00e9r<br>D\u00e9ri M\u00fazeum<\/figcaption><\/figure>\n\n\n\n<p><\/p>\n\n\n\n<p>Az 1880-as \u00e9vekben jelentek meg a<mark style=\"background-color:rgba(0, 0, 0, 0)\" class=\"has-inline-color has-black-color\"> jap\u00e1n mint\u00e1s darabok<\/mark>, melyek e t\u00e1voli orsz\u00e1g mot\u00edvumkincs\u00e9t, csod\u00e1s term\u00e9szet\u00e1br\u00e1zol\u00e1s\u00e1t t\u00fckr\u00f6zik. A fak\u00fcll\u0151s legyez\u0151n festett fa\u00e1gon hint\u00e1n \u00fcl\u0151 mad\u00e1rka, rep\u00fcl\u0151 pillang\u00f3 l\u00e1that\u00f3. Hasonl\u00f3 idilli hangulatot t\u00fckr\u00f6z\u0151 mot\u00edvum k\u00f6sz\u00f6nt vissza a bemutatott finoman munk\u00e1lt legyez\u0151tokon. A lakk, festett selyemmel b\u00e9lelt tart\u00f3 bels\u0151 d\u00edsz\u00edt\u00e9s\u00e9nek l\u00e1tv\u00e1nya \u2013 d\u00fasan vir\u00e1gz\u00f3 ind\u00e1s vir\u00e1gokkal, madarakkal \u2013 p\u00e1ratlan \u00e9lm\u00e9nyt ny\u00fajt.<\/p>\n\n\n\n<p><\/p>\n\n\n\n<p><strong>Icuka b\u00e1lozik<\/strong><\/p>\n\n\n\n<p>(El\u0151z\u0151 megjelen\u00e9s: <a href=\"https:\/\/derimuzeum.hu\/muzeumiblog.php?id=22\">D\u00e9ri M\u00fazeum Blog<\/a>)<\/p>\n\n\n\n<p>A D\u00e9ri M\u00fazeum Polg\u00e1ri sikk c\u00edm\u0171 ki\u00e1ll\u00edt\u00e1s\u00e1ban n\u00e9gy vitrint t\u00f6bbek k\u00f6z\u00f6tt divatkieg\u00e9sz\u00edt\u0151kkel, t\u00e1ncrendekkel, pipereholmikkal rendezt\u00fcnk be. K\u00f6z\u00f6tt\u00fck l\u00e1that\u00f3 egy <mark style=\"background-color:rgba(0, 0, 0, 0)\" class=\"has-inline-color has-black-color\">ez\u00fcst p\u00fadertart\u00f3 az 1930-as \u00e9vekb\u0151l<\/mark>. A finom darab n\u00e9gyzet alak\u00fa, felnyithat\u00f3 tetej\u0171, eleg\u00e1ns \u00f6tv\u00f6s munka, melyet v\u00e9sett kock\u00e1z\u00e1s d\u00edsz\u00edt. Tetej\u00e9n egy monogram &#8211; \u201eBI\u201d &#8211; is kivehet\u0151. A l\u00e1togat\u00f3 elj\u00e1tszhat a gondolattal, vajon kit takarhat a k\u00e9t bet\u0171? Eset\u00fcnkben egy gy\u00f6ny\u00f6r\u0171 vid\u00e9ki tan\u00edt\u00f3n\u0151, Bancsi Ilona k\u00e9pe rajzol\u00f3dik ki.<\/p>\n\n\n\n<figure class=\"wp-block-image aligncenter size-large\"><img decoding=\"async\" loading=\"lazy\" width=\"1024\" height=\"893\" src=\"https:\/\/helyiertek.derimuzeum.hu\/wp-content\/uploads\/2025\/02\/image001-1024x893.jpg\" alt=\"\" class=\"wp-image-3927\" srcset=\"https:\/\/helyiertek.derimuzeum.hu\/wp-content\/uploads\/2025\/02\/image001-1024x893.jpg 1024w, https:\/\/helyiertek.derimuzeum.hu\/wp-content\/uploads\/2025\/02\/image001-980x855.jpg 980w, https:\/\/helyiertek.derimuzeum.hu\/wp-content\/uploads\/2025\/02\/image001-480x419.jpg 480w\" sizes=\"(min-width: 0px) and (max-width: 480px) 480px, (min-width: 481px) and (max-width: 980px) 980px, (min-width: 981px) 1024px, 100vw\" \/><figcaption class=\"wp-element-caption\">Bancsi Ilona vid\u00e9ki tan\u00edt\u00f3n\u0151 p\u00fadertart\u00f3ja az 1930-as \u00e9vekb\u0151l<br>Fot\u00f3: Luk\u00e1cs Tiham\u00e9r<br>D\u00e9ri M\u00fazeum<\/figcaption><\/figure>\n\n\n\n<p>Lesz\u00e1rmazottainak k\u00f6sz\u00f6nhet\u0151en tudhat\u00f3, hogy sz\u00fclei egyetlen gyermekek\u00e9nt m\u00e1r kisl\u00e1nykor\u00e1ban nagyon sz\u00e9pen \u00f6lt\u00f6zk\u00f6d\u00f6tt. A csal\u00e1d vid\u00e9ken lakott, de le\u00e1nyuk egy kisv\u00e1rosi gimn\u00e1ziumban \u00e9retts\u00e9gizett, ahol a k\u00f6rny\u00e9k fiatals\u00e1ga \u00e9l\u00e9nk t\u00e1rsas\u00e1gi \u00e9letet \u00e9lt, gyakran rendeztek b\u00e1lokat. Val\u00f3sz\u00edn\u0171, hogy ezt az eleg\u00e1ns kieg\u00e9sz\u00edt\u0151t \u00fcnnepi alkalmakkor b\u00e1li retik\u00fclj\u00e9ben tartotta Icuka, ahogyan fiatal kor\u00e1ban bec\u00e9zt\u00e9k. A p\u00fadertart\u00f3 mellett parf\u00fcm\u00f6s \u00fcvegcse, t\u00e1ncrend, eleg\u00e1ns zsebkend\u0151, t\u00fck\u00f6r, finom kis f\u00e9s\u0171 is lapulhatott.<\/p>\n\n\n\n<blockquote class=\"wp-block-quote\">\n<p>Icuka k\u00fcl\u00f6n\u00f6sen \u00e9rz\u00e9keny volt a divat v\u00e1ltoz\u00e1saira, igyekezett azokat k\u00f6vetni. Nagyon n\u0151iesen \u00f6lt\u00f6zk\u00f6d\u00f6tt, csinos alakj\u00e1n kiv\u00e1l\u00f3an mutattak ak\u00e1r a sz\u00ednes ny\u00e1ri ruh\u00e1k, ak\u00e1r az alkalmi \u00f6lt\u00f6zetek. Tan\u00edt\u00f3n\u0151k\u00e9nt pedig igazodott a kor elv\u00e1r\u00e1saihoz, z\u00e1rt fekete fels\u0151t \u00e9s ruh\u00e1t, vagy nyakkend\u0151-ingbl\u00faz p\u00e1ros\u00edt\u00e1st viselt.<\/p>\n<\/blockquote>\n\n\n\n<p>A h\u00e1bor\u00fa, \u00e9s az azt k\u00f6vet\u0151 n\u00e9lk\u00fcl\u00f6z\u00e9s miatt 1944-ben Bancsi Ilon\u00e1t m\u00e1r csal\u00e1dja meg\u00e9lhet\u00e9s\u00e9nek gondjai foglalkoztatt\u00e1k. Az 1950-es \u00e9vekben ruh\u00e1it h\u00e1rom le\u00e1ny\u00e1nak alak\u00edtott\u00e1k \u00e1t.<\/p>\n\n\n\n<p><\/p>\n\n\n\n<hr class=\"wp-block-separator has-alpha-channel-opacity\"\/>\n\n\n\n<p><\/p>\n\n\n\n<p class=\"has-text-align-center\">Ez\u00faton szeretn\u00e9nk kedves Olvas\u00f3inknak j\u00f3 sz\u00f3rakoz\u00e1st \u00e9s kikapcsol\u00f3d\u00e1st k\u00edv\u00e1nni az idei b\u00e1li, farsangi szezonra! <\/p>\n","protected":false},"excerpt":{"rendered":"<p>Szerz\u0151: Ormosi Vikt\u00f3ria<br \/>\n\u00d6t \u00e9vvel ezel\u0151tt, a D\u00e9ri M\u00fazeum egy k\u00fcl\u00f6nleges id\u0151szaki ki\u00e1ll\u00edt\u00e1sa, a Polg\u00e1ri sikk a n\u0151i divatt\u00f6rt\u00e9net v\u00e1ltoz\u00e1sait mutatta be. A ki\u00e1ll\u00edt\u00e1s a polg\u00e1ri k\u00f6z\u00e9poszt\u00e1ly \u00f6lt\u00f6zk\u00f6d\u00e9si szok\u00e1sait k\u00f6vette v\u00e9gig a kiegyez\u00e9st\u0151l kezdve a m\u00e1sodik vil\u00e1gh\u00e1bor\u00fa kit\u00f6r\u00e9s\u00e9ig. A h\u00e9tk\u00f6znapi viseletek mellett helyet kaptak az alkalmi ruh\u00e1k is, melyek r\u00e9v\u00e9n egy korabeli b\u00e1li forgatagba cs\u00f6ppenhetett a l\u00e1togat\u00f3. Az al\u00e1bbiakban egy t\u00e1rgymese csokorral id\u00e9zz\u00fck meg az elm\u00falt korok b\u00e1li szezonj\u00e1nak hangulat\u00e1t.<\/p>\n","protected":false},"author":5,"featured_media":3925,"comment_status":"open","ping_status":"closed","sticky":false,"template":"","format":"standard","meta":{"_et_pb_use_builder":"off","_et_pb_old_content":"","_et_gb_content_width":""},"categories":[33,32],"tags":[126,71,70,127,59,111],"_links":{"self":[{"href":"https:\/\/helyiertek.derimuzeum.hu\/index.php?rest_route=\/wp\/v2\/posts\/3920"}],"collection":[{"href":"https:\/\/helyiertek.derimuzeum.hu\/index.php?rest_route=\/wp\/v2\/posts"}],"about":[{"href":"https:\/\/helyiertek.derimuzeum.hu\/index.php?rest_route=\/wp\/v2\/types\/post"}],"author":[{"embeddable":true,"href":"https:\/\/helyiertek.derimuzeum.hu\/index.php?rest_route=\/wp\/v2\/users\/5"}],"replies":[{"embeddable":true,"href":"https:\/\/helyiertek.derimuzeum.hu\/index.php?rest_route=%2Fwp%2Fv2%2Fcomments&post=3920"}],"version-history":[{"count":3,"href":"https:\/\/helyiertek.derimuzeum.hu\/index.php?rest_route=\/wp\/v2\/posts\/3920\/revisions"}],"predecessor-version":[{"id":3931,"href":"https:\/\/helyiertek.derimuzeum.hu\/index.php?rest_route=\/wp\/v2\/posts\/3920\/revisions\/3931"}],"wp:featuredmedia":[{"embeddable":true,"href":"https:\/\/helyiertek.derimuzeum.hu\/index.php?rest_route=\/wp\/v2\/media\/3925"}],"wp:attachment":[{"href":"https:\/\/helyiertek.derimuzeum.hu\/index.php?rest_route=%2Fwp%2Fv2%2Fmedia&parent=3920"}],"wp:term":[{"taxonomy":"category","embeddable":true,"href":"https:\/\/helyiertek.derimuzeum.hu\/index.php?rest_route=%2Fwp%2Fv2%2Fcategories&post=3920"},{"taxonomy":"post_tag","embeddable":true,"href":"https:\/\/helyiertek.derimuzeum.hu\/index.php?rest_route=%2Fwp%2Fv2%2Ftags&post=3920"}],"curies":[{"name":"wp","href":"https:\/\/api.w.org\/{rel}","templated":true}]}}