{"id":3097,"date":"2024-06-14T09:48:51","date_gmt":"2024-06-14T07:48:51","guid":{"rendered":"https:\/\/helyiertek.derimuzeum.hu\/?p=3097"},"modified":"2024-06-14T09:48:52","modified_gmt":"2024-06-14T07:48:52","slug":"itthon-a-macson-avagy-dragota-natalia-szive-iii-resz","status":"publish","type":"post","link":"https:\/\/helyiertek.derimuzeum.hu\/?p=3097","title":{"rendered":"\u201eITTHON, A MACSON\u201d, avagy DRAGOTA NAT\u00c1LIA SZ\u00cdVE &#8211; III. r\u00e9sz"},"content":{"rendered":"\n<p><strong>K\u00e9pt\u00f6rt\u00e9netek a Fot\u00f3t\u00e1rb\u00f3l<\/strong><\/p>\n\n\n\n<p>Szerz\u0151: Szab\u00f3 Anna Viola<\/p>\n\n\n\n<p>K\u00e9pek: Boczk\u00f3 S\u00e1muel amat\u0151rf\u00e9nyk\u00e9p\u00e9sz (D\u00e9ri M\u00fazeum Fot\u00f3t\u00e1ra, EF_2019.40.1\u20133), lovag Chylinski Gy\u00f6rgy (EF_15077\u2013079P), Gondy \u00e9s Egey (EF_2019. 50.1, 3\u20135, 53.6, 44.1; EF_14944P), Goszleth Istv\u00e1n (EF_2019. 44.1), T\u00f3th Istv\u00e1n amat\u0151rf\u00e9nyk\u00e9p\u00e9sz (FAd_920\u2013927) Digit\u00e1lis ut\u00f3munka: Luk\u00e1cs Tiham\u00e9r<\/p>\n\n\n\n<p class=\"has-text-align-right\"><em>\u201eDe minden \u00e9let olyan s\u00falytalan, ha m\u00e1r csak mondhat\u00f3. \u2026<\/em><br><em>Sz\u00f6vegg\u00e9 v\u00e1lik minden \u00e9let n\u00e9lk\u00fcl v\u00e9g\u00fcl a nyelven t\u00falra k\u00f6lt\u00f6z\u0151 jelent\u00e9s.\u201d<\/em><br>(Borb\u00e9ly Szil\u00e1rd)<\/p>\n\n\n\n<p><\/p>\n\n\n\n<p>A D\u00e9ri M\u00fazeum frissen megjelent, 2023-as \u00e9vk\u00f6nyv\u00e9ben m\u00e1r olvashat\u00f3 Harangi Attila \u00e9s V\u00e1radi Katalin tanulm\u00e1nya, amely a 19. \u00e9s 20. sz\u00e1zadban Debrecenben \u00e9lt Dragota \u00e9s Boczk\u00f3 csal\u00e1d h\u00e1z\u00e9p\u00edt\u00e9si dokumentumainak feldolgoz\u00e1s\u00e1val \u00e9s a csal\u00e1dt\u00f6rt\u00e9neti iratanyag bemutat\u00e1s\u00e1val a D\u00e9ri M\u00fazeum T\u00f6rt\u00e9neti T\u00e1r\u00e1ban tal\u00e1lhat\u00f3 hagyat\u00e9kok sz\u00e9les k\u00f6r\u0171 kutathat\u00f3s\u00e1g\u00e1ra h\u00edvja fel a figyelmet. Az al\u00e1bbi bejegyz\u00e9sben arra teszek k\u00eds\u00e9rletet, hogy az eml\u00edtett, r\u00e9szben m\u00e1r publik\u00e1lt \u00e9s elemzett iratok szorosabb olvas\u00e1sa \u00e9s m\u00e1s forr\u00e1sokkal val\u00f3 kieg\u00e9sz\u00edt\u00e9se r\u00e9v\u00e9n nyert \u00faj inform\u00e1ci\u00f3k s n\u00e9mi t\u00f6rt\u00e9nelmi emp\u00e1tia seg\u00edts\u00e9g\u00e9vel megrajzoljam egy m\u00e1sik v\u00e1ltozat\u00e1t a Dragota, a Boczk\u00f3 \u00e9s a Magoss csal\u00e1dot \u00f6sszek\u00f6t\u0151 Dragota Nat\u00e1lia (1865\u20131942) eddig ismert arck\u00e9p\u00e9nek. Lehets\u00e9ges-e vajon, a sors\u00e1hoz kiss\u00e9 k\u00f6zelebb hajolva, megl\u00e1tnunk a val\u00f3s\u00e1gos embert, szem\u00e9lyes d\u00f6nt\u00e9sei ok\u00e1t s l\u00e1tnunk mag\u00e1t az \u00e9letet, nem csak a lezajlott esem\u00e9nyeket? Lehets\u00e9ges-e gazdas\u00e1gi iratokb\u00f3l \u00e9s f\u00e9nyk\u00e9pekb\u0151l kih\u00e1mozni a szem\u00e9lyis\u00e9get? V\u00e9g\u00fcl lehets\u00e9ges-e \u0151\u00e1ltala, aki a debreceni \u00fariasszonyok egyike volt csup\u00e1n, s akit nagy tettek sem \u00e9rdemes\u00edtenek az eml\u00e9kezetre, de t\u00e1rsadalmi poz\u00edci\u00f3j\u00e1n\u00e1l fogva t\u00f6bb irat maradt ut\u00e1na, mint kort\u00e1rsai t\u00f6bbs\u00e9ge ut\u00e1n, jobban meg\u00e9rteni a hossz\u00fa 19. sz\u00e1zad v\u00e9g\u00e9n \u00e9lt n\u0151k \u00e9letlehet\u0151s\u00e9geit? Az \u00fajraolvasott \u00e9letrajz szervez\u0151jek\u00e9nt a csal\u00e1d kismacsi tany\u00e1j\u00e1n k\u00e9sz\u00fclt f\u00e9nyk\u00e9peket haszn\u00e1lom, azok k\u00e9sz\u00edt\u00e9si k\u00f6r\u00fclm\u00e9nyeib\u0151l kiindulva.<\/p>\n\n\n\n<p><\/p>\n\n\n\n<p><strong>III.<\/strong><\/p>\n\n\n\n<p><strong>\u201eA kert\u00e9sszel r\u00f3zs\u00e1kat \u00fcltett\u00fcnk a k\u00e1poln\u00e1n\u00e1l\u201d<\/strong><\/p>\n\n\n\n<p><strong>Chylinski lovag harmadik felv\u00e9tel\u00e9n<\/strong> a k\u00e1poln\u00e1s csal\u00e1di s\u00edrboltot \u00f6r\u00f6k\u00edtette meg, amely a tany\u00e1t\u00f3l negyed\u00f3r\u00e1nyi s\u00e9t\u00e1ra, egy ny\u00e1rf\u00e1s \u201eall\u00e9e\u201d v\u00e9g\u00e9n, az \u00fan. Kov\u00e1cs halmon \u00e1llt, a fels\u0151j\u00f3zsai Hadh\u00e1zy-telep keleti sz\u00e9l\u00e9hez k\u00f6zel. (A Hadh\u00e1zy csal\u00e1d a Dragota tanya utols\u00f3 birtokosa volt.)&nbsp;<\/p>\n\n\n\n<figure class=\"wp-block-image aligncenter size-large\"><img decoding=\"async\" loading=\"lazy\" width=\"776\" height=\"1024\" src=\"https:\/\/helyiertek.derimuzeum.hu\/wp-content\/uploads\/2024\/06\/16_image008-776x1024.jpg\" alt=\"\" class=\"wp-image-3098\"\/><figcaption class=\"wp-element-caption\"><em>\u201eK\u00e1polna a vajdhunyadi \u00e9s fels\u0151szilv\u00e1si Dragota csal\u00e1d s\u00edrboltj\u00e1val, Puszta Kis-Macson, 1903. September h\u00f3 18.\u201d<\/em><br> Lovag Chylinski Gy\u00f6rgy felv\u00e9tele<\/figcaption><\/figure>\n\n\n\n<p><\/p>\n\n\n\n<p>Dragota Ign\u00e1c 1882. janu\u00e1r 6-\u00e1n meghalt testv\u00e9re, Dragota Mikl\u00f3s, v\u00e9grendelet\u00e9ben kifejezett \u00f3haja szerint a macsi tany\u00e1n temettetett el ideiglenesen, b\u00e1tyja pedig \u201ea tavasz kiny\u00edlt\u00e1val\u201d enged\u00e9lyt k\u00e9rt a tan\u00e1cst\u00f3l, hogy nyughely\u00e9n <strong>\u201ek\u00e1polnaszer\u0171 s\u00edrboltot\u201d <\/strong>\u00e9p\u00edttethessen, s az ehhez sz\u00fcks\u00e9ges 24.000 t\u00e9gl\u00e1t kivettethesse \u201ea rendes t\u00e9glavet\u0151ben\u201d. M\u00e1jusban p\u00fcsp\u00f6ki enged\u00e9lyt, j\u00faliusban pedig \u00e9p\u00edt\u00e9si enged\u00e9lyt kap, s a k\u00e1polna tal\u00e1n m\u00e9g abban az \u00e9vben fel is \u00e9p\u00fcl, a Chylinski k\u00e9p\u00e9n l\u00e1that\u00f3 form\u00e1ban, romantikus st\u00edlusban, akkor m\u00e9g val\u00f3ban csak a fiatalabb testv\u00e9r s\u00edrboltj\u00e1ul. H\u00e1rom tov\u00e1bbi, ugyanekkor k\u00e9sz\u00fclt k\u00e9pen l\u00e1thatjuk a dombot \u00e9s a kript\u00e1t is a m\u00e1rv\u00e1nyt\u00e1bl\u00e1val, amelyen Dragota Ign\u00e1c \u00e9s csal\u00e1dtagjai b\u00facs\u00faznak Dragota Mikl\u00f3st\u00f3l.<\/p>\n\n\n\n<figure class=\"wp-block-gallery aligncenter has-nested-images columns-2 is-cropped wp-block-gallery-1 is-layout-flex\">\n<figure class=\"wp-block-image size-large\"><img decoding=\"async\" loading=\"lazy\" width=\"1024\" height=\"773\" data-id=\"3100\"  src=\"https:\/\/helyiertek.derimuzeum.hu\/wp-content\/uploads\/2024\/06\/17_image009-1024x773.jpg\" alt=\"\" class=\"wp-image-3100\" srcset=\"https:\/\/helyiertek.derimuzeum.hu\/wp-content\/uploads\/2024\/06\/17_image009-980x740.jpg 980w, https:\/\/helyiertek.derimuzeum.hu\/wp-content\/uploads\/2024\/06\/17_image009-480x362.jpg 480w\" sizes=\"(min-width: 0px) and (max-width: 480px) 480px, (min-width: 481px) and (max-width: 980px) 980px, (min-width: 981px) 1024px, 100vw\" \/><\/figure>\n\n\n\n<figure class=\"wp-block-image size-large\"><img decoding=\"async\" loading=\"lazy\" width=\"773\" height=\"1024\" data-id=\"3101\"  src=\"https:\/\/helyiertek.derimuzeum.hu\/wp-content\/uploads\/2024\/06\/18_image010-773x1024.jpg\" alt=\"\" class=\"wp-image-3101\"\/><\/figure>\n\n\n\n<figure class=\"wp-block-image size-large\"><img decoding=\"async\" loading=\"lazy\" width=\"1024\" height=\"778\" data-id=\"3099\"  src=\"https:\/\/helyiertek.derimuzeum.hu\/wp-content\/uploads\/2024\/06\/19_image011-1024x778.jpg\" alt=\"\" class=\"wp-image-3099\" srcset=\"https:\/\/helyiertek.derimuzeum.hu\/wp-content\/uploads\/2024\/06\/19_image011-980x745.jpg 980w, https:\/\/helyiertek.derimuzeum.hu\/wp-content\/uploads\/2024\/06\/19_image011-480x365.jpg 480w\" sizes=\"(min-width: 0px) and (max-width: 480px) 480px, (min-width: 481px) and (max-width: 980px) 980px, (min-width: 981px) 1024px, 100vw\" \/><\/figure>\n<figcaption class=\"blocks-gallery-caption wp-element-caption\">T\u00f3th Istv\u00e1n \u00e9p\u00edt\u00e9sz felv\u00e9telei a Dragota csal\u00e1d s\u00edrk\u00e1poln\u00e1j\u00e1r\u00f3l, 1903 \u0151sz\u00e9n<\/figcaption><\/figure>\n\n\n\n<p><\/p>\n\n\n\n<p>Az id\u0151 j\u00e1rt\u00e1val azonban valamennyien e s\u00edrbolt lak\u00f3i lettek maguk is; Nat\u00e1lia ide temettette els\u0151 gyermek\u00e9t, sz\u00fcleit \u00e9s \u00f6ccs\u00e9t is, akik\u00e9rt itt hal\u00e1luk \u00e9vfordul\u00f3j\u00e1n minden \u00e9vben csendes szentmis\u00e9t mondatott, mik\u00e9nt tette azt m\u00e1r apja is. (<mark style=\"background-color:rgba(0, 0, 0, 0)\" class=\"has-inline-color has-black-color\">Nat\u00e1lia<\/mark>, b\u00e1r a v\u00e1l\u00e1s miatt k\u00e9nyszer\u0171en \u00e1tt\u00e9rt a reform\u00e1tus egyh\u00e1zba \u00e9s Boczk\u00f3 \u00e9let\u00e9ben az evang\u00e9likus fill\u00e9regyletet is t\u00e1mogatta, <mark style=\"background-color:rgba(0, 0, 0, 0)\" class=\"has-inline-color has-black-color\">sz\u00edv\u00e9ben \u00e9s minden gesztus\u00e1ban katolikus maradt<\/mark>: r\u00e9szt vett egy debreceni katolikus n\u0151egylet megszervez\u00e9s\u00e9ben s tagja vagy mec\u00e9n\u00e1sa volt minden katolikus patron\u00e1l\u00f3 egyes\u00fcletnek \u00e9s mozgalomnak.) Az 1903-as gy\u00e1sz\u00e9v kegyeletes k\u00f6teless\u00e9gei k\u00f6z\u00e9 tartozott a k\u00e1polna k\u00f6r\u00fcli ter\u00fclet felm\u00e9ret\u00e9se, mert azt a 2 \u00e9s f\u00e9l holdat \u201e\u00f6r\u00f6k id\u0151kre a csal\u00e1d nev\u00e9re akarta telekk\u00f6nyveztetni\u201d. A s\u00edrbolt \u00e9s a park gondoz\u00e1s\u00e1t hal\u00e1la napj\u00e1ig maga k\u00edv\u00e1nta v\u00e9gezni, azonban err\u0151l annak ut\u00e1na is gondoskodni akarva, m\u00e1r ekkor 2000 koron\u00e1s alap\u00edtv\u00e1nyt tett, hogy a kamatokb\u00f3l a katolikus egyh\u00e1z, mint pl\u00e9b\u00e1niabirtokos, fenntartsa a k\u00e1poln\u00e1t, a parkot \u00e9s az ottani lakh\u00e1zat, amely<em> \u201ea parkon k\u00edv\u00fcli ter\u00fclettel egy\u00fctt az ott lak\u00f3 fel\u00fcgyel\u0151nek s a park gondoz\u00f3j\u00e1nak adass\u00e9k haszn\u00e1latra\u201d<\/em>. Mindeme rendelkez\u00e9sek mellett elhat\u00e1rozza <strong>a k\u00e1polna fel\u00faj\u00edt\u00e1s\u00e1t, \u00e1t\u00e9p\u00edt\u00e9s\u00e9<\/strong>t is, amelynek<strong> tervez\u00e9s\u00e9re \u00e9s kivitelez\u00e9s\u00e9re T\u00f3th Istv\u00e1n \u00e9p\u00edt\u00e9sz<\/strong>t k\u00e9ri fel, aki n\u00e9h\u00e1ny \u00e9vvel kor\u00e1bban a szomsz\u00e9dos Steinfeld uradalom kript\u00e1j\u00e1t is \u00e9p\u00edtette.<\/p>\n\n\n\n<p>A k\u00e1poln\u00e1t az eml\u00e9kk\u00e9pek felv\u00e9tele ut\u00e1n n\u00e9h\u00e1ny nappal kezdik fel\u00e1llv\u00e1nyozni, ezt megel\u0151z\u0151en azonban <strong>az \u00e9p\u00edt\u00e9sz, aki szint\u00e9n amat\u0151rf\u00e9nyk\u00e9p\u00e9sz, maga is elk\u00e9sz\u00edti a k\u00e9peit<\/strong> az eredeti \u00e1llapotr\u00f3l. A nagyszab\u00e1s\u00fa \u00e9p\u00edtkez\u00e9s sor\u00e1n, amely az \u00e9p\u00edt\u00e9sz rendk\u00edv\u00fcl r\u00e9szletes, \u00f6sszes\u00edt\u0151 sz\u00e1ml\u00e1ja szerint csaknem 6000 koron\u00e1j\u00e1ba ker\u00fclt Nat\u00e1li\u00e1nak, s amelyet csak a k\u00f6vetkez\u0151 \u00e9v nyar\u00e1n fejeznek be, teljesen \u00e1talak\u00edtj\u00e1k a k\u00e1polna szerkezet\u00e9t, mert annak m\u00e1r a kezdetekt\u0151l fogva statikai hib\u00e1i voltak. Ehhez k\u0151m\u0171ves, \u00e1cs, b\u00e1dogos, lakatos, \u00fcveges, burkol\u00f3, k\u0151farag\u00f3, szobr\u00e1sz \u00e9s fest\u0151 munk\u00e1kra is sz\u00fcks\u00e9g van (okt\u00f3ber 3-\u00e1n p\u00e9ld\u00e1ul 31 k\u0151m\u0171vesseg\u00e9d \u00e9s 25 napsz\u00e1mos dolgozott a bont\u00e1son\/\u00e9p\u00edtkez\u00e9sen). A l\u00e9pcs\u0151felj\u00e1r\u00f3 l\u00e1tv\u00e1nyos, g\u00f3tikus torny\u00e1t eg\u00e9szen elbontj\u00e1k \u00e9s \u00faj, vasszerkezet\u0171, lantern\u00e1s kupol\u00e1t \u00e9p\u00edtenek, bent g\u00e1zl\u00e1mp\u00e1kkal, gipszrozett\u00e1kkal, posztamensekkel, kint t\u00edz fiatoronnyal, faragott oszlopokkal, konzolokkal \u00e9s \u00edvekkel; elk\u00e9sz\u00fcl 46 n\u00e9gyzetm\u00e9ter cementburkolat, 16 foly\u00f3m\u00e9ter \u00faj l\u00e9pcs\u0151, 6 \u00faj vasablak \u00e9s megjav\u00edtott ajt\u00f3k, k\u00e9t \u00faj faragott m\u00e1rv\u00e1nyt\u00e1bla aranyozott szegekkel stb., a fest\u0151 pedig 3 olt\u00e1rk\u00e9p \u00e9s 4 kisebb k\u00e9p jav\u00edt\u00e1s\u00e1r\u00f3l ny\u00fajt be k\u00fcl\u00f6n sz\u00e1ml\u00e1t. Az elk\u00e9sz\u00fclt \u00e9p\u00fclet \u00f6sszess\u00e9g\u00e9ben sokkal z\u00f6m\u00f6kebb \u00e9s massz\u00edvabb a r\u00e9gin\u00e9l, a romantikus l\u00e9giess\u00e9g fel\u00e1ldoz\u00e1s\u00e1val val\u00f3sz\u00edn\u0171leg az egyszer\u0171bb kezelhet\u0151s\u00e9get megnyerve. Az \u00e9p\u00edt\u00e9sz az elk\u00e9sz\u00fclt munk\u00e1t is dokument\u00e1lja, mik\u00e9n<mark style=\"background-color:rgba(0, 0, 0, 0)\" class=\"has-inline-color has-black-color\">t \u0151<\/mark><strong><mark style=\"background-color:rgba(0, 0, 0, 0)\" class=\"has-inline-color has-black-color\"> a f\u00e9nyk\u00e9pez\u00e9st els\u0151sorban saj\u00e1t \u00e9p\u00fcleteinek regisztr\u00e1ci\u00f3j\u00e1hoz haszn\u00e1lta<\/mark>.<\/strong><\/p>\n\n\n\n<figure class=\"wp-block-gallery aligncenter has-nested-images columns-default is-cropped wp-block-gallery-3 is-layout-flex\">\n<figure class=\"wp-block-image size-large\"><img decoding=\"async\" loading=\"lazy\" width=\"778\" height=\"1024\" data-id=\"3104\"  src=\"https:\/\/helyiertek.derimuzeum.hu\/wp-content\/uploads\/2024\/06\/20_image013-778x1024.jpg\" alt=\"\" class=\"wp-image-3104\"\/><\/figure>\n\n\n\n<figure class=\"wp-block-image size-large\"><img decoding=\"async\" loading=\"lazy\" width=\"1024\" height=\"780\" data-id=\"3102\"  src=\"https:\/\/helyiertek.derimuzeum.hu\/wp-content\/uploads\/2024\/06\/21_image014-1024x780.jpg\" alt=\"\" class=\"wp-image-3102\" srcset=\"https:\/\/helyiertek.derimuzeum.hu\/wp-content\/uploads\/2024\/06\/21_image014-980x746.jpg 980w, https:\/\/helyiertek.derimuzeum.hu\/wp-content\/uploads\/2024\/06\/21_image014-480x365.jpg 480w\" sizes=\"(min-width: 0px) and (max-width: 480px) 480px, (min-width: 481px) and (max-width: 980px) 980px, (min-width: 981px) 1024px, 100vw\" \/><\/figure>\n\n\n\n<figure class=\"wp-block-image size-large\"><img decoding=\"async\" loading=\"lazy\" width=\"770\" height=\"1024\" data-id=\"3103\"  src=\"https:\/\/helyiertek.derimuzeum.hu\/wp-content\/uploads\/2024\/06\/22_image015-770x1024.jpg\" alt=\"\" class=\"wp-image-3103\"\/><\/figure>\n<figcaption class=\"blocks-gallery-caption wp-element-caption\">T\u00f3th Istv\u00e1n \u00e9p\u00edt\u00e9sz felv\u00e9telei az elk\u00e9sz\u00fclt k\u00e1poln\u00e1r\u00f3l, 1904 j\u00fanius<\/figcaption><\/figure>\n\n\n\n<p><\/p>\n\n\n\n<p>Mindek\u00f6zben azonban, <mark style=\"background-color:rgba(0, 0, 0, 0)\" class=\"has-inline-color has-black-color\">Boczk\u00f3 S\u00e1muel <\/mark>december 16-\u00e1n<mark style=\"background-color:rgba(0, 0, 0, 0)\" class=\"has-inline-color has-black-color\"> belehal<\/mark> a szervezet\u00e9t h\u00e1rom \u00e9v alatt lassan felem\u00e9szt\u0151, sz\u00edvelh\u00e1jasod\u00e1sk\u00e9nt megnevezett betegs\u00e9g\u00e9be, amelynek minden f\u00e1jdalma ellen\u00e9re, \u00f3ri\u00e1si akarater\u0151vel, szinte az utols\u00f3 h\u00e9tig dolgozott. Csak ideiglenesen temetik el ekkor a Hatvan utcai temet\u0151ben; amikor ny\u00e1ron elk\u00e9sz\u00fcl a kripta, \u0151t is ott helyezik v\u00e9gs\u0151 nyugalomra.<\/p>\n\n\n\n<p><\/p>\n\n\n\n<p><strong>Epil\u00f3gus<\/strong><\/p>\n\n\n\n<p>Boczk\u00f3 B\u00e9la h\u00e9t \u00e9ves s \u00e9ppen iskol\u00e1ba megy, amikor elvesz\u00edti az apj\u00e1t. Nem sok\u00e1ig maradnak azonban anyj\u00e1val egyed\u00fcl, mert <strong>Nat\u00e1lia k\u00e9t \u00e9v m\u00falva, negyven \u00e9vesen<\/strong>, 1905. okt\u00f3ber 25-\u00e9n<strong> feles\u00e9g\u00fcl megy a birtok\u00fcgyek k\u00f6r\u00fcl neki seg\u00edt\u0151 Magoss Gy\u00f6rgy \u00fcgyv\u00e9dhez<\/strong>, ekkor m\u00e1r tiszti f\u0151\u00fcgy\u00e9szhez, aki kilenc \u00e9ve meg\u00f6zvegy\u00fclve, egyed\u00fcl neveli h\u00e1rom gyermek\u00e9t.<\/p>\n\n\n\n<p>Az eltelt k\u00e9t \u00e9v az els\u0151 olyan id\u0151szak Nat\u00e1lia \u00e9let\u00e9ben, amikor nemcsak legk\u00f6zelebbi hozz\u00e1tartoz\u00f3i, csal\u00e1dja n\u00e9lk\u00fcl, de imm\u00e1r igazi otthon n\u00e9lk\u00fcl is kell \u00e9lnie: nincs hov\u00e1 hazamenni, vigasztal\u00f3dni, gyereknek lenni. <\/p>\n\n\n\n<blockquote class=\"wp-block-quote\">\n<p><mark style=\"background-color:rgba(0, 0, 0, 0)\" class=\"has-inline-color has-black-color\">A Mester utcai, alig belakott \u00faj h\u00e1zban<\/mark> fi\u00e1val kettesben, \u00fagysz\u00f3lv\u00e1n egyed\u00fcl t\u00f6lt\u00f6tt k\u00e9t \u00e9v alatt Nat\u00e1li\u00e1nak volt ideje gondolkozni rajta, <em>elegend\u0151 feladat-e sz\u00e1m\u00e1ra h\u00e1tral\u00e9v\u0151 \u00e9let\u00e9ben is puszt\u00e1n a t\u00e1rsas\u00e1gi k\u00f6telezetts\u00e9geknek megfelelni, esetleg a f\u00e9rj\u00e9t\u0151l r\u00e1maradt birtokai kezel\u00e9s\u00e9vel foglalkozni \u2013 hiszen e birtokok j\u00f6vedelme a meg\u00e9lhet\u00e9s\u00e9t biztos\u00edtotta volna, ahogy \u00f6zvegyasszonyk\u00e9nt t\u00e1rsadalmi st\u00e1tusza is tisztes volt. <\/em>\u0150 azonban radik\u00e1lisan m\u00e1st v\u00e1laszt, <strong>s ink\u00e1bb mindent \u00fajrakezd<\/strong>.<\/p>\n<\/blockquote>\n\n\n\n<p><strong>Az \u00faj, k\u00f6z\u00f6s \u00e9let alapja ism\u00e9t egy \u00faj h\u00e1z<\/strong>, amelyet Magoss a megszaporodott csal\u00e1dnak, a megv\u00e1ltoz\u00f3 \u00e9letform\u00e1hoz igaz\u00edtva \u00e9p\u00edttet <strong>ekkor a R\u00e1k\u00f3czi utc\u00e1n<\/strong>. (Ek\u00f6zben Nat\u00e1lia saj\u00e1t vagyona nem ker\u00fcl be a k\u00f6z\u00f6sbe, \u00edgy a Mester utcai h\u00e1z ond\u00f3di f\u00f6ldj\u00e9vel \u00e9s haszonv\u00e9teleivel tov\u00e1bbra is az \u00f6v\u00e9 marad, k\u00e9s\u0151bb fia k\u00f6lt\u00f6zik oda; m\u00e9g a harmincas \u00e9vek v\u00e9g\u00e9n is \u00e9rtes\u00fclhet\u00fcnk arr\u00f3l, hogy valahol ist\u00e1ll\u00f3t \u00e9p\u00edttet; f\u00fcggetlens\u00e9g\u00e9nek a f\u00f6ld biztos\u00edtotta materi\u00e1lis alapj\u00e1t v\u00e9gig meg\u0151rizte mag\u00e1nak). Els\u0151sorban azonban Nat\u00e1lia anyai teend\u0151i n\u00f6vekednek \u00e9s v\u00e1ltoznak meg, hiszen egy saj\u00e1t fi\u00e1val szinte egykor\u00fa kisl\u00e1nyt, egy kamaszod\u00f3 nagyl\u00e1nyt s egy B\u00e9l\u00e1n\u00e1l h\u00e9t \u00e9vvel id\u0151sebb fi\u00fat kap a h\u00e1zass\u00e1ggal, a k\u00f6vetkez\u0151 k\u00e9t \u00e9vben pedig maga is sz\u00fcl m\u00e9g k\u00e9t gyermeket (s a k\u00e9t Magoss fi\u00fanak, a legnagyobb \u00e9s legkisebb gyermeknek a t\u00fal korai hal\u00e1l\u00e1t is meg kell majd \u00e9rnie). <em>\u201eAnya igaz\u00e1n h\u0171s\u00e9gesen elk\u00f6vetett mindent a nevel\u00e9sem k\u00f6r\u00fcl, ami t\u0151le tellett\u201d<\/em> \u2013 mondja k\u00e9s\u0151bb Nat\u00e1li\u00e1r\u00f3l az esk\u00fcv\u0151 idej\u00e9n 11 \u00e9ves Magoss Olga, s\u0151t, \u201eagyonnevelte\u201d \u0151t, ahogy annak idej\u00e9n nyilv\u00e1n vele mag\u00e1val is tett\u00e9k, a n\u0151i erk\u00f6lcs \u00e9s viselked\u00e9s t\u00e1rsadalmi rendszab\u00e1lyainak sz\u00e1monk\u00e9rt kiz\u00e1r\u00f3lagoss\u00e1g\u00e1val olyan g\u00e1takat \u00e9p\u00edtve ki a gyermekben, amelyek k\u00e9s\u0151bb megakad\u00e1lyozt\u00e1k \u00f6n\u00e1ll\u00f3 szem\u00e9lyis\u00e9ge, akarata \u00e9rv\u00e9nyre juttat\u00e1s\u00e1t. <mark style=\"background-color:rgba(0, 0, 0, 0)\" class=\"has-inline-color has-black-color\">Magoss Olga levelez\u0151partnere, M\u00f3ricz Zsigmond<\/mark> <mark style=\"background-color:rgba(0, 0, 0, 0)\" class=\"has-inline-color has-black-color\">szerint Olga \u00e1lland\u00f3 l\u00e1zrohamai is egyfajta szeretetv\u00e1gyb\u00f3l fakadtak,<\/mark> abb\u00f3l a gyerekk\u00e9nt felismert \u00f6nk\u00e9ntelen gyakorlatb\u00f3l, hogy a tudata \u00e1ltal megbeteg\u00edtett test\u00e9vel k\u00e9pes a sz\u00fclei figyelm\u00e9t, a hatalmas \u00e9s t\u00e1voli apa \u00e9s a jelenl\u00e9v\u0151, de szigor\u00fa \u00e9s rideg anya szeretet\u00e9t maga fel\u00e9 ford\u00edtani. Mi lehetett vajon Dragota Nat\u00e1lia technik\u00e1ja ugyanerre?<\/p>\n\n\n\n<p>Mint Magoss Olga leveleib\u0151l megtudjuk, az \u0151 gyerekkor\u00e1ban Magoss Gy\u00f6rgynek <em>\u201emint f\u0151\u00fcgy\u00e9sznek \u00e9s mint \u00fcgyv\u00e9dnek \u00f3ri\u00e1si j\u00f6vedelme volt \u00e9s szerett\u00fcnk j\u00f3l \u00e9lni<\/em>\u201d, minden nyarat a tengern\u00e9l vagy Ausztri\u00e1ban t\u00f6lteni, t\u00e9len nagyszab\u00e1s\u00fa t\u00e1rsas\u00e1gi \u00e9letet \u00e9lni, nagy vacsor\u00e1kat \u00e9s teaest\u00e9lyeket adni, hetente sz\u00ednh\u00e1zba \u00e9s hangversenyre j\u00e1rni, t\u00e1rsadalmi \u00fcgyeket gazdagon t\u00e1mogatni, amely \u00e9let h\u00fasz \u00e9v m\u00falt\u00e1n, Magoss Gy\u00f6rgy \u00f6t \u00e9vig tart\u00f3 polg\u00e1rmesters\u00e9ge idej\u00e9n r\u00e1ad\u00e1sul a legel\u0151kel\u0151bb k\u00f6r\u00f6kben zajlott. Mindez azonban csak k\u00fcls\u0151s\u00e9g, pazarl\u00e1s n\u00e9lk\u00fcli, nagy r\u00e9szben hivatalos k\u00f6telezetts\u00e9g, amely nem \u00e9rintette meg sem <mark style=\"background-color:rgba(0, 0, 0, 0)\" class=\"has-inline-color has-black-color\">Magoss Gy\u00f6rgy egyszer\u0171, szem\u00e9lyes m\u00e9lt\u00f3s\u00e1g\u00e1t<\/mark>, sem a<mark style=\"background-color:rgba(0, 0, 0, 0)\" class=\"has-inline-color has-black-color\"> tekint\u00e9ly\u00e9nek ad\u00f3z\u00f3 tiszteletet<\/mark>, amellyel <mark style=\"background-color:rgba(0, 0, 0, 0)\" class=\"has-inline-color has-black-color\">csal\u00e1di \u00e9let\u00e9t, otthon\u00e1t is csak \u201ePurit\u00e1nia\u201d-k\u00e9nt emlegett\u00e9k<\/mark>. Mindebben meg is egyeztek a feles\u00e9g\u00e9vel (m\u00e9g ha a h\u00e1ztart\u00e1s, az ell\u00e1t\u00e1s b\u0151s\u00e9g\u00e9nek \u00e1lland\u00f3 biztos\u00edt\u00e1sa Dragota Nat\u00e1lia sz\u00e1m\u00e1ra olyan sz\u00fclet\u00e9s\u00e9t\u0151l fogva fenn\u00e1ll\u00f3 evidencia is volt, amelyt\u0151l az \u00e1ltal\u00e1nos anyagi roml\u00e1s idej\u00e9n sem tudott eltekinteni \u2013 hiszen az \u201eetet\u00e9s\u201d mindkettej\u00fcknek szinte az egyetlen haszn\u00e1lni megtanult szeretetnyelve volt), aki a rangk\u00fcl\u00f6nbs\u00e9gek tiszteletben tart\u00e1s\u00e1t sokkal sz\u00edvesebben b\u00edzta volna a t\u00e1rsadalmi tudatra, mintsem a l\u00e1tszatnak val\u00f3 \u00e1lland\u00f3 megfelel\u00e9sre.<\/p>\n\n\n\n<figure class=\"wp-block-image aligncenter size-large\"><img decoding=\"async\" loading=\"lazy\" width=\"1024\" height=\"734\" src=\"https:\/\/helyiertek.derimuzeum.hu\/wp-content\/uploads\/2024\/06\/23_image016-1024x734.jpg\" alt=\"\" class=\"wp-image-3105\" srcset=\"https:\/\/helyiertek.derimuzeum.hu\/wp-content\/uploads\/2024\/06\/23_image016-980x703.jpg 980w, https:\/\/helyiertek.derimuzeum.hu\/wp-content\/uploads\/2024\/06\/23_image016-480x344.jpg 480w\" sizes=\"(min-width: 0px) and (max-width: 480px) 480px, (min-width: 481px) and (max-width: 980px) 980px, (min-width: 981px) 1024px, 100vw\" \/><figcaption class=\"wp-element-caption\">Nat\u00e1lia \u00e9s k\u00e9t nevelt l\u00e1nya: Magoss Olga \u00e9s Magoss Margit. Ismeretlen f\u00e9nyk\u00e9p\u00e9sz felv\u00e9tele, 1910 k\u00f6r\u00fcl<\/figcaption><\/figure>\n\n\n\n<p><\/p>\n\n\n\n<p>Az anyak\u00f6nyvi bejegyz\u00e9sek adatainak \u00e9s a gazdas\u00e1gi iratok sz\u00e1mainak \u00f6sszeolvas\u00e1s\u00e1t\u00f3l el lehet ak\u00e1r addig a k\u00f6vetkeztet\u00e9sig is jutni, hogy Dragota Nat\u00e1lia teljes \u00e9let\u00e9ben tudatosan t\u00f6rekedett volna valamely, \u00f6nmag\u00e1nak vagy csal\u00e1dj\u00e1nak v\u00e1lasztott, el\u0151ny\u00f6s poz\u00edci\u00f3 elfoglal\u00e1s\u00e1ra, ebb\u0151l a k\u00e9pb\u0151l azonban hi\u00e1nyzik minden gy\u00f6ng\u00e9ds\u00e9g a h\u0151s\u00fcnk ir\u00e1nt. Nem hagyhatjuk figyelmen k\u00edv\u00fcl, hogy b\u00e1r az \u00e9lete t\u00f6r\u00e9spontjain hozott d\u00f6nt\u00e9sei m\u00f6g\u00f6tt nem l\u00e1tjuk az el\u0151tte \u00e1ll\u00f3 v\u00e1laszt\u00e1si lehet\u0151s\u00e9gek teljess\u00e9g\u00e9t m\u00e9g ut\u00f3lag sem, s ezt r\u00f3la mag\u00e1r\u00f3l m\u00e9g kev\u00e9sb\u00e9 felt\u00e9telezhetj\u00fck, <strong>Nat\u00e1lia szinte gyermekkor\u00e1t\u00f3l feles\u00e9g volt, m\u00e9gpedig \u00fariasszony<\/strong>, akit \u00fagy tartottak el, mint egy gyermeket; <strong>aki a h\u00e1ztart\u00e1si \u00e9s gazdas\u00e1gi munk\u00e1ban mindig csak fel\u00fcgyel\u0151k\u00e9nt vett r\u00e9szt<\/strong>. Az \u00e9let berendez\u00e9s\u00e9nek m\u00e1s konstrukci\u00f3j\u00e1t nem ismerte, de tal\u00e1n b\u00e1tors\u00e1ga \u00e9s k\u00edv\u00e1ncsis\u00e1ga is hi\u00e1nyzott e megismer\u00e9shez, kell\u0151 kreativit\u00e1sa az \u00f6n\u00e1ll\u00f3s\u00e1ghoz. A h\u00e1zass\u00e1ggal szembeni averzi\u00f3ja, amir\u0151l v\u00e1l\u00e1sakor besz\u00e9l, csak a megszokottb\u00f3l val\u00f3 kitasz\u00edtotts\u00e1g \u00e9rz\u00e9se, a feloldhatatlan idegens\u00e9g\u00e9rzet, nem egy esetleges \u00f6n\u00e1ll\u00f3 \u00e9letvitel lehet\u0151s\u00e9g\u00e9nek elvesz\u00edt\u00e9se. Nat\u00e1lia \u00e9lete ink\u00e1bb a saj\u00e1t csal\u00e1d ir\u00e1nti v\u00e1gy beteljes\u00edt\u00e9s\u00e9re ir\u00e1nyul\u00f3, k\u00e9nyszer\u0171en meg\u00fajul\u00f3 t\u00f6rekv\u00e9sek sor\u00e1nak t\u0171nik, amely nemcsak a term\u00e9szetes, biztons\u00e1gos \u00e9s szeretetteli k\u00f6zeget s az ebben fellelt boldogs\u00e1ghoz val\u00f3 visszatal\u00e1l\u00e1s egyetlen lehets\u00e9ges m\u00f3dj\u00e1t jelenthette sz\u00e1m\u00e1ra, hanem az egyetlen helyet is, ahov\u00e1 kora \u00e9s t\u00e1rsadalmi oszt\u00e1lya rendelte \u2013 m\u00e9g ha megfelelni tal\u00e1n ink\u00e1bb csak ez ut\u00f3bbinak siker\u00fclt is.<strong> A n\u0151 helye a sz\u00e1zadfordul\u00f3n v\u00e1ltozik, de m\u00e9g nem felt\u00e9tlen\u00fcl sz\u00fcks\u00e9gszer\u0171en: a csal\u00e1d ekkor m\u00e9g k\u00e9pes megtart\u00f3 er\u0151k\u00e9nt m\u0171k\u00f6dni a kevesebb j\u00f6vedelemmel b\u00edr\u00f3k sz\u00e1m\u00e1ra is.<\/strong><\/p>\n\n\n\n<p>Az \u00e9les szem\u0171 Magoss Olga nevel\u0151anyja hal\u00e1lakor \u00edrt tanuls\u00e1gos rez\u00fcm\u00e9j\u00e9n\u00e9l jobban nem lehet \u00f6sszefoglalni ezt az \u00e9letet. Mint \u00edrja, Nat\u00e1lia<\/p>\n\n\n\n<figure class=\"wp-block-pullquote\"><blockquote><p><em>\u201eolyan szel\u00edd volt az utols\u00f3 h\u00f3napokban; r\u00e9gi energi\u00e1ja, s az a bizonyos kis szigor\u00fas\u00e1ghoz hasonl\u00f3, de pontosan meg nem jel\u00f6lhet\u0151 jellemvon\u00e1sa, amit k\u00f6teless\u00e9g\u00e9nek \u00e9rzett szeg\u00e9ny hajdan\u00e1ban mag\u00e1ra er\u0151ltetni, s amely oly k\u00f6nnyen f\u00e9lrevezette az embereket, pl\u00e1ne a gyermekeket, mint hajdan mi is voltunk, mikor \u00f6sszeker\u00fclt\u00fcnk: teljesen elt\u0171nt. S aki mintegy k\u00ednosan \u00fcgyelt arra, hogy az \u00e9rzelmeit elpal\u00e1stolja egy m\u00e9lt\u00f3s\u00e1gteljes magatart\u00e1ssal, <mark style=\"background-color:rgba(0, 0, 0, 0)\" class=\"has-inline-color has-black-color\"><strong>az utols\u00f3 \u00e9vekben olyan egyszer\u0171en \u00e1llott el\u0151tt\u00fcnk: csupa sz\u00edv \u00e9s l\u00e9lek.<\/strong><\/mark> Mi\u00e9rt van az, hogy n\u00e9mely ember oly szerencs\u00e9tlen, hogy a szeretet \u00e9s j\u00f3s\u00e1g \u00fagy nyilatkozik meg n\u00e1la, mintha csak k\u00f6teless\u00e9g lenne? \u00c9s mi\u00e9rt olyan gyarl\u00f3 az ember, hogy ezt nem m\u00e9lt\u00e1nyolja \u00fagy, mintha ezt csalhatatlanul sz\u00edvb\u0151l j\u00f6v\u0151nek \u00e9rezn\u00e9, hiszen m\u00e9g nagyobb \u00e9rdem erk\u00f6lcsi t\u00f6rv\u00e9ny alapj\u00e1n v\u00e9gezni ilyen teljes\u00edtm\u00e9nyeket, mint \u00f6szt\u00f6n\u00f6sen.\u201d<\/em><\/p><\/blockquote><\/figure>\n\n\n\n<p>Mindez pedig azt is nyilv\u00e1nval\u00f3v\u00e1 teszi, hogy<strong> \u201ea tal\u00e1lkoz\u00e1sok, a bar\u00e1ts\u00e1gok, a szerelmek, az utaz\u00e1sok, az olvasm\u00e1nyok, az \u00f6r\u00f6m\u00f6k, a f\u00e9lelmek, a hitek, az \u00e9lvezetek, a boldogs\u00e1gok, a felh\u00e1borod\u00e1sok, az aggodalmak, egysz\u00f3val: a visszhangok\u201d (Barthes) \u00e9s az egyed\u00fcl formatart\u00f3 besz\u00e9d (Borb\u00e9ly) ismerete n\u00e9lk\u00fcl val\u00f3j\u00e1ban csak elk\u00e9pzelhetj\u00fck az egykor volt embert \u2013 b\u00e1r min\u00e9l t\u00f6bbf\u00e9le forr\u00e1s min\u00e9l elemz\u0151bb olvas\u00e1sa seg\u00edthet a tiszt\u00e1nl\u00e1t\u00e1sban.<\/strong><\/p>\n\n\n\n<p><\/p>\n\n\n\n<figure class=\"wp-block-gallery aligncenter has-nested-images columns-default is-cropped wp-block-gallery-5 is-layout-flex\">\n<figure class=\"wp-block-image size-large\"><img decoding=\"async\" loading=\"lazy\" width=\"665\" height=\"1024\" data-id=\"3107\"  src=\"https:\/\/helyiertek.derimuzeum.hu\/wp-content\/uploads\/2024\/06\/24_image017-665x1024.jpg\" alt=\"\" class=\"wp-image-3107\"\/><\/figure>\n\n\n\n<figure class=\"wp-block-image size-large\"><img decoding=\"async\" loading=\"lazy\" width=\"757\" height=\"1024\" data-id=\"3106\"  src=\"https:\/\/helyiertek.derimuzeum.hu\/wp-content\/uploads\/2024\/06\/25_image018-757x1024.jpg\" alt=\"\" class=\"wp-image-3106\"\/><\/figure>\n<figcaption class=\"blocks-gallery-caption wp-element-caption\">Dragota Nat\u00e1lia \u201eszerepben\u201d \u00e9s \u201eotthon\u201d, az 1910-es \u00e9vek elej\u00e9n \u00e9s v\u00e9g\u00e9n. Letzter J\u00f3zsef \u00e9s Ruzicska Gyula felv\u00e9telei<\/figcaption><\/figure>\n\n\n\n<p><\/p>\n\n\n\n<hr class=\"wp-block-separator has-alpha-channel-opacity\"\/>\n\n\n\n<p><\/p>\n\n\n\n<p><mark style=\"background-color:rgba(0, 0, 0, 0)\" class=\"has-inline-color has-black-color\">Felhaszn\u00e1lt forr\u00e1sok<\/mark><\/p>\n\n\n\n<ul>\n<li>Borb\u00e9ly Szil\u00e1rd: Gy\u00e1szvers Szuromi Lajos hal\u00e1l\u00e1ra. In <em>Bukolikat\u00e1jban. Id\u00ffllek, <\/em>Jelenkor, Budapest, 2022.<\/li>\n\n\n\n<li>DM T\u00f6rt\u00e9neti Gy\u0171jtem\u00e9ny, Dragota-hagyat\u00e9k, I.1958.39.\n<ul>\n<li>(Dragota Ign\u00e1c) Napl\u00f3, 1890\u201391 \u2013 Dragota Ign\u00e1c; <\/li>\n\n\n\n<li>(Dragota Ign\u00e1c) Napl\u00f3. Kiad\u00e1s \u00e9s bev\u00e9tel 1892. D. I.; <\/li>\n\n\n\n<li>(Dragota Mikl\u00f3s) H\u00e1ztart\u00e1si kiad\u00e1s \u00e9s bev\u00e9tel 1895. j\u00fanius 15-t\u0151l; <\/li>\n\n\n\n<li>(Dragota Nat\u00e1lia) Gazdas\u00e1gi Napl\u00f3. 1903.; V\u00e1l\u00f3peri vallom\u00e1s, 1890; <\/li>\n\n\n\n<li>\u00c1tt\u00e9r\u00e9si bizony\u00edtv\u00e1ny, 1890. m\u00e1jus 14.; <\/li>\n\n\n\n<li>B\u00e9k\u00e9ltet\u00e9si bizony\u00edtv\u00e1ny Lad\u00e1nyi Gyula seg\u00e9dlelk\u00e9sz \u00e1ltal, Debreczenben, 1890. j\u00falius 11.; <\/li>\n\n\n\n<li>valamint szerz\u0151d\u00e9sek, sz\u00e1ml\u00e1k, fizet\u00e9si jegyz\u00e9kek, levelek \u00e9s anyak\u00f6nyvi kivonatok<\/li>\n<\/ul>\n<\/li>\n\n\n\n<li>Iskolai \u00e9rtes\u00edt\u0151k (<a href=\"https:\/\/adt.arcanum.com\/hu\/\">Arcanum<\/a>) \u00e9s anyak\u00f6nyvek (<a href=\"https:\/\/www.familysearch.org\/hu\/\">FamilySearch<\/a>)<\/li>\n\n\n\n<li>Harangi Attila \u2013 V\u00e1radi Katalin: Rejtett kincsek \u00e9s kutat\u00e1si lehet\u0151s\u00e9gek a csal\u00e1di hagyat\u00e9kok iratanyagaiban. A Mester utca 33. sz\u00e1m\u00fa Dragota \u2013 Boczk\u00f3-h\u00e1z t\u00f6rt\u00e9nete \u00e9s a Dragota csal\u00e1d hagyat\u00e9ka. <em>DM\u00c9 2023<\/em>, Debrecen, 2024.<\/li>\n\n\n\n<li>Korabeli \u00fajs\u00e1gok:\n<ul>\n<li>(Dragota Nat\u00e1lia eljegyz\u00e9se) <em>Debreczen<\/em>, 1881. j\u00fanius 22.; <\/li>\n\n\n\n<li>(Dragota Mikl\u00f3s hal\u00e1lh\u00edre) <em>Egyet\u00e9rt\u00e9s<\/em>, 1882. janu\u00e1r 17.; <\/li>\n\n\n\n<li>(ifj. Boczk\u00f3 S\u00e1muel hal\u00e1lh\u00edre) <em>Debreczeni Hirlap,<\/em> 1894. j\u00fanius 24.; <\/li>\n\n\n\n<li>(Dragota Ign\u00e1c hal\u00e1lh\u00edre) <em>Debreczeni Reggeli Ujs\u00e1g<\/em>, 1895. j\u00fanius 7.; <\/li>\n\n\n\n<li>(Dragota Ign\u00e1c temet\u00e9se) DRU, 1895. j\u00fanius 9.; <\/li>\n\n\n\n<li>(dr. Major Endre hal\u00e1lh\u00edre) <em>Pesti H\u00edrlap<\/em>, 1895. okt\u00f3ber 11.; <\/li>\n\n\n\n<li>Boczk\u00f3 S\u00e1muel jubileuma. DH, 1897. okt\u00f3ber 30.; <\/li>\n\n\n\n<li>(\u00f6zv. Dragota Ign\u00e1cn\u00e9 Frindt Anna hal\u00e1lh\u00edre \u00e9s temet\u00e9se) DRU \u00e9s DH, 1898. m\u00e1rcius 21.; <\/li>\n\n\n\n<li>Az els\u0151 fekete fakeresztek. DB, 1902. augusztus 6.; <\/li>\n\n\n\n<li>(Dragota Mikl\u00f3s temet\u00e9se) <em>Debreczeni Ujs\u00e1g<\/em>, 1903. m\u00e1rcius 25.; <\/li>\n\n\n\n<li>(Boczk\u00f3 S\u00e1muel hal\u00e1la) DB, 1903. december 17.; <\/li>\n\n\n\n<li>(J\u00e1sz\u00e1roksz\u00e1ll\u00e1sr\u00f3l) <em>F\u0151v\u00e1rosi Lapok<\/em>, 1882. j\u00falius 7., 1884. febru\u00e1r 12., 1885. febru\u00e1r <\/li>\n<\/ul>\n<\/li>\n\n\n\n<li>L\u00e9vai B\u00e9la: J\u00f3zsa t\u00f6rt\u00e9nete a f\u00f6ldrajzi nevek t\u00fckr\u00e9ben. <em>M\u00fazeumi Kur\u00edr, 37<\/em>. Debrecen, 1981. 3\u201359.<\/li>\n\n\n\n<li>Lovas Enik\u0151 Am\u00e1lia: A Dragota \u2013 Boczk\u00f3 \u2013 Magoss csal\u00e1dok. <em>DM\u00c9 2004<\/em>, Debrecen, 2005. 171\u2013202.<\/li>\n\n\n\n<li><em>M\u00f3ricz Zsigmond \u00e9s Magoss Olga levelez\u00e9se<\/em>. P\u00fcski, Budapest, 1995.<\/li>\n\n\n\n<li>Nagyb\u00e1kay Antal Zelmos: Debreceni csal\u00e1dt\u00f6rt\u00e9netek. A vajdahunyadi \u00e9s fels\u0151szilv\u00e1si Dragota csal\u00e1d debreceni \u00e1ga. <em>DM\u00c9 2000\u20132001<\/em>, Debrecen, 2001. 93\u2013106.<\/li>\n\n\n\n<li><em>Roland Barthes Roland Barthes-r\u00f3l.<\/em> (Ford\u00edtotta Darida Veronika) Typotex, Budapest, 2016.<\/li>\n\n\n\n<li>Szab\u00f3 Anna Viola: A f\u00e9nyk\u00e9p\u00e9sz: Chylinski Gy\u00f6rgy (1861\u20131936). In Egy \u00e9p\u00edt\u00e9sz, egy fest\u0151 \u00e9s egy f\u00e9nyk\u00e9p\u00e9sz tal\u00e1lkoz\u00e1sa a XIX. sz\u00e1zad v\u00e9gi Debrecenben<em>. DM\u00c9 2017, <\/em>Debrecen, 2017. 73\u201381.<\/li>\n\n\n\n<li>Topor Istv\u00e1n: In memoriam B\u00e9kessy B\u00e9la. (<a href=\"https:\/\/nagyhaboru.blog.hu\/2016\/07\/08\/in_memoriam_bekessy_bela\">Nagy H\u00e1bor\u00fa blog<\/a>) <\/li>\n\n\n\n<li>Wirth Istv\u00e1n: Palackposta a XIX. sz\u00e1zadb\u00f3l. <em>J\u00e1szkuns\u00e1g<\/em>, 1993. j\u00fanius-j\u00falius, 34\u201335.<\/li>\n<\/ul>\n\n\n\n<p><\/p>\n\n\n\n<hr class=\"wp-block-separator has-alpha-channel-opacity\"\/>\n\n\n\n<p><\/p>\n\n\n\n<p class=\"has-text-align-center\">(Befejez\u0151 r\u00e9sz. A kor\u00e1bbi r\u00e9szeket <a href=\"https:\/\/helyiertek.derimuzeum.hu\/?p=2848\">itt<\/a> \u00e9s <a href=\"https:\/\/helyiertek.derimuzeum.hu\/?p=2973\">itt<\/a> olvashatj\u00e1k)<\/p>\n","protected":false},"excerpt":{"rendered":"<p>Szerz\u0151: Szab\u00f3 Anna Viola<br \/>\nJelen \u00edr\u00e1s arra tesz k\u00eds\u00e9rletet, hogy r\u00e9szben m\u00e1r publik\u00e1lt \u00e9s elemzett iratok szorosabb olvas\u00e1sa \u00e9s m\u00e1s forr\u00e1sokkal val\u00f3 kieg\u00e9sz\u00edt\u00e9se r\u00e9v\u00e9n nyert \u00faj inform\u00e1ci\u00f3k s n\u00e9mi t\u00f6rt\u00e9nelmi emp\u00e1tia seg\u00edts\u00e9g\u00e9vel megrajzolja egy m\u00e1sik v\u00e1ltozat\u00e1t a Dragota, a Boczk\u00f3 \u00e9s a Magoss csal\u00e1dot \u00f6sszek\u00f6t\u0151 Dragota Nat\u00e1lia (1865\u20131942) eddig ismert arck\u00e9p\u00e9nek.<\/p>\n","protected":false},"author":5,"featured_media":3106,"comment_status":"open","ping_status":"open","sticky":false,"template":"","format":"standard","meta":{"_et_pb_use_builder":"off","_et_pb_old_content":"","_et_gb_content_width":""},"categories":[36,35,32],"tags":[230,95,227,100,229,113,59],"_links":{"self":[{"href":"https:\/\/helyiertek.derimuzeum.hu\/index.php?rest_route=\/wp\/v2\/posts\/3097"}],"collection":[{"href":"https:\/\/helyiertek.derimuzeum.hu\/index.php?rest_route=\/wp\/v2\/posts"}],"about":[{"href":"https:\/\/helyiertek.derimuzeum.hu\/index.php?rest_route=\/wp\/v2\/types\/post"}],"author":[{"embeddable":true,"href":"https:\/\/helyiertek.derimuzeum.hu\/index.php?rest_route=\/wp\/v2\/users\/5"}],"replies":[{"embeddable":true,"href":"https:\/\/helyiertek.derimuzeum.hu\/index.php?rest_route=%2Fwp%2Fv2%2Fcomments&post=3097"}],"version-history":[{"count":7,"href":"https:\/\/helyiertek.derimuzeum.hu\/index.php?rest_route=\/wp\/v2\/posts\/3097\/revisions"}],"predecessor-version":[{"id":3121,"href":"https:\/\/helyiertek.derimuzeum.hu\/index.php?rest_route=\/wp\/v2\/posts\/3097\/revisions\/3121"}],"wp:featuredmedia":[{"embeddable":true,"href":"https:\/\/helyiertek.derimuzeum.hu\/index.php?rest_route=\/wp\/v2\/media\/3106"}],"wp:attachment":[{"href":"https:\/\/helyiertek.derimuzeum.hu\/index.php?rest_route=%2Fwp%2Fv2%2Fmedia&parent=3097"}],"wp:term":[{"taxonomy":"category","embeddable":true,"href":"https:\/\/helyiertek.derimuzeum.hu\/index.php?rest_route=%2Fwp%2Fv2%2Fcategories&post=3097"},{"taxonomy":"post_tag","embeddable":true,"href":"https:\/\/helyiertek.derimuzeum.hu\/index.php?rest_route=%2Fwp%2Fv2%2Ftags&post=3097"}],"curies":[{"name":"wp","href":"https:\/\/api.w.org\/{rel}","templated":true}]}}