{"id":3087,"date":"2024-06-06T09:39:21","date_gmt":"2024-06-06T07:39:21","guid":{"rendered":"https:\/\/helyiertek.derimuzeum.hu\/?p=3087"},"modified":"2024-06-06T11:23:26","modified_gmt":"2024-06-06T09:23:26","slug":"felhivas-kepkeresesre","status":"publish","type":"post","link":"https:\/\/helyiertek.derimuzeum.hu\/?p=3087","title":{"rendered":"Felh\u00edv\u00e1s k\u00e9pkeres\u00e9sre!"},"content":{"rendered":"\n<p><strong>Szerz\u0151i k\u00e9r\u00e9s<\/strong><\/p>\n\n\n\n<p><\/p>\n\n\n\n<p class=\"has-text-align-center\">K\u00e9t \u00e9vvel ezel\u0151tt jelent meg a <em><a href=\"https:\/\/www.youtube.com\/watch?v=m_XuOyx7rc\">Debreceni c\u00edvish\u00e1zak \u00e9s lak\u00f3ik nyom\u00e1ban<\/a><\/em> c\u00edm\u0171 k\u00f6nyv, amelyben 21 c\u00edvish\u00e1z t\u00f6rt\u00e9net\u00e9t dokument\u00e1lt\u00e1k a szerz\u0151k. Megjelen\u00e9s\u00e9t nagy siker \u00f6vezte, s nemcsak a szerz\u0151k, hanem az olvas\u00f3k is a folytat\u00e1sra gondoltak. A k\u00f6vetkez\u0151 kiadv\u00e1ny el\u0151k\u00e9sz\u00fcletei m\u00e1r megkezd\u0151dtek, amelyhez a szerz\u0151k az olvas\u00f3k seg\u00edts\u00e9g\u00e9t k\u00e9rik. <\/p>\n\n\n\n<p class=\"has-text-align-center\">Ez\u00faton tessz\u00fck k\u00f6zz\u00e9 a felh\u00edv\u00e1sukat,<mark style=\"background-color:rgba(0, 0, 0, 0)\" class=\"has-inline-color has-black-color\"> s buzd\u00edtjuk a kedves olvas\u00f3kat, ha tudnak, seg\u00edtsenek e v\u00e1llalkoz\u00e1sban!<\/mark><\/p>\n\n\n\n<p><\/p>\n\n\n\n<hr class=\"wp-block-separator has-alpha-channel-opacity\"\/>\n\n\n\n<p><\/p>\n\n\n\n<p class=\"has-text-align-center\"><strong>FELH\u00cdV\u00c1S!<\/strong><\/p>\n\n\n\n<p><\/p>\n\n\n\n<figure class=\"wp-block-image aligncenter size-large\"><img decoding=\"async\" loading=\"lazy\" width=\"1024\" height=\"703\" src=\"https:\/\/helyiertek.derimuzeum.hu\/wp-content\/uploads\/2024\/06\/IX.412-1024x703.jpg\" alt=\"\" class=\"wp-image-3088\" srcset=\"https:\/\/helyiertek.derimuzeum.hu\/wp-content\/uploads\/2024\/06\/IX.412-980x672.jpg 980w, https:\/\/helyiertek.derimuzeum.hu\/wp-content\/uploads\/2024\/06\/IX.412-480x329.jpg 480w\" sizes=\"(min-width: 0px) and (max-width: 480px) 480px, (min-width: 481px) and (max-width: 980px) 980px, (min-width: 981px) 1024px, 100vw\" \/><\/figure>\n\n\n\n<p><\/p>\n\n\n\n<p class=\"has-text-align-center\">A <em>c\u00edvish\u00e1zak \u00e9s lak\u00f3ik nyom\u00e1ban<\/em> j\u00e1r\u00f3 k\u00f6nyv\u00fcnk m\u00e1sodik k\u00f6tet\u00e9hez sz\u00fcks\u00e9g\u00fcnk lenne <strong>r\u00e9gi debreceni otthonok enteri\u0151rjeinek f\u00e9nyk\u00e9peire, szob\u00e1k, konyh\u00e1k, pinc\u00e9k, lak\u00f3terek \u00e1br\u00e1zol\u00e1s\u00e1ra a II. vil\u00e1gh\u00e1bor\u00fa el\u0151tti id\u0151b\u0151l<\/strong>. <\/p>\n\n\n\n<p class=\"has-text-align-center\"><em>C\u00edvish\u00e1zakat keres\u00fcnk<\/em>, de minden m\u00e1sf\u00e9le lak\u00e1s k\u00e9p\u00e9nek is \u00f6r\u00fcln\u00e9nk, \u00fcresen vagy a lak\u00f3ikkal, esetleg a hozz\u00e1juk f\u0171z\u0151d\u0151 t\u00f6rt\u00e9netekkel egy\u00fctt.<\/p>\n\n\n\n<p class=\"has-text-align-center\"><br>K\u00e9r\u00fcnk teh\u00e1t mindenkit, <strong>akinek vannak ilyen csal\u00e1di, amat\u0151r f\u00e9nyk\u00e9pei<\/strong> az otthoni albumaiban vagy cip\u0151sdobozaiban \u2013 ossz\u00e1k meg vel\u00fcnk! <\/p>\n\n\n\n<p class=\"has-text-align-center\"><em>Adj\u00e1k be k\u00e9peiket a D\u00e9ri M\u00fazeum Fot\u00f3t\u00e1r\u00e1ba vagy k\u00fcldj\u00e9k el e-mail-c\u00edmeinkre<\/em>!<\/p>\n\n\n\n<p class=\"has-text-align-center\"><br>A szakszer\u0171 feldolgoz\u00e1s ut\u00e1n a f\u00e9nyk\u00e9peket visszaszolg\u00e1ltatjuk. <\/p>\n\n\n\n<p class=\"has-text-align-center\">Ha pedig egy percre sem szeretn\u00e9k k\u00f6lcs\u00f6nadni csal\u00e1di kincseiket, az sem akad\u00e1ly. Laptoppal \u00e9s szkennerrel h\u00e1zhoz megy\u00fcnk, <em>helyben digitaliz\u00e1ljuk a fot\u00f3kat<\/em>.<\/p>\n\n\n\n<p class=\"has-text-align-center\"><br><strong>A jelentkez\u00e9seket 2024. j\u00falius 15-ig v\u00e1rjuk.<\/strong><\/p>\n\n\n\n<p class=\"has-text-align-center\"><br>A k\u00f6nyv szerz\u0151t\u00e1rsai nev\u00e9ben is k\u00f6sz\u00f6nettel:<br><strong>Szab\u00f3 Anna Viola fot\u00f3t\u00f6rt\u00e9n\u00e9sz<\/strong>, +3652322207<br><mark style=\"background-color:rgba(0, 0, 0, 0)\" class=\"has-inline-color has-black-color\">szabo.anna.viola@derimuzeum.hu<\/mark><br><strong>Harangi Attila \u00e9p\u00edt\u00e9sz<\/strong>, +36302777598<br><mark style=\"background-color:rgba(0, 0, 0, 0)\" class=\"has-inline-color has-black-color\">debrecenhazai@gmail.com<\/mark><\/p>\n\n\n\n<p><\/p>\n\n\n\n<hr class=\"wp-block-separator has-alpha-channel-opacity\"\/>\n\n\n\n<p class=\"has-text-align-center\"><br>Harangi Attila \u2013 L\u00f6ki Viktor: <em>Debreceni c\u00edvish\u00e1zak \u00e9s lak\u00f3ik nyom\u00e1ban<\/em><br><br>Harangi Attila \u00e9s L\u00f6ki Viktor 2019 \u00e9s 2021 k\u00f6z\u00f6tt 21 debreceni c\u00edvish\u00e1z \u00e9s lak\u00f3ik t\u00f6rt\u00e9net\u00e9t dokument\u00e1lt\u00e1k. A k\u00f6nyv alapja a helysz\u00ednbej\u00e1r\u00e1s sor\u00e1n k\u00e9sz\u00edtett fot\u00f3sorozat a h\u00e1zakr\u00f3l \u00e9s lak\u00f3ikr\u00f3l, illetve az interj\u00fak form\u00e1j\u00e1ban r\u00f6gz\u00edtett t\u00f6rt\u00e9net\u00fck. A jelenlegi lak\u00f3kt\u00f3l els\u0151 k\u00e9zb\u0151l megismert, szem\u00e9lyes hangv\u00e9tel\u0171 t\u00f6rt\u00e9neteket a tudom\u00e1nyos ig\u00e9ny\u0171 lev\u00e9lt\u00e1ri kutat\u00e1sok sor\u00e1n felt\u00e1rt korabeli forr\u00e1sok adatai eg\u00e9sz\u00edtik ki. A debreceni c\u00edvish\u00e1zakr\u00f3l \u00edrt \u00f6sszefoglal\u00f3 tanulm\u00e1ny helyezi kontextusba, \u00e9s seg\u00edti \u00e9rtelmezni az egyes h\u00e1zak t\u00f6rt\u00e9net\u00e9t. A szerz\u0151k arra v\u00e1llalkoztak, hogy a bemutatott 21 h\u00e1z \u00e1ltal \u00e1tfog\u00f3 k\u00e9pet kaphasson az olvas\u00f3 Debrecen c\u00edvish\u00e1zair\u00f3l, a szakma \u00e9s a nagyk\u00f6z\u00f6ns\u00e9g egyar\u00e1nt. Az volt a c\u00e9ljuk, hogy felt\u00e1rj\u00e1k, mit jelent a m\u00falt, a h\u00e1zak \u00e9s a c\u00edvisek t\u00f6rt\u00e9nete a jelenben, ami a j\u00f6v\u0151j\u00fck alak\u00edt\u00e1s\u00e1hoz, a meg\u0151rz\u00e9s\u00fckh\u00f6z is hozz\u00e1j\u00e1rulhat.<\/p>\n\n\n\n<p><\/p>\n\n\n\n<figure class=\"wp-block-image aligncenter size-large\"><img decoding=\"async\" loading=\"lazy\" width=\"1024\" height=\"656\" src=\"https:\/\/helyiertek.derimuzeum.hu\/wp-content\/uploads\/2024\/06\/Wli0TpU9nU9RXV07ZQIL-medium-1024x656.jpg\" alt=\"\" class=\"wp-image-3091\" srcset=\"https:\/\/helyiertek.derimuzeum.hu\/wp-content\/uploads\/2024\/06\/Wli0TpU9nU9RXV07ZQIL-medium-1024x656.jpg 1024w, https:\/\/helyiertek.derimuzeum.hu\/wp-content\/uploads\/2024\/06\/Wli0TpU9nU9RXV07ZQIL-medium-980x628.jpg 980w, https:\/\/helyiertek.derimuzeum.hu\/wp-content\/uploads\/2024\/06\/Wli0TpU9nU9RXV07ZQIL-medium-480x307.jpg 480w\" sizes=\"(min-width: 0px) and (max-width: 480px) 480px, (min-width: 481px) and (max-width: 980px) 980px, (min-width: 981px) 1024px, 100vw\" \/><\/figure>\n","protected":false},"excerpt":{"rendered":"<p>A c\u00edvish\u00e1zak \u00e9s lak\u00f3ik nyom\u00e1ban j\u00e1r\u00f3 k\u00f6nyv m\u00e1sodik k\u00f6tet szerz\u0151inek felh\u00edv\u00e1sa! A kiadv\u00e1nyhoz sz\u00fcks\u00e9g lenne r\u00e9gi debreceni otthonok enteri\u0151rjeinek f\u00e9nyk\u00e9peire, szob\u00e1k, konyh\u00e1k, pinc\u00e9k, lak\u00f3terek \u00e1br\u00e1zol\u00e1s\u00e1ra a II. vil\u00e1gh\u00e1bor\u00fa el\u0151tti id\u0151b\u0151l.<\/p>\n","protected":false},"author":5,"featured_media":3088,"comment_status":"open","ping_status":"open","sticky":false,"template":"","format":"standard","meta":{"_et_pb_use_builder":"off","_et_pb_old_content":"","_et_gb_content_width":""},"categories":[36,35],"tags":[243,245,235,135,108,246,244],"_links":{"self":[{"href":"https:\/\/helyiertek.derimuzeum.hu\/index.php?rest_route=\/wp\/v2\/posts\/3087"}],"collection":[{"href":"https:\/\/helyiertek.derimuzeum.hu\/index.php?rest_route=\/wp\/v2\/posts"}],"about":[{"href":"https:\/\/helyiertek.derimuzeum.hu\/index.php?rest_route=\/wp\/v2\/types\/post"}],"author":[{"embeddable":true,"href":"https:\/\/helyiertek.derimuzeum.hu\/index.php?rest_route=\/wp\/v2\/users\/5"}],"replies":[{"embeddable":true,"href":"https:\/\/helyiertek.derimuzeum.hu\/index.php?rest_route=%2Fwp%2Fv2%2Fcomments&post=3087"}],"version-history":[{"count":4,"href":"https:\/\/helyiertek.derimuzeum.hu\/index.php?rest_route=\/wp\/v2\/posts\/3087\/revisions"}],"predecessor-version":[{"id":3096,"href":"https:\/\/helyiertek.derimuzeum.hu\/index.php?rest_route=\/wp\/v2\/posts\/3087\/revisions\/3096"}],"wp:featuredmedia":[{"embeddable":true,"href":"https:\/\/helyiertek.derimuzeum.hu\/index.php?rest_route=\/wp\/v2\/media\/3088"}],"wp:attachment":[{"href":"https:\/\/helyiertek.derimuzeum.hu\/index.php?rest_route=%2Fwp%2Fv2%2Fmedia&parent=3087"}],"wp:term":[{"taxonomy":"category","embeddable":true,"href":"https:\/\/helyiertek.derimuzeum.hu\/index.php?rest_route=%2Fwp%2Fv2%2Fcategories&post=3087"},{"taxonomy":"post_tag","embeddable":true,"href":"https:\/\/helyiertek.derimuzeum.hu\/index.php?rest_route=%2Fwp%2Fv2%2Ftags&post=3087"}],"curies":[{"name":"wp","href":"https:\/\/api.w.org\/{rel}","templated":true}]}}