{"id":3078,"date":"2024-05-30T14:35:45","date_gmt":"2024-05-30T12:35:45","guid":{"rendered":"https:\/\/helyiertek.derimuzeum.hu\/?p=3078"},"modified":"2024-05-30T14:35:46","modified_gmt":"2024-05-30T12:35:46","slug":"ajanlo-uj-kiallitas-nyilik-a-deri-muzeumban","status":"publish","type":"post","link":"https:\/\/helyiertek.derimuzeum.hu\/?p=3078","title":{"rendered":"Aj\u00e1nl\u00f3 &#8211; \u00faj ki\u00e1ll\u00edt\u00e1s ny\u00edlik a D\u00e9ri M\u00fazeumban"},"content":{"rendered":"\n<p><\/p>\n\n\n\n<figure class=\"wp-block-image aligncenter size-large\"><img decoding=\"async\" loading=\"lazy\" width=\"724\" height=\"1024\" src=\"https:\/\/helyiertek.derimuzeum.hu\/wp-content\/uploads\/2024\/05\/Felperzselt_varos_plakat_kesz-724x1024.jpg\" alt=\"\" class=\"wp-image-3079\"\/><\/figure>\n\n\n\n<p><\/p>\n\n\n\n<p class=\"has-text-align-center\">2024 j\u00fanius\u00e1ban lesz a <strong>80. \u00e9vfordul\u00f3ja Debrecen els\u0151 bomb\u00e1z\u00e1snak<\/strong>, melynek sor\u00e1n a h\u00e1bor\u00fa puszt\u00edt\u00e1sait\u00f3l addig megk\u00edm\u00e9lt c\u00edvisv\u00e1rost sokk\u00e9nt \u00e9rte a sz\u00f6vets\u00e9gesek l\u00e9gierej\u00e9nek t\u00e1mad\u00e1sa.<\/p>\n\n\n\n<p class=\"has-text-align-center\">A bomb\u00e1z\u00e1s sor\u00e1n mind ember\u00e9letben, mind anyagiakban <strong>jelent\u0151s vesztes\u00e9g \u00e9rte a v\u00e1rost<\/strong>. Voltak v\u00e1rosr\u00e9szek, ahol az \u00e1ldozatok (halottak \u00e9s sebes\u00fcltek) sz\u00e1ma el\u00e9rhette ak\u00e1r a 25% -ot is, a v\u00e1ros ipari ter\u00fcletei (els\u0151sorban a M\u00c1V-hoz tartoz\u00f3 l\u00e9tes\u00edtm\u00e9nyek) \u00e9s a k\u00f6z\u00fczemi szolg\u00e1ltat\u00f3k pedig komoly k\u00e1rokat szenvedtek.<\/p>\n\n\n\n<p class=\"has-text-align-center\">Ki\u00e1ll\u00edt\u00e1sunk c\u00e9lja ennek <strong>a v\u00e9gzetes napnak \u00e9s a puszt\u00edt\u00e1snak a bemutat\u00e1sa.<\/strong> Ugyancsak feladatunknak \u00e9rezz\u00fck, hogy megeml\u00e9kezz\u00fcnk a<em> ment\u00e9si munk\u00e1latokr\u00f3l, az \u00e1ldozatokr\u00f3l \u00e9s arr\u00f3l a megfesz\u00edtett munk\u00e1r\u00f3l<\/em>, mellyel az elsz\u00e1nt c\u00edvisek \u00fajra \u00e9lhet\u0151v\u00e9 tett\u00e9k a v\u00e1rost.<\/p>\n\n\n\n<p><\/p>\n\n\n\n<p class=\"has-text-align-center\">A l\u00e1togat\u00f3k a ki\u00e1ll\u00edt\u00e1sban Debrecen bomb\u00e1z\u00e1s\u00e1nak v\u00e9gzetes napj\u00e1t a csal\u00e1dj\u00e1val egy\u00fctt t\u00fal\u00e9l\u0151, 93 \u00e9ves <a href=\"https:\/\/www.youtube.com\/watch?v=6RYLUTNmP8g\">Tim\u00e1r L\u00e1szl\u00f3 szavait <\/a>is hallhatj\u00e1k majd.<\/p>\n\n\n\n<p><\/p>\n\n\n\n<figure class=\"wp-block-image aligncenter size-large\"><img decoding=\"async\" loading=\"lazy\" width=\"1024\" height=\"487\" src=\"https:\/\/helyiertek.derimuzeum.hu\/wp-content\/uploads\/2024\/05\/Felperzselt_varos_meghivo_vegso-1024x487.jpg\" alt=\"\" class=\"wp-image-3080\" srcset=\"https:\/\/helyiertek.derimuzeum.hu\/wp-content\/uploads\/2024\/05\/Felperzselt_varos_meghivo_vegso-980x466.jpg 980w, https:\/\/helyiertek.derimuzeum.hu\/wp-content\/uploads\/2024\/05\/Felperzselt_varos_meghivo_vegso-480x228.jpg 480w\" sizes=\"(min-width: 0px) and (max-width: 480px) 480px, (min-width: 481px) and (max-width: 980px) 980px, (min-width: 981px) 1024px, 100vw\" \/><\/figure>\n\n\n\n<p><\/p>\n\n\n\n<p class=\"has-text-align-center\"><strong><em>A felperzselt v\u00e1ros &#8211; Debrecen bomb\u00e1z\u00e1sa 1944. j\u00fanius 2.<\/em><\/strong> c\u00edm\u0171 t\u00e1rlat <mark style=\"background-color:rgba(0, 0, 0, 0)\" class=\"has-inline-color has-black-color\">j\u00fanius 2-\u00e1t\u00f3l december v\u00e9g\u00e9ig<\/mark> lesz l\u00e1that\u00f3.<\/p>\n\n\n\n<p><\/p>\n\n\n\n<p class=\"has-text-align-center\">Szeretettel v\u00e1rjuk a kedves olvas\u00f3kat mind a ki\u00e1ll\u00edt\u00e1s megnyit\u00f3j\u00e1ra, mind a t\u00e1rlat megtekint\u00e9s\u00e9re!<\/p>\n","protected":false},"excerpt":{"rendered":"<p>2024 j\u00fanius\u00e1ban lesz a 80. \u00e9vfordul\u00f3ja Debrecen els\u0151 bomb\u00e1z\u00e1snak, melynek sor\u00e1n a h\u00e1bor\u00fa puszt\u00edt\u00e1sait\u00f3l addig megk\u00edm\u00e9lt c\u00edvisv\u00e1rost sokk\u00e9nt \u00e9rte a sz\u00f6vets\u00e9gesek l\u00e9gierej\u00e9nek t\u00e1mad\u00e1sa. A D\u00e9ri M\u00fazeum most ny\u00edl\u00f3 id\u0151szaki ki\u00e1ll\u00edt\u00e1sa e v\u00e9gzetes napot mutatja be.<\/p>\n","protected":false},"author":5,"featured_media":3079,"comment_status":"open","ping_status":"open","sticky":false,"template":"","format":"standard","meta":{"_et_pb_use_builder":"off","_et_pb_old_content":"","_et_gb_content_width":""},"categories":[38,1],"tags":[210,236,95,138,106,127],"_links":{"self":[{"href":"https:\/\/helyiertek.derimuzeum.hu\/index.php?rest_route=\/wp\/v2\/posts\/3078"}],"collection":[{"href":"https:\/\/helyiertek.derimuzeum.hu\/index.php?rest_route=\/wp\/v2\/posts"}],"about":[{"href":"https:\/\/helyiertek.derimuzeum.hu\/index.php?rest_route=\/wp\/v2\/types\/post"}],"author":[{"embeddable":true,"href":"https:\/\/helyiertek.derimuzeum.hu\/index.php?rest_route=\/wp\/v2\/users\/5"}],"replies":[{"embeddable":true,"href":"https:\/\/helyiertek.derimuzeum.hu\/index.php?rest_route=%2Fwp%2Fv2%2Fcomments&post=3078"}],"version-history":[{"count":4,"href":"https:\/\/helyiertek.derimuzeum.hu\/index.php?rest_route=\/wp\/v2\/posts\/3078\/revisions"}],"predecessor-version":[{"id":3085,"href":"https:\/\/helyiertek.derimuzeum.hu\/index.php?rest_route=\/wp\/v2\/posts\/3078\/revisions\/3085"}],"wp:featuredmedia":[{"embeddable":true,"href":"https:\/\/helyiertek.derimuzeum.hu\/index.php?rest_route=\/wp\/v2\/media\/3079"}],"wp:attachment":[{"href":"https:\/\/helyiertek.derimuzeum.hu\/index.php?rest_route=%2Fwp%2Fv2%2Fmedia&parent=3078"}],"wp:term":[{"taxonomy":"category","embeddable":true,"href":"https:\/\/helyiertek.derimuzeum.hu\/index.php?rest_route=%2Fwp%2Fv2%2Fcategories&post=3078"},{"taxonomy":"post_tag","embeddable":true,"href":"https:\/\/helyiertek.derimuzeum.hu\/index.php?rest_route=%2Fwp%2Fv2%2Ftags&post=3078"}],"curies":[{"name":"wp","href":"https:\/\/api.w.org\/{rel}","templated":true}]}}