{"id":2939,"date":"2024-04-26T10:30:00","date_gmt":"2024-04-26T08:30:00","guid":{"rendered":"https:\/\/helyiertek.derimuzeum.hu\/?p=2939"},"modified":"2024-04-25T15:36:59","modified_gmt":"2024-04-25T13:36:59","slug":"lofkovits-artur-es-a-19-20-szazadi-debreceni-otvosok-aranymuvesek-es-vesnokok-elete-munkassaga-diohejban","status":"publish","type":"post","link":"https:\/\/helyiertek.derimuzeum.hu\/?p=2939","title":{"rendered":"L\u00f6fkovits Art\u00far \u00e9s a 19\u201320. sz\u00e1zadi debreceni \u00f6tv\u00f6s\u00f6k, aranym\u0171vesek \u00e9s v\u00e9sn\u00f6k\u00f6k \u00e9lete, munk\u00e1ss\u00e1ga di\u00f3h\u00e9jban"},"content":{"rendered":"\n<p>Szerz\u0151: Szekeres Bal\u00e1zs<\/p>\n\n\n\n<p>A 19\u201320. sz\u00e1zadi Debrecenben t\u00f6bb olyan \u00f6tv\u00f6s, \u00e9kszer\u00e9sz \u00e9s v\u00e9sn\u00f6k is dolgozott, akik kit\u00fcntet\u00e9seket, jelv\u00e9nyeket \u00e9s eml\u00e9k\u00e9rmeket is k\u00e9sz\u00edtettek. Kutat\u00e1saim alapj\u00e1n 8 olyan szem\u00e9ly ismert akik falerisztikai [rendjelekkel \u00e9s kit\u00fcntet\u00e9sekkel, azok ruh\u00e1zaton viselt form\u00e1ival foglalkoz\u00f3 seg\u00e9dtudom\u00e1ny], numizmatikai vonatkoz\u00e1s\u00fa t\u00e1rgyakat k\u00e9sz\u00edtettek vagy forgalmaztak. Jelen \u00f6ssze\u00e1ll\u00edt\u00e1s a budapesti \u00d6tv\u00f6s Mesters\u00e9gt\u00f6rt\u00e9neti Gy\u0171jtem\u00e9nyben 2024. szeptember 24-\u00e9n tartand\u00f3 el\u0151ad\u00e1sb\u00f3l ny\u00fajt egy kis \u00edzel\u00edt\u0151t.<\/p>\n\n\n\n<p><\/p>\n\n\n\n<p>Id\u0151rendben az els\u0151 <strong>Laky Ferenc<\/strong> \u00f6tv\u00f6s volt. \u00c9let\u00e9r\u0151l kev\u00e9s inform\u00e1ci\u00f3 \u00e1ll rendelkez\u00e9sre.&nbsp; Azt tudjuk, hogy Kom\u00e1rom v\u00e1rmegy\u00e9b\u0151l sz\u00e1rmazott, val\u00f3sz\u00edn\u0171leg Nemes\u00f3cs\u00e1n sz\u00fcletett (mely telep\u00fcl\u00e9s napjainkban Szlov\u00e1ki\u00e1ban tal\u00e1lhat\u00f3). Sajnos sz\u00fclet\u00e9si, hal\u00e1loz\u00e1si adatait nem siker\u00fclt kikutatnom. Egy k\u00e9rv\u00e9nyb\u0151l ismert, hogy 1842-ben m\u00e1r Debrecenben dolgozott \u00f6tv\u00f6sk\u00e9nt. Neve megtal\u00e1lhat\u00f3 a debreceni iparosok 1852\u20131853. \u00e9vre sz\u00f3l\u00f3 ad\u00f3besorol\u00e1s\u00e1ban.<\/p>\n\n\n\n<p>Makai \u00c1gnes kutat\u00e1saib\u00f3l tudjuk, hogy \u0151 k\u00e9sz\u00edtette az 1848\u20131849-es forradalom \u00e9s szabads\u00e1gharc idej\u00e9n alap\u00edtott <mark style=\"background-color:rgba(0, 0, 0, 0)\" class=\"has-inline-color has-black-color\">Magyar Katonai \u00c9rdemrend<\/mark> val\u00f3sz\u00edn\u0171leg mind a h\u00e1rom oszt\u00e1ly\u00e1t.<\/p>\n\n\n\n<figure class=\"wp-block-image aligncenter size-large\"><img decoding=\"async\" loading=\"lazy\" width=\"1010\" height=\"1024\" src=\"https:\/\/helyiertek.derimuzeum.hu\/wp-content\/uploads\/2024\/04\/image002-2-1010x1024.jpg\" alt=\"\" class=\"wp-image-2941\" srcset=\"https:\/\/helyiertek.derimuzeum.hu\/wp-content\/uploads\/2024\/04\/image002-2-1010x1024.jpg 1010w, https:\/\/helyiertek.derimuzeum.hu\/wp-content\/uploads\/2024\/04\/image002-2-980x994.jpg 980w, https:\/\/helyiertek.derimuzeum.hu\/wp-content\/uploads\/2024\/04\/image002-2-480x487.jpg 480w\" sizes=\"(min-width: 0px) and (max-width: 480px) 480px, (min-width: 481px) and (max-width: 980px) 980px, (min-width: 981px) 1010px, 100vw\" \/><figcaption class=\"wp-element-caption\">A Magyar Katonai \u00c9rdemrend I. oszt\u00e1lya (Bem J\u00f3zsef p\u00e9ld\u00e1nya)<br>Forr\u00e1s: <em>Vas\u00e1rnapi \u00dajs\u00e1g<\/em>. 1877. XXIV. \u00e9vfolyam 7. sz\u00e1m 105.<\/figcaption><\/figure>\n\n\n\n<p><\/p>\n\n\n\n<p>Debrecen tal\u00e1n egyik legismertebb \u00e9kszer\u00e9sze <strong>L\u00f6fkovits Art\u00far<\/strong> (1863\u20131935) is k\u00e9sz\u00edtett \u00e9s forgalmazott jelv\u00e9nyeket \u00e9s \u00e9rmeket.<\/p>\n\n\n\n<p>Vezet\u00e9kneve olvashat\u00f3 a<mark style=\"background-color:rgba(0, 0, 0, 0)\" class=\"has-inline-color has-black-color\"> Ferenc J\u00f3zsef 1890-es debreceni l\u00e1togat\u00e1sa alkalm\u00e1b\u00f3l kibocs\u00e1tott eml\u00e9k\u00e9rmen<\/mark> is. Ebb\u0151l L\u00f6fkovits arany, ez\u00fcst \u00e9s bronz p\u00e9ld\u00e1nyokat is k\u00e9sz\u00edttetett a budapesti Scheid c\u00e9ggel.<\/p>\n\n\n\n<figure class=\"wp-block-gallery aligncenter has-nested-images columns-default is-cropped wp-block-gallery-1 is-layout-flex\">\n<figure class=\"wp-block-image size-large\"><img decoding=\"async\" loading=\"lazy\" width=\"863\" height=\"1024\" data-id=\"2944\"  src=\"https:\/\/helyiertek.derimuzeum.hu\/wp-content\/uploads\/2024\/04\/image003-1-863x1024.jpg\" alt=\"\" class=\"wp-image-2944\"\/><\/figure>\n\n\n\n<figure class=\"wp-block-image size-large\"><img decoding=\"async\" loading=\"lazy\" width=\"863\" height=\"1024\" data-id=\"2945\"  src=\"https:\/\/helyiertek.derimuzeum.hu\/wp-content\/uploads\/2024\/04\/image004-863x1024.jpg\" alt=\"\" class=\"wp-image-2945\"\/><\/figure>\n<figcaption class=\"blocks-gallery-caption wp-element-caption\">L\u00f6fkovits Art\u00far Ferenc J\u00f3zsef debreceni l\u00e1togat\u00e1s\u00e1ra k\u00e9sz\u00edttetett ez\u00fcst \u00e9rme<br>Forr\u00e1s: <a href=\"http:\/\/www.valient.hu\">www.valient.hu<\/a> (Valient Aukci\u00f3sh\u00e1z Kft)<\/figcaption><\/figure>\n\n\n\n<p>L\u00f6fkovits A. jelz\u00e9ssel tal\u00e1lkozhatunk az 1905-b\u0151l sz\u00e1rmaz\u00f3, <mark style=\"background-color:rgba(0, 0, 0, 0)\" class=\"has-inline-color has-black-color\">Csokonai Vit\u00e9z Mih\u00e1ly hal\u00e1l\u00e1nak 100. \u00e9vfordul\u00f3j\u00e1ra vert \u00e9rem <\/mark>el\u0151lapj\u00e1n is. Felt\u00e9telezem, hogy ezt az \u00e9rmet L\u00f6fkovits csak k\u00e9sz\u00edttette \u00e9s nem saj\u00e1t maga k\u00e9sz\u00edtette.<\/p>\n\n\n\n<figure class=\"wp-block-image size-large\"><img decoding=\"async\" loading=\"lazy\" width=\"1024\" height=\"542\" src=\"https:\/\/helyiertek.derimuzeum.hu\/wp-content\/uploads\/2024\/04\/Csokonai-pengo_jo-1024x542.jpg\" alt=\"\" class=\"wp-image-2947\" srcset=\"https:\/\/helyiertek.derimuzeum.hu\/wp-content\/uploads\/2024\/04\/Csokonai-pengo_jo-980x519.jpg 980w, https:\/\/helyiertek.derimuzeum.hu\/wp-content\/uploads\/2024\/04\/Csokonai-pengo_jo-480x254.jpg 480w\" sizes=\"(min-width: 0px) and (max-width: 480px) 480px, (min-width: 481px) and (max-width: 980px) 980px, (min-width: 981px) 1024px, 100vw\" \/><figcaption class=\"wp-element-caption\">Csokonai Vit\u00e9z Mih\u00e1ly hal\u00e1l\u00e1nak 100. \u00e9vfordul\u00f3j\u00e1ra k\u00e9sz\u00edtett ez\u00fcst? \u00e9rem<br>Forr\u00e1s: <a rel=\"noreferrer noopener\" href=\"http:\/\/www.aranypengo.hu\/\" target=\"_blank\">www.aranypengo.hu<\/a><\/figcaption><\/figure>\n\n\n\n<p>A harmadik, hozz\u00e1 k\u00f6thet\u0151 \u00e9rem, melynek t\u00f6bb h\u00e1tlapi v\u00e1ltozata l\u00e9tezik, <mark style=\"background-color:rgba(0, 0, 0, 0)\" class=\"has-inline-color has-black-color\"><em>\u201eA Debreczeni Kereskedelmi \u00e9s Iparkamara Kit\u00fcntet\u0151 \u00c9rme\u201d<\/em> <\/mark>n\u00e9ven ismert.<\/p>\n\n\n\n<p>Ezt az \u00e9rmet 1904-t\u0151l adom\u00e1nyozt\u00e1k \u00e9s az iparos-tanonc iskol\u00e1t j\u00f3 eredm\u00e9nnyel v\u00e9gzett, felszabadult tanoncok kapt\u00e1k. Az \u00e9rem el\u0151 \u00e9s h\u00e1tlapj\u00e1nak ver\u0151t\u00f6veit Exner K\u00e1roly (1850\u20131921) budapesti v\u00e9sn\u00f6k v\u00e9ste.<\/p>\n\n\n\n<figure class=\"wp-block-gallery aligncenter has-nested-images columns-default is-cropped wp-block-gallery-3 is-layout-flex\">\n<figure class=\"wp-block-image size-large\"><img decoding=\"async\" loading=\"lazy\" width=\"1024\" height=\"1015\" data-id=\"2948\"  src=\"https:\/\/helyiertek.derimuzeum.hu\/wp-content\/uploads\/2024\/04\/image006-1024x1015.jpg\" alt=\"\" class=\"wp-image-2948\" srcset=\"https:\/\/helyiertek.derimuzeum.hu\/wp-content\/uploads\/2024\/04\/image006-1024x1015.jpg 1024w, https:\/\/helyiertek.derimuzeum.hu\/wp-content\/uploads\/2024\/04\/image006-980x971.jpg 980w, https:\/\/helyiertek.derimuzeum.hu\/wp-content\/uploads\/2024\/04\/image006-480x476.jpg 480w\" sizes=\"(min-width: 0px) and (max-width: 480px) 480px, (min-width: 481px) and (max-width: 980px) 980px, (min-width: 981px) 1024px, 100vw\" \/><\/figure>\n\n\n\n<figure class=\"wp-block-image size-large\"><img decoding=\"async\" loading=\"lazy\" width=\"1024\" height=\"1017\" data-id=\"2949\"  src=\"https:\/\/helyiertek.derimuzeum.hu\/wp-content\/uploads\/2024\/04\/image007-1024x1017.jpg\" alt=\"\" class=\"wp-image-2949\" srcset=\"https:\/\/helyiertek.derimuzeum.hu\/wp-content\/uploads\/2024\/04\/image007-1024x1017.jpg 1024w, https:\/\/helyiertek.derimuzeum.hu\/wp-content\/uploads\/2024\/04\/image007-980x974.jpg 980w, https:\/\/helyiertek.derimuzeum.hu\/wp-content\/uploads\/2024\/04\/image007-480x477.jpg 480w\" sizes=\"(min-width: 0px) and (max-width: 480px) 480px, (min-width: 481px) and (max-width: 980px) 980px, (min-width: 981px) 1024px, 100vw\" \/><\/figure>\n<figcaption class=\"blocks-gallery-caption wp-element-caption\">A DEBRECENI KERESKEDELMI \u00c9S IPARKAMARA KIT\u00dcNTET\u0150 \u00c9RME<br>Forr\u00e1s: <a href=\"http:\/\/www.darabanth.hu\">www.darabanth.hu<\/a> (Darabanth Aukci\u00f3sh\u00e1z Kft)<\/figcaption><\/figure>\n\n\n\n<p><\/p>\n\n\n\n<p><\/p>\n\n\n\n<p>1908-ban unokatestv\u00e9r\u00e9vel, Engel L\u00e1szl\u00f3val (1884\u20131946) megalap\u00edtotta a <strong>L\u00f6fkovits \u00e9s T\u00e1rsa nev\u0171 c\u00e9get<\/strong>. Ez a c\u00e9g k\u00e9sz\u00edtette a <mark style=\"background-color:rgba(0, 0, 0, 0)\" class=\"has-inline-color has-black-color\">Polg\u00e1r\u0151rs\u00e9g Debrecen<\/mark> felirat\u00fa zom\u00e1ncozott jelv\u00e9nyt, melynek t\u00f6bb p\u00e9ld\u00e1nya is fennmaradt az ut\u00f3kor \u00e9s a jelv\u00e9nygy\u0171jt\u0151k nagy \u00f6r\u00f6m\u00e9re.<\/p>\n\n\n\n<figure class=\"wp-block-gallery aligncenter has-nested-images columns-default is-cropped wp-block-gallery-5 is-layout-flex\">\n<figure class=\"wp-block-image size-large\"><img decoding=\"async\" loading=\"lazy\" width=\"852\" height=\"1024\" data-id=\"2953\"  src=\"https:\/\/helyiertek.derimuzeum.hu\/wp-content\/uploads\/2024\/04\/image008-852x1024.jpg\" alt=\"\" class=\"wp-image-2953\"\/><\/figure>\n\n\n\n<figure class=\"wp-block-image size-large\"><img decoding=\"async\" loading=\"lazy\" width=\"1024\" height=\"832\" data-id=\"2952\"  src=\"https:\/\/helyiertek.derimuzeum.hu\/wp-content\/uploads\/2024\/04\/image009-1024x832.jpg\" alt=\"\" class=\"wp-image-2952\" srcset=\"https:\/\/helyiertek.derimuzeum.hu\/wp-content\/uploads\/2024\/04\/image009-980x796.jpg 980w, https:\/\/helyiertek.derimuzeum.hu\/wp-content\/uploads\/2024\/04\/image009-480x390.jpg 480w\" sizes=\"(min-width: 0px) and (max-width: 480px) 480px, (min-width: 481px) and (max-width: 980px) 980px, (min-width: 981px) 1024px, 100vw\" \/><\/figure>\n<figcaption class=\"blocks-gallery-caption wp-element-caption\">Polg\u00e1r\u0151rs\u00e9g Debrecen felirat\u00fa jelv\u00e9ny<br>Forr\u00e1s: <a href=\"http:\/\/www.darabanth.hu\">www.darabanth.hu<\/a><\/figcaption><\/figure>\n\n\n\n<p><\/p>\n\n\n\n<p><\/p>\n\n\n\n<p>A 20. sz\u00e1zad els\u0151 fel\u00e9ben \u00e9lt egy csal\u00e1d Debrecenben, melynek tagjai k\u00f6z\u00fcl ketten is hozz\u00e1j\u00e1rultak a debreceni vonatkoz\u00e1s\u00fa \u00e9rmek k\u00e9sz\u00edt\u00e9s\u00e9hez. A <strong>Paul\u00f3 csal\u00e1db\u00f3l J\u00e1nos<\/strong> (1899\u20131980) <strong>\u00e9s Istv\u00e1n<\/strong> (1887\u20131982). V\u00e9sn\u00f6kk\u00e9nt dolgoztak, \u00e9s t\u00f6bb \u00e9rem ver\u0151t\u00f6v\u00e9t is megv\u00e9st\u00e9k.<\/p>\n\n\n\n<p>1923-ban a<mark style=\"background-color:rgba(0, 0, 0, 0)\" class=\"has-inline-color has-black-color\"> Debreceni V\u00e1rosi Dalegylet 60 \u00e9ves fenn\u00e1ll\u00e1s\u00e1nak eml\u00e9k\u00e9re a dalegylet eml\u00e9k\u00e9rmet <\/mark>k\u00e9sz\u00edttetett. Ez az \u00e9rmet Gy\u0151ry Lajos (?\u20131964, 72 \u00e9vesen) fogtechnikus tervezte \u00e9s Paul\u00f3 J\u00e1nos v\u00e9ste ac\u00e9lba.<\/p>\n\n\n\n<figure class=\"wp-block-gallery aligncenter has-nested-images columns-default is-cropped wp-block-gallery-7 is-layout-flex\">\n<figure class=\"wp-block-image size-large\"><img decoding=\"async\" loading=\"lazy\" width=\"1024\" height=\"1024\" data-id=\"2955\"  src=\"https:\/\/helyiertek.derimuzeum.hu\/wp-content\/uploads\/2024\/04\/image010-1024x1024.jpg\" alt=\"\" class=\"wp-image-2955\" srcset=\"https:\/\/helyiertek.derimuzeum.hu\/wp-content\/uploads\/2024\/04\/image010-1024x1024.jpg 1024w, https:\/\/helyiertek.derimuzeum.hu\/wp-content\/uploads\/2024\/04\/image010-980x980.jpg 980w, https:\/\/helyiertek.derimuzeum.hu\/wp-content\/uploads\/2024\/04\/image010-480x480.jpg 480w\" sizes=\"(min-width: 0px) and (max-width: 480px) 480px, (min-width: 481px) and (max-width: 980px) 980px, (min-width: 981px) 1024px, 100vw\" \/><\/figure>\n\n\n\n<figure class=\"wp-block-image size-large\"><img decoding=\"async\" loading=\"lazy\" width=\"1024\" height=\"1024\" data-id=\"2954\"  src=\"https:\/\/helyiertek.derimuzeum.hu\/wp-content\/uploads\/2024\/04\/image011-1-1024x1024.jpg\" alt=\"\" class=\"wp-image-2954\" srcset=\"https:\/\/helyiertek.derimuzeum.hu\/wp-content\/uploads\/2024\/04\/image011-1-1024x1024.jpg 1024w, https:\/\/helyiertek.derimuzeum.hu\/wp-content\/uploads\/2024\/04\/image011-1-980x980.jpg 980w, https:\/\/helyiertek.derimuzeum.hu\/wp-content\/uploads\/2024\/04\/image011-1-480x480.jpg 480w\" sizes=\"(min-width: 0px) and (max-width: 480px) 480px, (min-width: 481px) and (max-width: 980px) 980px, (min-width: 981px) 1024px, 100vw\" \/><\/figure>\n<figcaption class=\"blocks-gallery-caption wp-element-caption\">A Debreceni V\u00e1rosi Dalegylet \u00e9rme<br>Forr\u00e1s: V\u00e1logat\u00e1s a D\u00e9ri M\u00fazeum gy\u0171jtem\u00e9ny\u00e9b\u0151l &#8211; <a href=\"https:\/\/opac3.deri-muzeum.monguz.hu\/record\/-\/record\/display\/manifestation\/DERIMUZEUM557544\/063fd4e0-187f-40a2-ba2b-9175950ad5da\/solr\/192\/24\/23\/216\/score\/DESC\">Online m\u00fazeumi katal\u00f3gus<\/a><\/figcaption><\/figure>\n\n\n\n<p><\/p>\n\n\n\n<p>A Numizmatikai K\u00f6zl\u00f6nyb\u0151l ismert, hogy <strong>Frisch J\u00f3zsef <\/strong>(1906\u20131945?) \u00e9kszer\u00e9sz is k\u00e9sz\u00edtett plaketteket aranyb\u00f3l \u00e9s ez\u00fcstb\u0151l a Debreceni Fest\u0151szakoszt\u00e1ly r\u00e9sz\u00e9re 1925-ben. Ebben az \u00e9vben k\u00e9sz\u00edtett m\u00e9g egy plakettet aranyb\u00f3l, mely Riman\u00f3czy B\u00e9la (1873\u20131934) v\u00e1llalatigazgat\u00f3 \u00far d\u00edja volt a v\u00edzvezet\u00e9ki szakoszt\u00e1ly r\u00e9sz\u00e9re. Sajnos ezeknek a daraboknak a helye jelenleg nem ismert.<\/p>\n\n\n\n<p>A Magyar Numizmatikai T\u00e1rsulat debreceni csoportja 1925-ben alakult meg, tagjai k\u00f6z\u00fcl t\u00e9m\u00e1nk szempontj\u00e1b\u00f3l eml\u00edt\u00e9sre m\u00e9lt\u00f3 L\u0151fkovits Art\u00far \u00e9s Gy\u0151ry Lajos. A csoport 1928-ban rendezte meg a Debreceni Els\u0151 R\u00e9gip\u00e9nz Ki\u00e1ll\u00edt\u00e1st, melyre eml\u00e9k\u00e9rm\u00e9t is veretett ez\u00fcstb\u0151l \u00e9s bronzb\u00f3l. Ennek a jelz\u00e9s n\u00e9lk\u00fcli \u00e9remnek a ver\u0151szersz\u00e1mait Paul\u00f3 Istv\u00e1n k\u00e9sz\u00edtette.<\/p>\n\n\n\n<figure class=\"wp-block-gallery aligncenter has-nested-images columns-default is-cropped wp-block-gallery-9 is-layout-flex\">\n<figure class=\"wp-block-image size-large\"><img decoding=\"async\" loading=\"lazy\" width=\"1024\" height=\"1017\" data-id=\"2957\"  src=\"https:\/\/helyiertek.derimuzeum.hu\/wp-content\/uploads\/2024\/04\/image012-1-1024x1017.jpg\" alt=\"\" class=\"wp-image-2957\" srcset=\"https:\/\/helyiertek.derimuzeum.hu\/wp-content\/uploads\/2024\/04\/image012-1-1024x1017.jpg 1024w, https:\/\/helyiertek.derimuzeum.hu\/wp-content\/uploads\/2024\/04\/image012-1-980x974.jpg 980w, https:\/\/helyiertek.derimuzeum.hu\/wp-content\/uploads\/2024\/04\/image012-1-480x477.jpg 480w\" sizes=\"(min-width: 0px) and (max-width: 480px) 480px, (min-width: 481px) and (max-width: 980px) 980px, (min-width: 981px) 1024px, 100vw\" \/><\/figure>\n\n\n\n<figure class=\"wp-block-image size-large\"><img decoding=\"async\" loading=\"lazy\" width=\"1024\" height=\"1017\" data-id=\"2956\"  src=\"https:\/\/helyiertek.derimuzeum.hu\/wp-content\/uploads\/2024\/04\/image013-1-1024x1017.jpg\" alt=\"\" class=\"wp-image-2956\" srcset=\"https:\/\/helyiertek.derimuzeum.hu\/wp-content\/uploads\/2024\/04\/image013-1-1024x1017.jpg 1024w, https:\/\/helyiertek.derimuzeum.hu\/wp-content\/uploads\/2024\/04\/image013-1-980x973.jpg 980w, https:\/\/helyiertek.derimuzeum.hu\/wp-content\/uploads\/2024\/04\/image013-1-480x476.jpg 480w\" sizes=\"(min-width: 0px) and (max-width: 480px) 480px, (min-width: 481px) and (max-width: 980px) 980px, (min-width: 981px) 1024px, 100vw\" \/><\/figure>\n<figcaption class=\"blocks-gallery-caption wp-element-caption\">A Debreceni Els\u0151 R\u00e9gip\u00e9nz Ki\u00e1ll\u00edt\u00e1s bronz \u00e9rme<br>Forr\u00e1s: <a href=\"http:\/\/www.darabanth.hu\">www.darabanth.hu<\/a><\/figcaption><\/figure>\n\n\n\n<p>Ismert m\u00e9g egy Paul\u00f3 mesterjeggyel ell\u00e1tott \u00e9rem, mely a doboz\u00e1n szerepl\u0151 n\u00e9gy soros felirat szerint <mark style=\"background-color:rgba(0, 0, 0, 0)\" class=\"has-inline-color has-black-color\">(Debreceni\/ Ipartest\u00fclet\/ Ipari Ki\u00e1ll\u00edt\u00e1s\/ 1926) <\/mark>1926-b\u00f3l val\u00f3. Ezt az \u00e9rmet Dobi Ol\u00e1h Istv\u00e1n (1890\u20131944) fest\u0151, grafikus tervezte. Sajnos eddig nem siker\u00fclt kider\u00edteni, hogy a Paul\u00f3 v\u00e9sn\u00f6k\u00f6k k\u00f6z\u00fcl Istv\u00e1nhoz vagy J\u00e1noshoz k\u00f6thet\u0151-e az \u00e9rem.<\/p>\n\n\n\n<figure class=\"wp-block-gallery aligncenter has-nested-images columns-default is-cropped wp-block-gallery-11 is-layout-flex\">\n<figure class=\"wp-block-image size-large\"><img decoding=\"async\" loading=\"lazy\" width=\"1020\" height=\"1024\" data-id=\"2959\"  src=\"https:\/\/helyiertek.derimuzeum.hu\/wp-content\/uploads\/2024\/04\/image014-1-1020x1024.jpg\" alt=\"\" class=\"wp-image-2959\" srcset=\"https:\/\/helyiertek.derimuzeum.hu\/wp-content\/uploads\/2024\/04\/image014-1-1020x1024.jpg 1020w, https:\/\/helyiertek.derimuzeum.hu\/wp-content\/uploads\/2024\/04\/image014-1-980x984.jpg 980w, https:\/\/helyiertek.derimuzeum.hu\/wp-content\/uploads\/2024\/04\/image014-1-480x482.jpg 480w\" sizes=\"(min-width: 0px) and (max-width: 480px) 480px, (min-width: 481px) and (max-width: 980px) 980px, (min-width: 981px) 1020px, 100vw\" \/><\/figure>\n\n\n\n<figure class=\"wp-block-image size-large\"><img decoding=\"async\" loading=\"lazy\" width=\"1024\" height=\"1017\" data-id=\"2958\"  src=\"https:\/\/helyiertek.derimuzeum.hu\/wp-content\/uploads\/2024\/04\/image015-1-1024x1017.jpg\" alt=\"\" class=\"wp-image-2958\" srcset=\"https:\/\/helyiertek.derimuzeum.hu\/wp-content\/uploads\/2024\/04\/image015-1-1024x1017.jpg 1024w, https:\/\/helyiertek.derimuzeum.hu\/wp-content\/uploads\/2024\/04\/image015-1-980x974.jpg 980w, https:\/\/helyiertek.derimuzeum.hu\/wp-content\/uploads\/2024\/04\/image015-1-480x477.jpg 480w\" sizes=\"(min-width: 0px) and (max-width: 480px) 480px, (min-width: 481px) and (max-width: 980px) 980px, (min-width: 981px) 1024px, 100vw\" \/><\/figure>\n<figcaption class=\"blocks-gallery-caption wp-element-caption\">Debreceni Ipartest\u00fclet ez\u00fcst\u00f6z\u00f6tt bronz \u00e9rme<br>Forr\u00e1s: <a href=\"http:\/\/www.darabanth.hu\">www.darabanth.hu<\/a><\/figcaption><\/figure>\n\n\n\n<p><\/p>\n\n\n\n<p><\/p>\n\n\n\n<p><strong>Kostya J\u00e1nos<\/strong> (1854\u20131922) arany, ez\u00fcst, \u00e9kszer \u00e9s \u00f3ra rakt\u00e1rt alap\u00edtott 1885-ben Debrecenben. Az \u00fczlet az 1930-as \u00e9vek k\u00f6zep\u00e9ig a Sz\u00e9chenyi utc\u00e1ban m\u0171k\u00f6d\u00f6tt.<\/p>\n\n\n\n<figure class=\"wp-block-image aligncenter size-large\"><img decoding=\"async\" loading=\"lazy\" width=\"621\" height=\"1024\" src=\"https:\/\/helyiertek.derimuzeum.hu\/wp-content\/uploads\/2024\/04\/image016-1-621x1024.jpg\" alt=\"\" class=\"wp-image-2960\" srcset=\"https:\/\/helyiertek.derimuzeum.hu\/wp-content\/uploads\/2024\/04\/image016-1-621x1024.jpg 621w, https:\/\/helyiertek.derimuzeum.hu\/wp-content\/uploads\/2024\/04\/image016-1-480x791.jpg 480w\" sizes=\"(min-width: 0px) and (max-width: 480px) 480px, (min-width: 481px) 621px, 100vw\" \/><figcaption class=\"wp-element-caption\">K\u00e9peslap Kostya J\u00e1nos \u00fczlet\u00e9r\u0151l<br>Forr\u00e1s: <a href=\"http:\/\/www.darabanth.hu\">www.darabanth.hu<\/a><\/figcaption><\/figure>\n\n\n\n<p>Kostya J\u00e1nos hal\u00e1la ut\u00e1n az \u00fczletet J\u00e1nos (1897\u20131957) nev\u0171 fia vitte tov\u00e1bb. Az \u0151 jelz\u00e9se tal\u00e1lhat\u00f3 meg a <em><mark style=\"background-color:rgba(0, 0, 0, 0)\" class=\"has-inline-color has-black-color\">Debrecen a magyar fot\u00f3kult\u00far\u00e1\u00e9rt <\/mark><\/em>c\u00edm\u0171 \u00e9rmen, ami 1928-b\u00f3l val\u00f3 \u00e9s Debreczeni Tivadar (1890\u20131976) szobr\u00e1sz tervezte.<\/p>\n\n\n\n<figure class=\"wp-block-gallery aligncenter has-nested-images columns-default is-cropped wp-block-gallery-13 is-layout-flex\">\n<figure class=\"wp-block-image size-large\"><img decoding=\"async\" loading=\"lazy\" width=\"986\" height=\"1024\" data-id=\"2962\"  src=\"https:\/\/helyiertek.derimuzeum.hu\/wp-content\/uploads\/2024\/04\/image017-1-986x1024.jpg\" alt=\"\" class=\"wp-image-2962\" srcset=\"https:\/\/helyiertek.derimuzeum.hu\/wp-content\/uploads\/2024\/04\/image017-1-986x1024.jpg 986w, https:\/\/helyiertek.derimuzeum.hu\/wp-content\/uploads\/2024\/04\/image017-1-980x1018.jpg 980w, https:\/\/helyiertek.derimuzeum.hu\/wp-content\/uploads\/2024\/04\/image017-1-480x498.jpg 480w\" sizes=\"(min-width: 0px) and (max-width: 480px) 480px, (min-width: 481px) and (max-width: 980px) 980px, (min-width: 981px) 986px, 100vw\" \/><\/figure>\n\n\n\n<figure class=\"wp-block-image size-large\"><img decoding=\"async\" loading=\"lazy\" width=\"1024\" height=\"346\" data-id=\"2961\"  src=\"https:\/\/helyiertek.derimuzeum.hu\/wp-content\/uploads\/2024\/04\/image018-1-1024x346.jpg\" alt=\"\" class=\"wp-image-2961\" srcset=\"https:\/\/helyiertek.derimuzeum.hu\/wp-content\/uploads\/2024\/04\/image018-1-980x331.jpg 980w, https:\/\/helyiertek.derimuzeum.hu\/wp-content\/uploads\/2024\/04\/image018-1-480x162.jpg 480w\" sizes=\"(min-width: 0px) and (max-width: 480px) 480px, (min-width: 481px) and (max-width: 980px) 980px, (min-width: 981px) 1024px, 100vw\" \/><\/figure>\n<figcaption class=\"blocks-gallery-caption wp-element-caption\">Debrecen a magyar fot\u00f3kult\u00far\u00e1\u00e9rt bronz \u00e9rem<br>Forr\u00e1s: <a href=\"http:\/\/www.wikibooks.org\">www.wikibooks.org<\/a> \u00e9s <a href=\"http:\/\/www.darabanth.hu\">www.darabanth.hu<\/a><\/figcaption><\/figure>\n\n\n\n<p>1929-ben Debrecenben orsz\u00e1gos dalosversenyt rendeztek. Az erre az alkalomra \u00e9rmek is k\u00e9sz\u00fcltek, melyeken a Kostya vezet\u00e9kn\u00e9v olvashat\u00f3. Ahogy a D\u00e9ri M\u00fazeum 1929. \u00e9vi m\u0171k\u00f6d\u00e9s\u00e9r\u0151l sz\u00f3l\u00f3 kiadv\u00e1nyb\u00f3l ismert, <strong>ifj\u00fa Kostya J\u00e1nos<\/strong> ebb\u0151l az \u00e9remb\u0151l egy aranyozott ez\u00fcst, egy ez\u00fcst \u00e9s egy feh\u00e9rf\u00e9m p\u00e9ld\u00e1nyt is a m\u00fazeumnak aj\u00e1nd\u00e9kozott.<\/p>\n\n\n\n<figure class=\"wp-block-gallery aligncenter has-nested-images columns-default is-cropped wp-block-gallery-15 is-layout-flex\">\n<figure class=\"wp-block-image size-large\"><img decoding=\"async\" loading=\"lazy\" width=\"723\" height=\"1024\" data-id=\"2964\"  src=\"https:\/\/helyiertek.derimuzeum.hu\/wp-content\/uploads\/2024\/04\/image019-1-723x1024.jpg\" alt=\"\" class=\"wp-image-2964\"\/><\/figure>\n\n\n\n<figure class=\"wp-block-image size-large\"><img decoding=\"async\" loading=\"lazy\" width=\"765\" height=\"1024\" data-id=\"2963\"  src=\"https:\/\/helyiertek.derimuzeum.hu\/wp-content\/uploads\/2024\/04\/image020-1-765x1024.jpg\" alt=\"\" class=\"wp-image-2963\"\/><\/figure>\n<figcaption class=\"blocks-gallery-caption wp-element-caption\">A XXII. Orsz\u00e1gos Dalos Versenyre \u00e9rme<br>Forr\u00e1s: <a href=\"http:\/\/www.darabanth.hu\">www.darabanth.hu<\/a><\/figcaption><\/figure>\n\n\n\n<p><\/p>\n\n\n\n<p><\/p>\n\n\n\n<p><strong>Engel L\u00e1szl\u00f3<\/strong> debreceni \u00e9kszer\u00e9sz forgalmazta az 1867-ben alap\u00edtott Debreceni Torna Egylet \u00e9rm\u00e9t. Ez az inform\u00e1ci\u00f3 az \u00e9rem doboz\u00e1n olvashat\u00f3. \u0150 \u00fczemeltette 1928 \u00e9s 1932\/1933 k\u00f6z\u00f6tt azt az \u00fczletet, amit L\u0151fkovits Art\u00farral egy\u00fctt alap\u00edtottak 1908-ban. Ennek az \u00e9remnek t\u00f6bb olyan p\u00e9ld\u00e1nya ismert, melyen a budapesti Scheid c\u00e9g n\u00e9vjele, gy\u00e1rt\u00f3jele l\u00e1that\u00f3. A bemutatott p\u00e9ld\u00e1ny n\u00e9vjel \u00e9s f\u00e9mjel n\u00e9lk\u00fcli, val\u00f3sz\u00edn\u0171, hogy csak ez\u00fcst\u00f6z\u00f6tt f\u00e9mb\u0151l k\u00e9sz\u00fclt.<\/p>\n\n\n\n<figure class=\"wp-block-gallery aligncenter has-nested-images columns-default is-cropped wp-block-gallery-17 is-layout-flex\">\n<figure class=\"wp-block-image size-large\"><img decoding=\"async\" loading=\"lazy\" width=\"1024\" height=\"1010\" data-id=\"2966\"  src=\"https:\/\/helyiertek.derimuzeum.hu\/wp-content\/uploads\/2024\/04\/image021-1024x1010.jpg\" alt=\"\" class=\"wp-image-2966\" srcset=\"https:\/\/helyiertek.derimuzeum.hu\/wp-content\/uploads\/2024\/04\/image021-1024x1010.jpg 1024w, https:\/\/helyiertek.derimuzeum.hu\/wp-content\/uploads\/2024\/04\/image021-980x966.jpg 980w, https:\/\/helyiertek.derimuzeum.hu\/wp-content\/uploads\/2024\/04\/image021-480x473.jpg 480w\" sizes=\"(min-width: 0px) and (max-width: 480px) 480px, (min-width: 481px) and (max-width: 980px) 980px, (min-width: 981px) 1024px, 100vw\" \/><\/figure>\n\n\n\n<figure class=\"wp-block-image size-large\"><img decoding=\"async\" loading=\"lazy\" width=\"1024\" height=\"1021\" data-id=\"2965\"  src=\"https:\/\/helyiertek.derimuzeum.hu\/wp-content\/uploads\/2024\/04\/image022-1-1024x1021.jpg\" alt=\"\" class=\"wp-image-2965\" srcset=\"https:\/\/helyiertek.derimuzeum.hu\/wp-content\/uploads\/2024\/04\/image022-1-1024x1021.jpg 1024w, https:\/\/helyiertek.derimuzeum.hu\/wp-content\/uploads\/2024\/04\/image022-1-980x978.jpg 980w, https:\/\/helyiertek.derimuzeum.hu\/wp-content\/uploads\/2024\/04\/image022-1-480x479.jpg 480w\" sizes=\"(min-width: 0px) and (max-width: 480px) 480px, (min-width: 481px) and (max-width: 980px) 980px, (min-width: 981px) 1024px, 100vw\" \/><\/figure>\n<figcaption class=\"blocks-gallery-caption wp-element-caption\">Debreceni Torna Egylet \u00e9rem<br>Forr\u00e1s: <a href=\"http:\/\/www.darabanth.hu\">www.darabanth.hu<\/a><\/figcaption><\/figure>\n\n\n\n<p><\/p>\n\n\n\n<p><\/p>\n\n\n\n<p>Az utols\u00f3 debreceni \u00e9kszer\u00e9sz, akinek a nev\u00e9vel jelzett \u00e9rem is ismert <strong>V\u00e1gi Istv\u00e1n<\/strong> (1885\u20131945). Az els\u0151 inform\u00e1ci\u00f3 V\u00e1gi \u00e9let\u00e9r\u0151l 1904-b\u0151l val\u00f3. Ekkor, mint aranym\u0171ves seg\u00e9d nyerte el a debreceni kereskedelmi \u00e9s iparkamara 300 koron\u00e1s utaz\u00e1si \u00f6szt\u00f6nd\u00edj\u00e1t.1926 nyar\u00e1n debreceni ipar ki\u00e1ll\u00edt\u00e1st \u00e9s v\u00e1s\u00e1rt rendeztek a reform\u00e1tus koll\u00e9giumban. 200 debreceni \u00e9s hajd\u00fa v\u00e1rmegyei iparos, ki\u00e1ll\u00edt\u00f3 14 termet t\u00f6lt\u00f6tt meg, az egy h\u00e9tig tart\u00f3 rendezv\u00e9nyen. Ezen a ki\u00e1ll\u00edt\u00e1son V\u00e1gi munk\u00e1ss\u00e1ga elismer\u00e9s\u00fcl arany \u00e9rmet kapott. Az 1930-as \u00e9vekben t\u00f6bb \u00e9ven \u00e1t \u0151 volt a Debreceni Iparkamara eln\u00f6ke. Neve olvashat\u00f3 a <mark style=\"background-color:rgba(0, 0, 0, 0)\" class=\"has-inline-color has-black-color\">Debreceni Kereskedelmi \u00e9s Iparkamara t\u00f6bb \u00e9rm\u00e9n<\/mark> is. Jelen \u00edr\u00e1sban a Hars\u00e1nyi J\u00f3zsef (?\u2013?) kov\u00e1csiparos nev\u00e9re sz\u00f3l\u00f3 ez\u00fcst\u00e9rmet mutatom be, melyet a Scheid c\u00e9g k\u00e9sz\u00edtett Budapesten. Az \u00e9rme el\u0151lapj\u00e1n l\u00e1that\u00f3 t\u00f6bbek k\u00f6z\u00f6tt a c\u00e9g n\u00e9vjele (fekv\u0151 ov\u00e1lis keretben SGA bet\u00fck) \u00e9s a 800\u2030-es [ezrel\u00e9kes] pesti kis ez\u00fcst f\u00e9mjel (hatsz\u00f6gletes kont\u00farban 3-as sz\u00e1m, jobbra n\u00e9z\u0151 ag\u00e1rfej, P bet\u0171).<\/p>\n\n\n\n<figure class=\"wp-block-image aligncenter size-large\"><img decoding=\"async\" loading=\"lazy\" width=\"1024\" height=\"512\" src=\"https:\/\/helyiertek.derimuzeum.hu\/wp-content\/uploads\/2024\/04\/image001-2-1024x512.jpg\" alt=\"\" class=\"wp-image-2967\" srcset=\"https:\/\/helyiertek.derimuzeum.hu\/wp-content\/uploads\/2024\/04\/image001-2-980x490.jpg 980w, https:\/\/helyiertek.derimuzeum.hu\/wp-content\/uploads\/2024\/04\/image001-2-480x240.jpg 480w\" sizes=\"(min-width: 0px) and (max-width: 480px) 480px, (min-width: 481px) and (max-width: 980px) 980px, (min-width: 981px) 1024px, 100vw\" \/><figcaption class=\"wp-element-caption\">Hars\u00e1nyi J\u00f3zsef \u00e9rme<br>Forr\u00e1s: <a href=\"http:\/\/www.monetarium.hu\">www.monetarium.hu<\/a><\/figcaption><\/figure>\n\n\n\n<p><\/p>\n\n\n\n<blockquote class=\"wp-block-quote\">\n<p>Ebb\u0151l a r\u00f6vid \u00f6ssze\u00e1ll\u00edt\u00e1sb\u00f3l l\u00e1that\u00f3, hogy a debreceni \u00f6tv\u00f6s\u00f6k, aranym\u0171vesek k\u00f6z\u00fcl t\u00f6bben nem csak \u00e9kszer \u00e9s \u00f3ra k\u00e9sz\u00edt\u00e9ssel \u00e9s forgalmaz\u00e1ssal foglalkoztak, hanem egy-egy jeles esem\u00e9ny alkalm\u00e1val kit\u00fcntet\u00e9seket, jelv\u00e9nyeket \u00e9s \u00e9rmeket is k\u00e9sz\u00edtettek vagy forgalmaztak.<\/p>\n<\/blockquote>\n\n\n\n<p><\/p>\n\n\n\n<p class=\"has-text-align-center\">Ez\u00faton szeretn\u00e9m megk\u00f6sz\u00f6nni Ari Melind\u00e1nak az \u00e9letrajzi adatok gy\u0171jt\u00e9se sor\u00e1n ny\u00fajtott seg\u00edts\u00e9g\u00e9t.<\/p>\n\n\n\n<p><\/p>\n\n\n\n<p><mark style=\"background-color:rgba(0, 0, 0, 0)\" class=\"has-inline-color has-black-color\">V\u00e1logatott felhaszn\u00e1lt irodalom:<\/mark><\/p>\n\n\n\n<ul>\n<li>Dr. Ecsedi Istv\u00e1n: <em>Jelent\u00e9s Debrecen szabad kir\u00e1lyi v\u00e1ros D\u00e9ri M\u00fazeum\u00e1nak 1929. \u00e9vi m\u0171k\u00f6d\u00e9s\u00e9r\u0151l<\/em>. Debrecen,1930.<\/li>\n\n\n\n<li>Dr. S\u0151regi J\u00e1nos: <em>A Debreceni D\u00e9ri M\u00fazeum \u00c9vk\u00f6nyve 1935<\/em>. Debrecen,1936<\/li>\n\n\n\n<li>Dr. Gohl \u00d6d\u00f6n: <em>Numizmatikai K\u00f6zl\u00f6ny<\/em>. XXIII-XXIV. \u00e9vfolyam 1924\u20131925. Budapest,1926.<\/li>\n\n\n\n<li>Kir\u00e1ly Csaba J\u00f3zsef \u2013 Szekeres Bal\u00e1zs: <em>Magyarorsz\u00e1gi \u00e9rem- \u00e9s jelv\u00e9nyk\u00e9sz\u00edt\u0151 \u00fczemek, \u00e9remforgalmaz\u00f3k, v\u00e9sn\u00f6k\u00f6k, \u00f6tv\u00f6s\u00f6k, \u00e9kszer\u00e9szek \u00e1ltal k\u00e9sz\u00edtett, forgalmazott \u00e9rmek, plakettek \u00e9s jelv\u00e9nyek a XIX. sz\u00e1zad elej\u00e9t\u0151l, 1949-ig.<\/em> K\u00e9zirat. Budapest, 2015.<\/li>\n\n\n\n<li>Makai \u00c1gnes: <em>\u201eH\u0171 Vit\u00e9zs\u00e9g\u00e9rt\u201d<\/em>. Budapest, 2001.<\/li>\n\n\n\n<li>Szinovszki S\u00e1ndor:<em> A Magyar Numizmatikai T\u00e1rsulat \u00c9vk\u00f6nyve 1975.<\/em> Budapest,1980.<\/li>\n\n\n\n<li>T\u00f6r\u00f6k P\u00e1l: <em>Magyarorsz\u00e1gi \u00e9rem- \u00e9s plakettm\u0171v\u00e9szet 1850\u20131945.<\/em> Budapest, 2011.<\/li>\n\n\n\n<li><em>Vas\u00e1rnapi \u00dajs\u00e1g<\/em> 1887. XXIV. \u00e9vfolyam 7. sz\u00e1m.<\/li>\n<\/ul>\n\n\n\n<p><\/p>\n","protected":false},"excerpt":{"rendered":"<p>Szerz\u0151: Szekeres Bal\u00e1zs<br \/>\nA 19\u201320. sz\u00e1zadi Debrecenben t\u00f6bb olyan \u00f6tv\u00f6s, \u00e9kszer\u00e9sz \u00e9s v\u00e9sn\u00f6k is dolgozott, akik kit\u00fcntet\u00e9seket, jelv\u00e9nyeket \u00e9s eml\u00e9k\u00e9rmeket is k\u00e9sz\u00edtettek. Kutat\u00e1saim alapj\u00e1n 8 olyan szem\u00e9ly ismert akik falerisztikai, numizmatikai vonatkoz\u00e1s\u00fa t\u00e1rgyakat k\u00e9sz\u00edtettek vagy forgalmaztak.<\/p>\n","protected":false},"author":5,"featured_media":2960,"comment_status":"open","ping_status":"open","sticky":false,"template":"","format":"standard","meta":{"_et_pb_use_builder":"off","_et_pb_old_content":"","_et_gb_content_width":""},"categories":[39,33],"tags":[170,239,147,238,237,68,240],"_links":{"self":[{"href":"https:\/\/helyiertek.derimuzeum.hu\/index.php?rest_route=\/wp\/v2\/posts\/2939"}],"collection":[{"href":"https:\/\/helyiertek.derimuzeum.hu\/index.php?rest_route=\/wp\/v2\/posts"}],"about":[{"href":"https:\/\/helyiertek.derimuzeum.hu\/index.php?rest_route=\/wp\/v2\/types\/post"}],"author":[{"embeddable":true,"href":"https:\/\/helyiertek.derimuzeum.hu\/index.php?rest_route=\/wp\/v2\/users\/5"}],"replies":[{"embeddable":true,"href":"https:\/\/helyiertek.derimuzeum.hu\/index.php?rest_route=%2Fwp%2Fv2%2Fcomments&post=2939"}],"version-history":[{"count":5,"href":"https:\/\/helyiertek.derimuzeum.hu\/index.php?rest_route=\/wp\/v2\/posts\/2939\/revisions"}],"predecessor-version":[{"id":2971,"href":"https:\/\/helyiertek.derimuzeum.hu\/index.php?rest_route=\/wp\/v2\/posts\/2939\/revisions\/2971"}],"wp:featuredmedia":[{"embeddable":true,"href":"https:\/\/helyiertek.derimuzeum.hu\/index.php?rest_route=\/wp\/v2\/media\/2960"}],"wp:attachment":[{"href":"https:\/\/helyiertek.derimuzeum.hu\/index.php?rest_route=%2Fwp%2Fv2%2Fmedia&parent=2939"}],"wp:term":[{"taxonomy":"category","embeddable":true,"href":"https:\/\/helyiertek.derimuzeum.hu\/index.php?rest_route=%2Fwp%2Fv2%2Fcategories&post=2939"},{"taxonomy":"post_tag","embeddable":true,"href":"https:\/\/helyiertek.derimuzeum.hu\/index.php?rest_route=%2Fwp%2Fv2%2Ftags&post=2939"}],"curies":[{"name":"wp","href":"https:\/\/api.w.org\/{rel}","templated":true}]}}