{"id":2301,"date":"2023-11-29T10:00:00","date_gmt":"2023-11-29T09:00:00","guid":{"rendered":"https:\/\/helyiertek.derimuzeum.hu\/?p=2301"},"modified":"2023-11-29T09:42:28","modified_gmt":"2023-11-29T08:42:28","slug":"az-egykori-muzeumigazgatohoz-dr-soregi-janoshoz-irt-levelek-ii-resz","status":"publish","type":"post","link":"https:\/\/helyiertek.derimuzeum.hu\/?p=2301","title":{"rendered":"Az egykori m\u00fazeumigazgat\u00f3hoz, dr. S\u0151regi J\u00e1noshoz \u00edrt levelek II. r\u00e9sz"},"content":{"rendered":"\n<p><strong>A m\u00e9hkasalak\u00fa \u00fcregekkel kapcsolatos levelek<\/strong><\/p>\n\n\n\n<p>Szerz\u0151: Korompai Bal\u00e1zs<\/p>\n\n\n\n<p>A k\u00f6zelm\u00faltban a fenntart\u00f3nk j\u00f3volt\u00e1b\u00f3l S\u0151regi J\u00e1noshoz, m\u00fazeumunk volt igazgat\u00f3j\u00e1hoz \u00edrt levelekkel gazdagodtunk. Ezek a levelek 1928-1948 k\u00f6z\u00f6ttiek. \u00d6sszesen 38 darab lev\u00e9lr\u0151l van sz\u00f3. Ezeket h\u00e1rom csoportba osztottam. A legfontosabb csoportot azok a levelek alkotj\u00e1k, melyeket D\u00e9ri Gy\u00f6rgy, D\u00e9ri Gy\u00f6rgyn\u00e9 \u00e9s D\u00e9ri Miksa \u00edrtak. A m\u00e1sodik csoport az, amely S\u0151regi m\u00e9hkasalak\u00fa \u00fcregekkel foglalkoz\u00f3 felt\u00e1r\u00e1saihoz kapcsol\u00f3dnak. [1] A harmadik egys\u00e9g pedig az egy\u00e9b t\u00e9m\u00e1kat jelenti. A levelek forr\u00e1sk\u00f6zl\u00e9s\u00e9re ebben a sorrendben ker\u00fcl sor.<\/p>\n\n\n\n<p>A levelek \u00e1t\u00edr\u00e1sa sor\u00e1n a nyilv\u00e1nval\u00f3 helyes\u00edr\u00e1si, nyelvhelyess\u00e9gi vagy k\u00f6zpontoz\u00e1si hib\u00e1kat, hi\u00e1nyokat a jobb \u00e9rthet\u0151s\u00e9g miatt jav\u00edtottam. N\u00e9h\u00e1ny esetben el\u0151fordult, hogy a k\u00e9ziratos lev\u00e9lsz\u00f6vegekben egy-egy sz\u00f3 kiolvashatatlan volt, ezt \u00edgy jeleztem: &#8230; <br>A levelek sz\u00f6vege el\u0151tt n\u00e9h\u00e1ny sorban ismertettem az adott levelet \u00e9s a hozz\u00e1 tartoz\u00f3 bor\u00edt\u00e9kot is. A leveleket jellemz\u0151 r\u00e9gies alakokat vagy egy\u00e9ni \u00edr\u00e1sform\u00e1kat nem jav\u00edtottam, pl. Debreczen, cz\u00edm, injekti\u00f3, doctor stb.<\/p>\n\n\n\n<p>Most, a forr\u00e1sk\u00f6zl\u00e9s sor\u00e1n, csak a levelek sz\u00f6vege ker\u00fcl megjelen\u00e9sre, h\u00e1rom alkalommal, a fenti feloszt\u00e1s szerint. A levelekben foglaltak elemz\u00e9se, k\u00eds\u00e9r\u0151 tanulm\u00e1nya k\u00e9s\u0151bb k\u00e9sz\u00fcl el. Fontosnak tartottam, hogy az \u00e9rdekl\u0151d\u0151 k\u00f6z\u00f6ns\u00e9g miel\u0151bb megismerhesse ezt a rendk\u00edv\u00fcl fontos lev\u00e9lanyagot, mivel igen sok \u00e9s \u00e9rt\u00e9kes adat tal\u00e1lhat\u00f3 benn\u00fck.<\/p>\n\n\n\n<figure class=\"wp-block-image aligncenter size-large\"><img decoding=\"async\" loading=\"lazy\" width=\"1024\" height=\"759\" src=\"https:\/\/helyiertek.derimuzeum.hu\/wp-content\/uploads\/2023\/11\/003067-1024x759.jpg\" alt=\"\" class=\"wp-image-2322\" srcset=\"https:\/\/helyiertek.derimuzeum.hu\/wp-content\/uploads\/2023\/11\/003067-980x726.jpg 980w, https:\/\/helyiertek.derimuzeum.hu\/wp-content\/uploads\/2023\/11\/003067-480x356.jpg 480w\" sizes=\"(min-width: 0px) and (max-width: 480px) 480px, (min-width: 481px) and (max-width: 980px) 980px, (min-width: 981px) 1024px, 100vw\" \/><figcaption class=\"wp-element-caption\">A m\u00e9hkasalak\u00fa g\u00f6dr\u00f6k felt\u00e1r\u00e1s\u00e1nak helysz\u00edne: \u201eDebrecen v\u00e1ros l\u00e1tk\u00e9pe az \u00faj v\u00e1rosi t\u00e9glagy\u00e1rb\u00f3l n\u00e9zve. El\u0151t\u00e9rben a sz\u00e9les T\u00f3c\u00f3-v\u00f6lgy, mely jelenleg bellegel\u0151. Balra a balmaz\u00fajv\u00e1rosi m\u0171\u00fat, megette a v\u00e1rosi v\u00edzm\u0171-telep.\u201d <br>Kozmann Le\u00f3 felv\u00e9tele, 1931.<\/figcaption><\/figure>\n\n\n\n<p><\/p>\n\n\n\n<p>1.,<\/p>\n\n\n\n<p>Dr. Balla Bertalan n\u00e9vjegyk\u00e1rty\u00e1ra \u00edrt autograf levele S\u0151regi J\u00e1noshoz, a hozz\u00e1 tartoz\u00f3 bor\u00edt\u00e9kkal, nagys\u00e1gos Dr. S\u0151regi J\u00e1nos urnak v\u00e1rosi muzeum\u0151r Helyben D\u00e9ri Muzeum c\u00edmz\u00e9ssel. A n\u00e9vjegyk\u00e1rtya felirata: Dr. Balla Bertalan Debrecen sz. kir. v\u00e1ros tan\u00e1csnoka.<\/p>\n\n\n\n<p>Kedves Kart\u00e1rsam!<\/p>\n\n\n\n<p>A r\u00e9szemre k\u00fcld\u00f6tt \u0151sr\u00e9g\u00e9szeti tanulm\u00e1ny\u00e1t h\u00e1l\u00e1s k\u00f6sz\u00f6nettel vettem. Adja Isten, hogy m\u00e9g sz\u00e1mtalan ily \u00e9rt\u00e9kes munk\u00e1val gazdag\u00edthassa kedves kart\u00e1rsam a magyar tudom\u00e1nyos \u00e9letet.<\/p>\n\n\n\n<p>Sz\u00edves figyelm\u00e9t s a k\u00fcld\u00f6tt nagy \u00e9rt\u00e9k\u0171 munk\u00e1t ism\u00e9telten k\u00f6sz\u00f6ni<br>Debr. 932. nov. 23.<br>sz\u00edv\u00e9lyes \u00fcdv\u00f6zlettel<br>\u0151szinte h\u00edve:<\/p>\n\n\n\n<p><\/p>\n\n\n\n<p>2.,<\/p>\n\n\n\n<p>Banner J\u00e1nos \u00edr\u00f3g\u00e9ppel meg\u00edrt levelez\u0151lapja autograf al\u00e1\u00edr\u00e1ssal S\u0151regi J\u00e1nosnak. A levelez\u0151lapon 10 fill\u00e9res b\u00e9lyeg \u00e9s szegedi postab\u00e9lyegz\u0151. A felad\u00f3 b\u00e9lyegz\u0151vel adta meg adatait.<\/p>\n\n\n\n<p>Nagys\u00e1gos<br>S\u0151regi J\u00e1nos<br>m\u00fazeum\u0151r \u00farnak<br>Debrecen<br>D\u00e9ry m\u00fazeum<\/p>\n\n\n\n<p>Kedves Bar\u00e1tom!<\/p>\n\n\n\n<p>Dolgozatod megk\u00fcld\u00e9s\u00e9\u00e9rt fogadd h\u00e1l\u00e1s k\u00f6sz\u00f6netemet. A probl\u00e9ma rendk\u00edv\u00fcl \u00e9rdekes, de megold\u00e1sa nem minden korra \u00e9rv\u00e9nyes. Tal\u00e1ltam \u00e9n jazig g\u00f6dr\u00f6t konyhahullad\u00e9kba \u00e1gyazva is, nem is sz\u00f3lva az \u00f3szentiv\u00e1ni 80 g\u00f6d\u00f6rr\u0151l, amelyik bizony csak lak\u00e1s volt. K\u00e9rlek ne feledkezz meg a m\u00fazeum b\u00e9k\u00e9smegyei anyag\u00e1r\u00f3l. Szeretettel \u00f6lel h\u00edved:<\/p>\n\n\n\n<p>Szeged, 1933. 1.15.<br>J\u00e1nos<\/p>\n\n\n\n<p><\/p>\n\n\n\n<p>3.,<\/p>\n\n\n\n<p>B\u00e1tky Zsigmond autograf levele a Magyar Nemzeti M\u00fazeum N\u00e9prajzi T\u00e1ra hivatalos fejl\u00e9ces levelez\u0151 lapj\u00e1n S\u0151regi J\u00e1noshoz. A levelez\u0151lapon egy 4 fill\u00e9res \u00e9s egy fel\u00fclb\u00e9lyegz\u00e9ssel 6 fill\u00e9res b\u00e9lyeg tal\u00e1lhat\u00f3 elmos\u00f3dott postab\u00e9lyegz\u0151kkel. A c\u00edmz\u00e9s: Nagys\u00e1gos Dr. S\u0151regi J\u00e1nos muzeum\u0151r \u00darnak Debrecen D\u00e9ri Muzeum.<\/p>\n\n\n\n<p>Kedves Kollega Uram,<\/p>\n\n\n\n<p>\u201eA m\u00e9hkasalak\u00fa f\u00f6ldbev\u00e1jt \u00fcregek probl\u00e9m\u00e1ja\u201d c\u00edm\u0171 nb. tanulm\u00e1ny\u00e1nak sz\u00edves megk\u00fcld\u00e9s\u00e9\u00e9rt h\u00e1l\u00e1s k\u00f6sz\u00f6net\u00e9t jelenti<br>Bpest 932 nov. 12.<br>mindenkor k\u00e9sz h\u00edve<br>B\u00e1tky Zsigmond<\/p>\n\n\n\n<p>A vid\u00e9ki k\u00f6zgy\u0171jtem\u00e9nyek t\u00e1mogat\u00e1s\u00e1ra j\u00falius, augusztus, szeptember \u00e9s okt\u00f3ber h\u00f3napon, eddig mind\u00f6ssze 430 P-t utalt ki a miniszterium. Rem\u00e9lj\u00fck, hogy k\u00e9s\u0151bb emelni fogja az \u00f6sszeget. Kecskem\u00e9tnek a v\u00e1ros mind\u00f6ssze 200 P. javadalmat sz\u00e1nt. Bizony szomor\u00fa sz\u00e1mok!<\/p>\n\n\n\n<p><\/p>\n\n\n\n<p>4.,<\/p>\n\n\n\n<figure class=\"wp-block-image aligncenter size-large\"><img decoding=\"async\" loading=\"lazy\" width=\"1024\" height=\"803\" src=\"https:\/\/helyiertek.derimuzeum.hu\/wp-content\/uploads\/2023\/11\/mehkas-Cholnoky-J-boritek-1024x803.jpg\" alt=\"\" class=\"wp-image-2313\" srcset=\"https:\/\/helyiertek.derimuzeum.hu\/wp-content\/uploads\/2023\/11\/mehkas-Cholnoky-J-boritek-980x768.jpg 980w, https:\/\/helyiertek.derimuzeum.hu\/wp-content\/uploads\/2023\/11\/mehkas-Cholnoky-J-boritek-480x376.jpg 480w\" sizes=\"(min-width: 0px) and (max-width: 480px) 480px, (min-width: 481px) and (max-width: 980px) 980px, (min-width: 981px) 1024px, 100vw\" \/><\/figure>\n\n\n\n<figure class=\"wp-block-image aligncenter size-large\"><img decoding=\"async\" loading=\"lazy\" width=\"636\" height=\"1024\" src=\"https:\/\/helyiertek.derimuzeum.hu\/wp-content\/uploads\/2023\/11\/mehkas-Cholnoky-J-level-636x1024.jpg\" alt=\"\" class=\"wp-image-2314\"\/><\/figure>\n\n\n\n<p>Cholnoky Jen\u0151 egy oldalas autograf levele S\u0151regi J\u00e1noshoz a hozz\u00e1 tartoz\u00f3 hivatalos bor\u00edt\u00e9kkal. 20 fill\u00e9res b\u00e9lyeggel b\u00e9rmentes\u00edtve, rajta Budapest 932 nov 14. postab\u00e9lyegz\u0151, a bor\u00edt\u00e9k h\u00e1toldal\u00e1n Debrecen 932 nov. 14. \u00e9rkez\u00e9si postab\u00e9lyegz\u0151. Felad\u00f3 el\u0151renyomtatva a bor\u00edt\u00e9kon: Kir. Magy. P\u00e1zm\u00e1ny P\u00e9ter Tud. Egyetem F\u00f6ldrajzi Int\u00e9zete Budapest, VIII. M\u00fazeum-k\u00f6r\u00fat 8. Telefon: J. 368-91. A c\u00edmz\u00e9s tint\u00e1val: Nagys\u00e1gos Dr. S\u0151regi J\u00e1nos m\u00fazeum\u0151r Urnak Debrecen D\u00e9ri-m\u00fazeum. A c\u00edmz\u00e9s f\u00f6l\u00f6tt ceruz\u00e1val fel\u00edrva: V\u00e1lasz ment XI. 18. A v\u00e1lasz fogalmazv\u00e1nya a lev\u00e9l h\u00e1toldal\u00e1n olvashat\u00f3. A lev\u00e9lpap\u00edr is fejl\u00e9ces, k\u00f6zel azonos sz\u00f6veggel, mint a bor\u00edt\u00e9k: Kir. Magy. P\u00e1zm\u00e1ny P\u00e9ter-Tudom\u00e1nyegyetem F\u00f6ldrajzi Int\u00e9zete Budapest VIII., M\u00fazeum-k\u00f6r\u00fat 8. Telefon: J\u00f3zsef 368-91. Budapest, 1932. XI. 14.<\/p>\n\n\n\n<p>Igen tisztelt Doktor \u00dar!<\/p>\n\n\n\n<p>Nagy figyelemmel olvastam el a m\u00e9hkas-alak\u00fa \u00fcregek probl\u00e9m\u00e1j\u00e1r\u00f3l \u00edrt dolgozat\u00e1t s gratul\u00e1lok a helyes \u00e9rtelmez\u00e9shez. Vannak m\u00e9g k\u00e9telyeim is. Mi\u00e9rt nem b\u00e1ny\u00e1szt\u00e1k \u00fagy ezt az anyagot, mint ahogy ma a cig\u00e1nyok b\u00e1ny\u00e1ssz\u00e1k a v\u00e1lyogvet\u00e9shez val\u00f3 anyagot? Sokkal egyszer\u0171bb \u00e9s kev\u00e9sb\u00e9 f\u00e1rads\u00e1gos lett volna. Amit magyar\u00e1zatul felhoz, nem tartom m\u00e9g elegend\u0151nek. No de majd megtal\u00e1ljuk ennek a magyar\u00e1zat\u00e1t is.<\/p>\n\n\n\n<p>A nagybecs\u0171 \u00e9rtekez\u00e9s megk\u00fcld\u00e9s\u00e9\u00e9rt fogadja h\u00e1l\u00e1s k\u00f6sz\u00f6netemet.<br>Sz\u00edves \u00fcdv\u00f6zlettel<br>Dr. Cholnoky Jen\u0151<\/p>\n\n\n\n<p><\/p>\n\n\n\n<p>A v\u00e1lasz fogalmazv\u00e1nya<\/p>\n\n\n\n<p>M\u00e9lt\u00f3s\u00e1gos Uram!<\/p>\n\n\n\n<p>Val\u00f3ban h\u00e1l\u00e1san k\u00f6sz\u00f6n\u00f6m, hogy \u201eA m\u00e9hkasalak\u00fa f\u00f6ldbev\u00e1jt \u00fcregek probl\u00e9m\u00e1ja\u201d c. dolgozatomat nb. figyelm\u00e9re m\u00e9ltatta \u00e9s hogy arra vonatkoz\u00f3 elismer\u0151 soraival megtisztelt. Miut\u00e1n nagy \u00f6r\u00f6m\u00f6mre t\u00f6bb becses hozz\u00e1sz\u00f3l\u00e1st \u00e9s v\u00e9lem\u00e9nyt kaptam \u00e9s m\u00e9g v\u00e1rok is dolgozatomra vonatkoz\u00f3lag, m\u00e9lt\u00f3ztass\u00e9k megengedni, hogy egyr\u00e9szt az adminisztr\u00e1ci\u00f3 egyszer\u0171s\u00edt\u00e9se, m\u00e1sr\u00e9szt adand\u00f3 v\u00e1laszaim \u00f6sszegz\u00e9se s \u00edgy bizony\u00e1ra \u00e9rdekesebb\u00e9 t\u00e9tele v\u00e9gett csak k\u00e9s\u0151bben adjam meg szer\u00e9ny v\u00e1laszomat \u00e9s felfog\u00e1somat M\u00e9lt\u00f3s\u00e1god k\u00e9telyeire vonatkoz\u00f3lag.<\/p>\n\n\n\n<p>Ez\u00fattal b\u00e1torkodom felh\u00edvni becses figyelm\u00e9t az elm\u00falt ny\u00e1ron a szatm\u00e1rmegyei Panyol\u00e1n v\u00e9gzett r\u00e9g\u00e9szeti \u00e1sat\u00e1somra, melyr\u0151l dr. Scherf oszt. geol\u00f3gus \u00fart\u00f3l m\u00e1r bizony\u00e1ra hallott M\u00e9lt\u00f3s\u00e1god \u00e9s amelynek f\u00e9nyk\u00e9p\u00e9t ide mell\u00e9kelem. Magam r\u00e9sz\u00e9r\u0151l m\u00e1r megalkottam az \u00e9p\u00edtm\u00e9ny rendeltet\u00e9s\u00e9re vonatkoz\u00f3 elm\u00e9letemet, azonban nagy kit\u00fcntet\u00e9snek venn\u00e9m, ha a lel\u0151hely geogr\u00e1fiai \u00e9s f\u00f6ldtani viszonyainak megtekint\u00e9s\u00e9re a j\u00f6v\u0151 \u00e9v tavasz\u00e1n id\u0151t szentelne \u00e9s M\u00e9lt\u00f3s\u00e1god \u00e1ltal meghat\u00e1rozott napon vel\u00fcnk egy\u00fctt oda kisz\u00e1llana.<br>Fogadja M\u00e9lt\u00f3s\u00e1gos Uram nagyrabecs\u00fcl\u00e9sem \u00e9s m\u00e9ly tiszteletem nyilv\u00e1n\u00edt\u00e1s\u00e1t<\/p>\n\n\n\n<p>m\u00fazeum\u0151r<br>a r\u00e9g\u00e9szeti oszt\u00e1ly vezet\u0151je<\/p>\n\n\n\n<p>M\u00e9lt\u00f3s\u00e1gos<br>Dr. Cholnoky Jen\u0151<br>egyetemi tan\u00e1r \u00farnak<br>Budapest, VIII.<br>M\u00fazeum k\u00f6r\u00fat 8.<br>M. Kir. Tud. Egyetem<br>F\u00f6ldrajzi Int\u00e9zete<\/p>\n\n\n\n<figure class=\"wp-block-gallery has-nested-images columns-default is-cropped wp-block-gallery-1 is-layout-flex\">\n<figure class=\"wp-block-image size-large\"><img decoding=\"async\" loading=\"lazy\" width=\"1024\" height=\"784\" data-id=\"2315\"  src=\"https:\/\/helyiertek.derimuzeum.hu\/wp-content\/uploads\/2023\/11\/I.688-1024x784.jpg\" alt=\"\" class=\"wp-image-2315\" srcset=\"https:\/\/helyiertek.derimuzeum.hu\/wp-content\/uploads\/2023\/11\/I.688-980x751.jpg 980w, https:\/\/helyiertek.derimuzeum.hu\/wp-content\/uploads\/2023\/11\/I.688-480x368.jpg 480w\" sizes=\"(min-width: 0px) and (max-width: 480px) 480px, (min-width: 481px) and (max-width: 980px) 980px, (min-width: 981px) 1024px, 100vw\" \/><figcaption class=\"wp-element-caption\">S\u0151regi J\u00e1nos a panyolai fa\u00e9p\u00edtm\u00e9ny v\u00edz f\u00f6l\u00e9 ny\u00fal\u00f3 gerend\u00e1in \u00e1llva, k\u00e9t hal\u00e1sszal, cs\u00f3nakkal.<br>Panyola, Zsar\u00f3kert &#8211; Kozmann Le\u00f3 felv\u00e9tele, 1932.<\/figcaption><\/figure>\n\n\n\n<figure class=\"wp-block-image size-large\"><img decoding=\"async\" loading=\"lazy\" width=\"1024\" height=\"764\" data-id=\"2316\"  src=\"https:\/\/helyiertek.derimuzeum.hu\/wp-content\/uploads\/2023\/11\/I.693-1024x764.jpg\" alt=\"\" class=\"wp-image-2316\" srcset=\"https:\/\/helyiertek.derimuzeum.hu\/wp-content\/uploads\/2023\/11\/I.693-980x731.jpg 980w, https:\/\/helyiertek.derimuzeum.hu\/wp-content\/uploads\/2023\/11\/I.693-480x358.jpg 480w\" sizes=\"(min-width: 0px) and (max-width: 480px) 480px, (min-width: 481px) and (max-width: 980px) 980px, (min-width: 981px) 1024px, 100vw\" \/><figcaption class=\"wp-element-caption\">A panyolai fa\u00e9p\u00edtm\u00e9ny a kett\u00e9v\u00e1g\u00e1s el\u0151tt, a harmadik \u00e1sat\u00e1s idej\u00e9n.<br>Panyola, Zsar\u00f3kert &#8211; Kozmann Le\u00f3, 1932.<\/figcaption><\/figure>\n<\/figure>\n\n\n\n<p><\/p>\n\n\n\n<p>5.,<\/p>\n\n\n\n<p>Gunda B\u00e9la egyetemi hallgat\u00f3 autograf levelez\u0151lapja S\u0151reghy J\u00e1noshoz, 10 fill\u00e9res b\u00e9lyeggel b\u00e9rmentes\u00edtve, elmos\u00f3dott postai b\u00e9lyegz\u0151vel. A lev\u00e9l sz\u00f6vege alatt piros ceruz\u00e1val egy verem rajza \u00e9s K\u00fcldend\u0151 felirat, alatta fekete ceruz\u00e1val: elk\u00fcldve 932 X\/31.<\/p>\n\n\n\n<p>Nagys.<br>S\u0151reghy J\u00e1nos<br>m\u00faz. ig. \u00farnak<br>Debrecen<br>D\u00e9ry M\u00fazeum<\/p>\n\n\n\n<p>Tisztelt Igazgat\u00f3 \u00dar!<\/p>\n\n\n\n<p>Gy\u0151rffy Istv\u00e1n egy. m. tan\u00e1r \u00farra hivatkozva (az \u0151 ir\u00e1ny\u00edt\u00e1sa mellett n\u00e9prajzi tanulm\u00e1nyokat v\u00e9gzek) tisztelettel k\u00e9rem az Igazgat\u00f3 Urat, hogy a prehisztorikus vermekr\u0151l \u00edrt tanulm\u00e1ny\u00e1t c\u00edmemre elk\u00fcldeni sz\u00edveskedj\u00e9k. A gabon\u00e1svermek, boglyaalak\u00fa gabon\u00e1sok k\u00e9rd\u00e9s\u00e9vel foglalkozom s igen nagy sz\u00fcks\u00e9gem volna az eml\u00edtett b. tanulm\u00e1nyra.<\/p>\n\n\n\n<p>Teljes tisztelettel<br>Gunda B\u00e9la<br>egyetemi hallgat\u00f3<br>VII. H\u00e1rsfa-utca 59\/b.<br>Budapest<br><\/p>\n\n\n\n<p>6.,<\/p>\n\n\n\n<p>H\u00f3man B\u00e1lint egy oldalas, g\u00e9pelt, autograf al\u00e1\u00edr\u00e1sos k\u00f6sz\u00f6n\u0151levele a miniszt\u00e9rium pr\u00e9selt pecs\u00e9tes, cs\u00fany\u00e1n k\u00f6r\u00fclv\u00e1gott hivatalos lev\u00e9lpap\u00edrj\u00e1n, a hozz\u00e1 tartoz\u00f3 pecs\u00e9telt fejl\u00e9ces (A magyar. kir. vall\u00e1s- \u00e9s k\u00f6zoktat\u00e1s\u00fcgyi minisztert\u0151l.) bor\u00edt\u00e9kkal. Hivatalb\u00f3l Dij \u00e1tal\u00e1nyozva pecs\u00e9ttel ell\u00e1tva. K\u00e9t postab\u00e9lyegz\u0151vel: Budapest 932. nov. 16 \u00e9s Debrecen 932. nov. 17. A bor\u00edt\u00e9k h\u00e1toldala k\u00f6zep\u00e9n a miniszt\u00e9rium miniszter\u00e9nek kis m\u00e9ret\u0171, k\u00f6r alak\u00fa pecs\u00e9tj\u00e9vel.<\/p>\n\n\n\n<p>Budapest, 1932. november 13.<\/p>\n\n\n\n<p>Kedves Bar\u00e1tom!<\/p>\n\n\n\n<p>A m\u00e9hkasalak\u00fa f\u00f6ldbev\u00e1jt \u00fcregek probl\u00e9m\u00e1j\u00e1val foglalkoz\u00f3 tanulm\u00e1nyodnak megk\u00fcld\u00e9s\u00e9vel tan\u00fas\u00edtott sz\u00edves figyelmedet nagyon k\u00f6sz\u00f6n\u00f6m.<br>Sz\u00edves \u00fcdv\u00f6zlettel vagyok<br>h\u00edved:<br>H\u00f3man<\/p>\n\n\n\n<p>Nagys\u00e1gos<br>dr. S\u0151regi J\u00e1nos \u00farnak,<br>m\u00fazeum\u0151r, az \u0151sr\u00e9g\u00e9szeti oszt\u00e1ly vezet\u0151je,<br>Debrecen.<\/p>\n\n\n\n<p><\/p>\n\n\n\n<p>7.,<\/p>\n\n\n\n<p>Ismeretlen z\u00f6ld ceruz\u00e1s, autograf levelez\u0151lapja S\u0151regi J\u00e1nosnak, budapesti postab\u00e9lyegz\u00e9ssel, 1932. dec. 19. d\u00e1tummal. Nagys\u00e1gos Dr. S\u0151regi J\u00e1nos muzeum \u0151r urnak Debreczen Muzeum c\u00edmz\u00e9ssel. Az al\u00e1\u00edr\u00e1sk\u00e9nt szerepl\u0151 n\u00e9v: Feri olvasata bizonytalan!<\/p>\n\n\n\n<ol start=\"1932\">\n<li>XII.19.<\/li>\n<\/ol>\n\n\n\n<p>Kedves Bar\u00e1tom!<\/p>\n\n\n\n<p>K\u00f6sz\u00f6n\u00f6m az \u00e9rdekes dolgozatodat. V\u00e9lem\u00e9nyem szerint a gyakorlati szempont l\u00e1tsz\u00f3lag legal\u00e1bb is ellene sz\u00f3l, mivel sokkal k\u00f6nnyebb lett volna \u00e1rkokban dolgozni, mint ism\u00e9telten megkezdett g\u00f6dr\u00f6kben?!?!?!<\/p>\n\n\n\n<p>\u00f6lel Feri<br>Minden j\u00f3t az \u00faj Esztend\u0151ben<\/p>\n\n\n\n<p><\/p>\n\n\n\n<p>8.,<\/p>\n\n\n\n<figure class=\"wp-block-gallery has-nested-images columns-default is-cropped wp-block-gallery-3 is-layout-flex\">\n<figure class=\"wp-block-image size-large\"><img decoding=\"async\" loading=\"lazy\" width=\"659\" height=\"1020\" data-id=\"2318\"  src=\"https:\/\/helyiertek.derimuzeum.hu\/wp-content\/uploads\/2023\/11\/01.jpg\" alt=\"\" class=\"wp-image-2318\" srcset=\"https:\/\/helyiertek.derimuzeum.hu\/wp-content\/uploads\/2023\/11\/01.jpg 659w, https:\/\/helyiertek.derimuzeum.hu\/wp-content\/uploads\/2023\/11\/01-480x743.jpg 480w\" sizes=\"(min-width: 0px) and (max-width: 480px) 480px, (min-width: 481px) 659px, 100vw\" \/><\/figure>\n\n\n\n<figure class=\"wp-block-image size-large\"><img decoding=\"async\" loading=\"lazy\" width=\"628\" height=\"912\" data-id=\"2317\"  src=\"https:\/\/helyiertek.derimuzeum.hu\/wp-content\/uploads\/2023\/11\/1-1.jpg\" alt=\"\" class=\"wp-image-2317\" srcset=\"https:\/\/helyiertek.derimuzeum.hu\/wp-content\/uploads\/2023\/11\/1-1.jpg 628w, https:\/\/helyiertek.derimuzeum.hu\/wp-content\/uploads\/2023\/11\/1-1-480x697.jpg 480w\" sizes=\"(min-width: 0px) and (max-width: 480px) 480px, (min-width: 481px) 628px, 100vw\" \/><\/figure>\n\n\n\n<figure class=\"wp-block-image size-large\"><img decoding=\"async\" loading=\"lazy\" width=\"637\" height=\"917\" data-id=\"2319\"  src=\"https:\/\/helyiertek.derimuzeum.hu\/wp-content\/uploads\/2023\/11\/2-1.jpg\" alt=\"\" class=\"wp-image-2319\" srcset=\"https:\/\/helyiertek.derimuzeum.hu\/wp-content\/uploads\/2023\/11\/2-1.jpg 637w, https:\/\/helyiertek.derimuzeum.hu\/wp-content\/uploads\/2023\/11\/2-1-480x691.jpg 480w\" sizes=\"(min-width: 0px) and (max-width: 480px) 480px, (min-width: 481px) 637px, 100vw\" \/><\/figure>\n\n\n\n<figure class=\"wp-block-image size-large\"><img decoding=\"async\" loading=\"lazy\" width=\"626\" height=\"912\" data-id=\"2320\"  src=\"https:\/\/helyiertek.derimuzeum.hu\/wp-content\/uploads\/2023\/11\/3.jpg\" alt=\"\" class=\"wp-image-2320\" srcset=\"https:\/\/helyiertek.derimuzeum.hu\/wp-content\/uploads\/2023\/11\/3.jpg 626w, https:\/\/helyiertek.derimuzeum.hu\/wp-content\/uploads\/2023\/11\/3-480x699.jpg 480w\" sizes=\"(min-width: 0px) and (max-width: 480px) 480px, (min-width: 481px) 626px, 100vw\" \/><\/figure>\n\n\n\n<figure class=\"wp-block-image size-large\"><img decoding=\"async\" loading=\"lazy\" width=\"623\" height=\"902\" data-id=\"2321\"  src=\"https:\/\/helyiertek.derimuzeum.hu\/wp-content\/uploads\/2023\/11\/4.jpg\" alt=\"\" class=\"wp-image-2321\" srcset=\"https:\/\/helyiertek.derimuzeum.hu\/wp-content\/uploads\/2023\/11\/4.jpg 623w, https:\/\/helyiertek.derimuzeum.hu\/wp-content\/uploads\/2023\/11\/4-480x695.jpg 480w\" sizes=\"(min-width: 0px) and (max-width: 480px) 480px, (min-width: 481px) 623px, 100vw\" \/><\/figure>\n<figcaption class=\"blocks-gallery-caption wp-element-caption\">S\u0151regi dolgozat\u00e1nak c\u00edmlapja, illetve el\u0151zetes kivonata a D\u00e9ri M\u00fazeum 1932-es \u00e9vk\u00f6nyv\u00e9ben<\/figcaption><\/figure>\n\n\n\n<p><\/p>\n\n\n\n<p>L\u00e1ng N\u00e1ndor k\u00e9t oldalas autograf levele S\u0151regi J\u00e1noshoz a hozz\u00e1 tartoz\u00f3 bor\u00edt\u00e9kkal. Rajta k\u00e9t 10 fill\u00e9res b\u00e9lyeg, Budapest 932 nov. 8. \u00e9s Debrecen 932 nov 9. postab\u00e9lyegz\u00e9sek. H\u00e1toldal\u00e1n a felad\u00f3: Dr. L\u00e1ng N\u00e1ndor Bp. I., Attila u. 81.- C\u00edmz\u00e9s: Ngs Sr. S\u0151regi J\u00e1nos m\u00fazeum\u0151r \u00farnak Debrecen D\u00e9ri M\u00fazeum.<\/p>\n\n\n\n<p>Bp. 32XI8<\/p>\n\n\n\n<p>Kedves Bar\u00e1tom,<\/p>\n\n\n\n<p>K\u00f6sz\u00f6n\u00f6m sz\u00e9pen a M\u00e9hkasszer\u0171 \u00fcregek probl\u00e9m\u00e1j\u00e1r\u00f3l sz\u00f3l\u00f3 tanulm\u00e1nyod sz\u00edves felaj\u00e1nl\u00e1s\u00e1t. M\u00e1r a M\u00fazeumi jelent\u00e9sb\u0151l olvastam, most \u00fajra s mondhatom \u00e9rvel\u00e9sed f\u00f6ltev\u00e9sedet nagyon plauzibiliss\u00e9 teszi s bizonyos, hogy az az archeologusok \u00e9rdekl\u0151d\u00e9s\u00e9nek homlokter\u00e9be ker\u00fcl. \u00c1sat\u00e1saidat bizony\u00e1ra folytatod, s megtal\u00e1lod a g\u00f6dr\u00f6k mellett a kemenc\u00e9t v. kemenc\u00e9ket. Most m\u00e1r \u00e9rtem, hogy egy tavalyi besz\u00e9lget\u00e9s\u00fcnk alkalm\u00e1val mi\u00e9rt nem akart\u00e1l nyilatkozni az \u00fcregek rendeltet\u00e9s\u00e9r\u0151l: a feleletet megkaptam most sz\u00e9p \u00e9s alapos tanulm\u00e1nyodban.<br>L\u00e9gy sz\u00edves, k\u00e9rlek, Ecsedi bar\u00e1tomnak is k\u00f6sz\u00f6netemet jelenteni, hogy a 3 nekem hi\u00e1nyz\u00f3 m\u00fazeumkiadv\u00e1nyb\u00f3l egyet megk\u00fcld\u00f6tt, \u00fagy l\u00e1tszik a m\u00e1sik 2 m\u00e1r elfogyott \u00e9s k\u00f6sz\u00f6n\u00f6m igaz\u00e1n j\u00f3l szerkesztett m\u00fazeumi Vezet\u0151t\u00f6k megk\u00fcld\u00e9s\u00e9t.<br>A m\u00fazeum kiadv\u00e1nyait ezent\u00fal is k\u00e9rem, (sz\u00fcks\u00e9g eset\u00e9n \u00e1rukat k\u00f6lts\u00e9gesen megt\u00e9r\u00edtem)<\/p>\n\n\n\n<p>Sz\u00edves \u00fcdv\u00f6zlettel<br>igaz h\u00edved<br>L\u00e1ng N\u00e1ndor<\/p>\n\n\n\n<p>\u00d6r\u00f6mmel l\u00e1tom, milyen \u00fcgyesen rajzol Kollonits, \u0151t is \u00fcdv\u00f6zl\u00f6m.<br>\u2003<\/p>\n\n\n\n<p>9.,<\/p>\n\n\n\n<p>L\u00f6fk\u00f6vits Arth\u00far n\u00e9vjegyk\u00e1rty\u00e1ra \u00edrt autograf levele S\u0151regi J\u00e1noshoz. A n\u00e9vjegyk\u00e1rtya felirata: L\u00f6fk\u00f6vits Arth\u00far<br>v. V\u00e1rosi Muzeumi Igazgat\u00f3<br>A Ferenc J\u00f3zsef-rend lovagja<br>Debrecen.<\/p>\n\n\n\n<p>Kedves Dr. S\u0151regi!<\/p>\n\n\n\n<p>K\u00f6sz\u00f6net sz\u00edves figyelm\u00e9\u00e9rt. \u00c9lvezettel olvastam az \u00e9rdekes \u00e9s \u00e9rt\u00e9kes tanulm\u00e1nyt. Rem\u00e9lem \u00e9s sz\u00edvb\u0151l k\u00edv\u00e1nom, hogy az \u00d6nnek dics\u0151s\u00e9g\u00e9re \u00e9s haszn\u00e1ra leend.<\/p>\n\n\n\n<p>K. Nej\u00e9t s \u00d6nt, sz\u00edv\u00e9lyesen \u00fcdv\u00f6zli, h\u00edve,<br>L\u00f6fk\u00f6vits<br>932 Dec 5.<\/p>\n\n\n\n<p><\/p>\n\n\n\n<p>10.,<\/p>\n\n\n\n<p>Monus Ferenc autograf levelez\u0151lapja S\u0151regi J\u00e1noshoz, Miskolcz 932 dec 7. b\u00e9lyegz\u0151vel.<\/p>\n\n\n\n<p>Dr. Monus Ferenc<br>postaf\u0151n\u00f6k Miskolc f\u0151posta<br>Nagys\u00e1gos<br>dr. S\u0151regi J\u00e1nos \u00farnak<br>Debrecen<br>D\u00e9ri m\u00fazeum<\/p>\n\n\n\n<p>J\u00e1noska kedves, \u0151sr\u00e9g\u00e9szeti tanulm\u00e1nyodat nagyon k\u00f6sz\u00f6n\u00f6m, csak most olvashattam el. Igaz szeretettel gratul\u00e1lok. A m\u00e9hkasalak\u00fa f\u00f6ldbev\u00e1jt \u00fcregek probl\u00e9m\u00e1ja, nekem m\u00e1r nem probl\u00e9ma t\u00f6bb\u00e9: okosan, nagyon \u00e9rdekesen megtan\u00edtott\u00e1l a helyes elm\u00e9letre.<\/p>\n\n\n\n<p>M\u00e9gegyszer k\u00f6sz\u00f6n\u00f6m kedves figyelmedet s tov\u00e1bbi eredm\u00e9nyes kutat\u00e1st \u00e9s munk\u00e1t k\u00edv\u00e1n<br>igaz bar\u00e1ts\u00e1ggal:<br>Miskolc, 1932 XII\/7<br>Dr. Monus Ferenc<\/p>\n\n\n\n<p><\/p>\n\n\n\n<p>11.,<\/p>\n\n\n\n<p>A Somogyi-k\u00f6nyvt\u00e1r \u00e9s V\u00e1rosi Muzeum Szeged hivatalos fejl\u00e9ces bor\u00edt\u00e9kj\u00e1ban fejl\u00e9ces lev\u00e9lpap\u00edron M\u00f3ra Ferenc autograf, k\u00e9t oldalas levele S\u0151regi J\u00e1noshoz. K\u00e9t 10 fill\u00e9res b\u00e9lyeggel ell\u00e1tva, a postai b\u00e9lyegz\u0151k Szeged 933. Feb. 19 \u00e9s Debrecen 933 Feb. 20. feliratos. A bor\u00edt\u00e9k h\u00e1toldala v\u00f6r\u00f6s \u00e9s fekete ceruz\u00e1val \u00f6sszefirk\u00e1lt. M\u00f3ra Ferenc k\u00e9z\u00edr\u00e1sa nagyon nehezen olvashat\u00f3, sok esetben jelz\u00e9s\u00e9rt\u00e9k\u0171.<\/p>\n\n\n\n<p>Szeged, 1933. II. 19.<\/p>\n\n\n\n<p>Kedves \u00d6cs\u00e9m!<\/p>\n\n\n\n<p>Sok \u00fcgy\u0171-baj\u00fa ember l\u00e9v\u00e9n, csak az \u00e9jszaka jutottam hozz\u00e1, hogy kapt\u00e1rlak\u00e1s-tanulm\u00e1nyodat elolvassam. Sz\u00edvb\u0151l gratul\u00e1lok hozz\u00e1. Azt hiszem, megtal\u00e1ltad az agyag-g\u00f6dr\u00f6k rejt\u00e9ly\u00e9nek nyitj\u00e1t. \u00c9n csak addig jutottam el m\u00e1r \u2026 r\u00e9g\u00e9sz koromban, hogy lak\u00e1snak semmi esetre se szolg\u00e1lnak. Csak az\u00e9rt nem sz\u00e9gyellem magam, mert m\u00e1s se jutott eddig, mint te, pedig most m\u00e1r, te ut\u00e1nad Columbus toj\u00e1s\u00e1nak l\u00e1tszik a dolog.<\/p>\n\n\n\n<blockquote class=\"wp-block-quote\">\n<p>Szeretn\u00e9lek azonban egyszer lehozni erre mifel\u00e9nk is, a homokra. Mert \u00e9n nemcsak agyagban tal\u00e1lom ezeket a zacsk\u00f3kat, hanem a homokban is, cserepekkel, hullad\u00e9kcsontokkal, t\u00f6bb-kevesebb hamuval \u00e9s a ki\u00e9gett paticsfaldarabokkal. Sajnos ezeknek a felm\u00e9r\u00e9se neh\u00e9z, mert a k\u00f6rvonalak bizonytalanok, a homokban minden elmos\u00f3dik. Szeretn\u00e9m, ha egyszer ezekre is beleadn\u00e1d az eszedet, amit igen becs\u00fcl\u00f6k.<\/p>\n<\/blockquote>\n\n\n\n<p>\u2026 \u2026 egy\u00fctt sz\u00edvb\u0151l k\u00f6sz\u00f6nt \u00f6reg koll\u00e9g\u00e1d<br>M\u00f3ra Ferenc<\/p>\n\n\n\n<p><\/p>\n\n\n\n<p>12.,<\/p>\n\n\n\n<p>R\u00e1cz Lajos autograf levelez\u0151lapja S\u0151regi J\u00e1nosnak, s\u00e1rospataki postab\u00e9lyegz\u0151vel.<\/p>\n\n\n\n<p>Tekintetes<br>Dr S\u0151regi J\u00e1nos<br>m\u00fazeum\u0151r \u00farnak<br>Debrecen<br>D\u00e9ri-M\u00fazeum<\/p>\n\n\n\n<p>Kedves J\u00e1nos \u00d6cs\u00e9m!<\/p>\n\n\n\n<p>\u00c9rt\u00e9kes dolgozat\u00e1t megkaptam s m\u00e1r \u00e1tb\u00f6ng\u00e9sztem,- fogadja \u00e9rte m\u00e9ly k\u00f6sz\u00f6netemet. A napokban tal\u00e1n nekem is alkalmam lesz valamivel viszonozni.<br>A m\u00fazeumi jelent\u00e9st is megkaptam r\u00e9gebben s azt beadtam a f\u0151iskolai k\u00f6nyvt\u00e1rba.<\/p>\n\n\n\n<p>Sz\u00edves \u00fcdv\u00f6zlettel igaz bar\u00e1tja<br>S\u00e1rospatak, 1932 nov. 22.<br>R\u00e1cz Lajos<\/p>\n\n\n\n<p><\/p>\n\n\n\n<p>13.,<\/p>\n\n\n\n<p>Scherf Emil autograf, 20 fill\u00e9res, z\u00e1rt levelez\u0151lapja S\u0151regi J\u00e1nosnak. Rajta Budapest 932. sep. 28. postab\u00e9lyegz\u0151. Felad\u00f3: Dr. Scherf Emil Budapest, VII, Stef\u00e1nia-\u00fat 14. C\u00edmzett: Nagys\u00e1gos S\u0151regi J\u00e1nos dr. \u00farnak Panyola Szatm\u00e1rmegye k\u00f6zs\u00e9gi el\u0151lj\u00e1r\u00f3s\u00e1g \u00fatj\u00e1n.<\/p>\n\n\n\n<p>Budapest, 1932. IX. 28.<\/p>\n\n\n\n<p>Kedves J\u00e1nosk\u00e1m! &#8211; Kedves leveled\u00e9rt \u00e9s k\u00e9r\u00e9seim k\u00e9szs\u00e9ges teljes\u00edt\u00e9s\u00e9\u00e9rt fogadd legh\u00e1l\u00e1sabb k\u00f6sz\u00f6netemet. Most csak azt \u00edrd meg k\u00e9rlek, hogy a nekem sz\u00e1nt 200 p\u00e9ld\u00e1ny\u00e9rt j\u00e1r\u00f3 120 peng\u0151t hov\u00e1 fizessem be? Neked-e, debreceni D\u00e9ri-M\u00fazeumi vagy panyolai c\u00edmedre, vagy egyszerre a nyomd\u00e1nak? Az ut\u00f3bbi esetben k\u00e9rn\u00e9m annak pontos c\u00edm\u00e9t. A n\u00e9met k\u00e9ziratot m\u00e1r elk\u00fcldtem Debrecenbe, amikor k. leveled j\u00f6tt s \u00edgy a k\u00edv\u00e1nt korrektur\u00e1kat nem v\u00e9gezhettem m\u00e1r el. &#8211; aggodalmaid a \u201et\u00e1rsszerz\u0151s\u00e9get\u201d illet\u0151leg csak j\u00f3 bar\u00e1ti sz\u00edvedet mutatj\u00e1k, de eg\u00e9szen indokolatlanok. Hiszen a munka szerz\u0151je Te vagy s \u00e9n bizony csak nagyon \u00e1ltal\u00e1nos megfigyel\u00e9seket f\u0171zhettem hozz\u00e1! &#8211; M\u00e1r meg\u00edrtam, hogy Panyol\u00e1ra alig j\u00f6v\u00f6k, de az\u00e9rt \u00e9rtes\u00edts k\u00e9rlek, meddig maradsz ott? Nincs kiz\u00e1rva, hogy okt\u00f3ber els\u0151 napjaiban Hadik gr\u00f3fhoz Tornan\u00e1dask\u00e1ra \u00e9s onn\u00e9t Aggtelekre. Nagyon h\u00edvnak. Esetleg hazamen\u0151ben kin\u00e9zek Panyol\u00e1ra. Sz\u00edves \u00fcdv\u00f6zletet k\u00fcld\u00f6k minden ottani ismer\u0151snek, els\u0151sorban B\u0151di b\u00e1csinak. \u00d6lel: Emil<\/p>\n\n\n\n<p>A \u201enagyfej\u0171ek\u201d (Homan, Kozma) most mond miniszters\u00e9gbe utaznak, kev\u00e9s idej\u00fck lesz a Te \u201enem fontos\u201d dolgaidra.<\/p>\n\n\n\n<figure class=\"wp-block-image aligncenter size-large\"><img decoding=\"async\" loading=\"lazy\" width=\"1024\" height=\"777\" src=\"https:\/\/helyiertek.derimuzeum.hu\/wp-content\/uploads\/2023\/11\/I.769-1024x777.jpg\" alt=\"\" class=\"wp-image-2323\" srcset=\"https:\/\/helyiertek.derimuzeum.hu\/wp-content\/uploads\/2023\/11\/I.769-980x743.jpg 980w, https:\/\/helyiertek.derimuzeum.hu\/wp-content\/uploads\/2023\/11\/I.769-480x364.jpg 480w\" sizes=\"(min-width: 0px) and (max-width: 480px) 480px, (min-width: 481px) and (max-width: 980px) 980px, (min-width: 981px) 1024px, 100vw\" \/><figcaption class=\"wp-element-caption\">A panyolai felt\u00e1r\u00e1shoz kisz\u00e1ll\u00f3 kutat\u00f3k, el\u00f6l Scherf Emil geol\u00f3gus.<br> Tiszapart, Panyola k\u00f6rny\u00e9k\u00e9n &#8211; S\u0151regi J\u00e1nos felv\u00e9tele, 1932 tavasza<\/figcaption><\/figure>\n\n\n\n<p>14.,<\/p>\n\n\n\n<p>Scherf Emil autograf, 20 fill\u00e9res, z\u00e1rt levelez\u0151lapja S\u0151regi J\u00e1nosnak. Rajta Budapest 932. okt. 3.\u00e9s Panyola 932. okt. 5. postab\u00e9lyegz\u0151. Felad\u00f3: Dr. Scherf Emil Budapest, VII, Stef\u00e1nia-\u00fat 14. C\u00edmzett: Nagys\u00e1gos Dr. S\u0151regi J\u00e1nos Panyola (V\u00e1s\u00e1rosnam\u00e9ny mellett) Szatm\u00e1rmegye. C\u00edmz\u00e9s fel\u00e9 ut\u00f3lag be\u00edrva X. 3. A lev\u00e9len t\u00e9ved\u00e9sb\u0151l IX. 3. d\u00e1tum szerepel.<\/p>\n\n\n\n<p>Budapest, 1932. IX. 3.<\/p>\n\n\n\n<p>Kedves J\u00e1nosk\u00e1m!<\/p>\n\n\n\n<p>Miut\u00e1n csak ma utazom Tornan\u00e1dask\u00e1ra, kb. 7-ig bez\u00e1r\u00f3lag ott leszek. Ha akkor menn\u00e9k Panyol\u00e1ra, Te val\u00f3sz\u00edn\u0171leg m\u00e1r r\u00e9gen elment\u00e9l onnan. \u00cdgy teh\u00e1t nem utazom oda. Hanem lehets\u00e9ges, hogy visszafel\u00e9 menet Pestre megl\u00e1togatlak Debrecenben, vagy pedig m\u00e9g jobban Tiszaf\u00fcredre j\u00f6hetn\u00e9nk \u00f6ssze, hogy megn\u00e9zz\u00fck az \u0151stelepet a h\u00eddn\u00e1l \u00e9s esetleg Marchharttal kimenj\u00fcnk a G\u00f6beerdei kanyarulaton l\u00e9v\u0151 \u00e1ll\u00edt\u00f3lagos templomromhoz. H\u00e1t a Panyolai V\u00e1s\u00e1rosmez\u0151 dombot nem n\u00e9zed meg, illetve nem \u00e1satsz ott? \u00cdrj v\u00e1laszt (mindj\u00e1rt) a k\u00f6vetkez\u0151 c\u00edmre: Dr. Sch. E. gr\u00f3f Hadik-kast\u00e9ly Tornan\u00e1daska (Torna megye). Lehets\u00e9ges, hogy csak k\u00e9t napig leszek ott s azt\u00e1n Aggtelekre megyek. Ez esetben \u00edrok Neked. &#8211; B\u00f3di b\u00e1csinak, Csonka f\u0151jegyz\u0151 \u00farnak \u00e9s Lengyel \u00farnak add \u00e1t sz\u00edves \u00fcdv\u00f6zletemet, a tiszteletes asszonynak k\u00e9zcs\u00f3komat.<\/p>\n\n\n\n<p>Igaz bar\u00e1ts\u00e1ggal \u00e9s szeretettel \u00f6lel Emil<\/p>\n\n\n\n<figure class=\"wp-block-image aligncenter size-large\"><img decoding=\"async\" loading=\"lazy\" width=\"1024\" height=\"757\" src=\"https:\/\/helyiertek.derimuzeum.hu\/wp-content\/uploads\/2023\/11\/003053-1024x757.jpg\" alt=\"\" class=\"wp-image-2324\" srcset=\"https:\/\/helyiertek.derimuzeum.hu\/wp-content\/uploads\/2023\/11\/003053-980x724.jpg 980w, https:\/\/helyiertek.derimuzeum.hu\/wp-content\/uploads\/2023\/11\/003053-480x355.jpg 480w\" sizes=\"(min-width: 0px) and (max-width: 480px) 480px, (min-width: 481px) and (max-width: 980px) 980px, (min-width: 981px) 1024px, 100vw\" \/><figcaption class=\"wp-element-caption\">A tiszaporoszl\u00f3i \u0151stelep l\u00e1tk\u00e9pe.<br> Poroszl\u00f3 &#8211; Kozmann Le\u00f3 felv\u00e9tele, 1930.<\/figcaption><\/figure>\n\n\n\n<p>15.,<\/p>\n\n\n\n<p>Scherf Emil autograf, 20 fill\u00e9res, z\u00e1rt levelez\u0151lapja S\u0151regi J\u00e1nosnak. Rajta J\u00f3svaf\u0151 932. okt. 12. \u00e9s Debrecen 932. okt. 13. postab\u00e9lyegz\u0151. Felad\u00f3: Dr. Scherf Emil J\u00f3svaf\u0151 (Aba\u00faj-Torna megye). C\u00edmzett: Nagys\u00e1gos Dr. S\u0151regi J\u00e1nos \u00farnak Debrecen D\u00e9ri-M\u00fazeum. A c\u00edmz\u00e9s felett ut\u00f3lag be\u00edrva k\u00e9k ceruz\u00e1val: X. 11<\/p>\n\n\n\n<p>J\u00f3svaf\u0151, 1932. X. 11.<\/p>\n\n\n\n<p>Kedves J\u00e1nosk\u00e1m!<\/p>\n\n\n\n<p>Mg itt vagyok J\u00f3svaf\u0151n, mert a be\u00e1llott es\u0151 miatt 1-2 nappal halasztottam el elutaz\u00e1somat. (El\u0151z\u0151leg, mint m\u00e1r meg\u00edrtam, Tornan\u00e1dask\u00e1n voltam Hadik gr\u00f3fn\u00e1l.) Val\u00f3sz\u00edn\u0171leg holnaput\u00e1n utazom Miskolczra \u00e9s 13.-\u00e1n \u00e9rkezem Debrecenbe. Ha netal\u00e1n akkor nem voln\u00e1l Debrecenben, \u00edrd meg Miskolcra (Koronasz\u00e1ll\u00f3). Azonban k\u00f6telezetts\u00e9g n\u00e9lk\u00fcl jelzem ezt a d\u00e1tumot. Att\u00f3l tartok, hogy k\u00f6zben k\u00f6nyved korrektura-\u00edveit elk\u00fcldted Pestre s az most ott fekszik. Ha \u00edgy volna, akkor tal\u00e1n \u00edrhatn\u00e1l N\u00e9meth Ferenc f\u00f6ldtani int\u00e9zeti port\u00e1snak, hogy k\u00fcldje vissza Debrecenbe c\u00edmedre \u00e9s akkor ott jav\u00edthatn\u00e1m \u00e1t. Post\u00e1mat nem k\u00fcldt\u00e9k ut\u00e1nam s \u00edgy nem tudok a dolgon m\u00e1sk\u00e9pp seg\u00edteni. A viszontl\u00e1t\u00e1sig sz\u00edv\u00e9lyesen \u00fcdv\u00f6z\u00f6l<\/p>\n\n\n\n<p>igaz bar\u00e1tod<br>Emil<\/p>\n\n\n\n<p><\/p>\n\n\n\n<p>16.,<\/p>\n\n\n\n<p>Scherf Emil autograf z\u00e1rt levelez\u0151lapja S\u0151regi J\u00e1noshoz. A 20 fill\u00e9res z\u00e1rt levelez\u0151lapon m\u00e9g 3 darab n\u00e9gy fill\u00e9res b\u00e9lyeg van, rajtuk Budapest 932 okt. 17. postab\u00e9lyegz\u0151k. Felad\u00f3: Dr Emil Scherf Budapest (Ungarn) VII. Stef\u00e1nia-\u00fat 14. Geol. C\u00edmzett: Herrn Nagys\u00e1gos Dr. J. S\u0151reghy in Ausztria Wien I. Burggasse 22. c\/o. Frau Generalswitwe Augusta. A z\u00e1rt levelez\u0151lap h\u00e1ts\u00f3 oldal\u00e1n tal\u00e1n S\u0151regi sk, ceruz\u00e1s feljegyz\u00e9se: V\u00e1s\u00e1rhelyi Endre modellk\u00e9szit\u0151 Bp. IX. Gy\u00e1li \u00fat 4 sz Orsz. K\u00f6zeg\u00e9szs\u00e9gi Int\u00e9zet.<\/p>\n\n\n\n<p>Budapest, 1932. X. 17.<\/p>\n\n\n\n<p>Kedves j\u00f3 J\u00e1nosk\u00e1m!<\/p>\n\n\n\n<p>\u00c9ppen most kaptam a \u201eNaturwissenhaftl. Verein J. Steiermark in Graz\u201d melynek tagja vagyok, a tagd\u00edjfizet\u00e9si felh\u00edv\u00e1s\u00e1t. Egy \u00e9vre Schilling 6.50-et kell fizetnem. Nagyon lek\u00f6telezn\u00e9l, ha ezt az ar\u00e1nylag csek\u00e9ly \u00f6sszeget az \u00e9n nevemben az egyes\u00fcletnek bek\u00fclden\u00e9d. (M\u00e9g h\u00e1l\u00e1sabban venn\u00e9m, ha mindj\u00e1rt 2 \u00e9vre 6.50X2= 13.00 Schillinget utalhatn\u00e1l \u00e1t.) Amennyiben k\u00e9r\u00e9semet teljes\u00edteni tudn\u00e1d (postautalv\u00e1nyon) a megfelel\u0151 ellen\u00e9rt\u00e9ket a 120 peng\u0151vel egy\u00fctt vagy Pesten t\u00e9r\u00edtem meg peng\u0151ben, vagy pedig Debrecenbe utalom \u00e1t. A befizet\u00e9snek a k\u00f6vetkez\u0151 c\u00edmre kellene t\u00f6rt\u00e9nnie: Professor K. Fabian, Graz. II. Bundesrealschule, Pestalozzistrasse 5. Zahlmeister der Naturw. Ver. J. Steiermark. (Az utalv\u00e1nyra r\u00e1 kellene \u00edrni: Mitgliedsbeitrag (\u201eA\u201d-Mitglied) von Dr. E. Scherf Budapest VII. Stef\u00e1nia-\u00fat 14. Ne haragudj a moleszt\u00e1l\u00e1s\u00e9rt. K Feles\u00e9gednek tiszteletteljes k\u00e9zcs\u00f3komat. \u00d6lel Emil<\/p>\n\n\n\n<p><\/p>\n\n\n\n<p>17.,<\/p>\n\n\n\n<p>Scherf Emil autograf, 20 fill\u00e9res, z\u00e1rt levelez\u0151lapja S\u0151reghy J\u00e1noshoz. Rajta Budapest 932. nov. 2. \u00e9s Debrecen 932. nov. 2. postab\u00e9lyegz\u0151kkel. Felad\u00f3: Dr. Scherf Emil Budapest VII. Stef\u00e1nia-\u00fat 14. C\u00edmzett: Ngs. S\u0151reghy J\u00e1nos dr m\u00fazeum\u0151r \u00farnak Debrecen D\u00e9ri-M\u00fazeum.<\/p>\n\n\n\n<p>Budapest, 1932. XI. 2.<\/p>\n\n\n\n<p>Kedves J\u00e1nosk\u00e1m! &#8211; K\u00f6sz\u00f6n\u00f6m a mutat\u00f3ba k\u00fcld\u00f6tt p\u00e9ld\u00e1nyt \u00e9s okt\u00f3ber 29.r\u0151l kelt sz\u00edves leveledet, melyet csak tegnap kaptam meg. \u00d6r\u00fcl\u00f6k, hogy a nyomd\u00e1val rendbe j\u00f6tt\u00e9l s hogy \u00e9rt\u00e9kes munk\u00e1d az ut\u00e1nnyom\u00e1s r\u00e9v\u00e9n nem fog bibliogr\u00e1fiai ritkas\u00e1gg\u00e1 v\u00e1lni, hanem hozz\u00e1f\u00e9rhet\u0151 marad. A k\u00f6nyvecsk\u00e9nek t\u0151lem \u00edrt r\u00e9sz\u00e9be a k\u00f6vetkez\u0151 hib\u00e1k vannak. <\/p>\n\n\n\n<ol start=\"65\">\n<li>old. 21. sor alulr\u00f3l r\u00e9g\u00e9sznek \u00edrand\u00f3 r\u00e9g\u00e9szeknek helyett<\/li>\n\n\n\n<li>old. 18. \u2019\u2019 \u2019\u2019 l\u00f6szszer\u0171 \u00edrand\u00f3 l\u00f6sszer\u0171 \u2019\u2019<\/li>\n\n\n\n<li>old. 10. \u2019\u2019 fel\u00fclr\u0151l hi\u00e1nyzik a sor \u2026 a z\u00e1r\u00f3jel<\/li>\n\n\n\n<li>old. 17. \u201d \u2019\u2019 \u2019\u2019 \u2019\u2019 \u2019\u2019 \u2019\u2019<\/li>\n\n\n\n<li>old. 6. \u2019\u2019 \u2019\u2019 Pr\u00e4historikert \u00edrand\u00f3 Pr\u00e4historischer helyett<br>80 old. 17. \u2019\u2019 alulr\u00f3l entscpricht \u00edrand\u00f3 enttcpricht helyett<\/li>\n\n\n\n<li>old. 11. \u2019\u2019 \u2019\u2019 er\u0151ffneten \u2019\u2019 err\u00f6ffneten \u2019\u2019<\/li>\n\n\n\n<li>old. 11. \u2019\u2019 fel\u00fclr\u0151l deshalb ut\u00e1n vessz\u0151 teend\u0151<\/li>\n\n\n\n<li>old. 9. alulr\u00f3l TREITZ \u00edrand\u00f3 TRIETZ helyett.<\/li>\n<\/ol>\n\n\n\n<p>Csak az\u00e9rt \u00edrom meg e hib\u00e1kat, hogy esetleg egy \u00faj szed\u00e9sn\u00e9l kikorrig\u00e1lhasd. A T\u0151led \u00edrt hib\u00e1kat elk\u00fcld\u00e9s el\u0151tt ki fogom jav\u00edtani. Sz\u00e1nd\u00e9kom, hogy a St\u00e1diumn\u00e1l a bor\u00edt\u00e9klap sz\u00f6veg\u00e9nek megfelel\u0151 kieg\u00e9sz\u00edt\u00e9seket (a Te n\u00e9met c\u00edmedet \u00e9s az \u00e9n magyar \u00e9s n\u00e9met c\u00edmemet) kiszedettem \u00e9s a bels\u0151 c\u00edmlapra r\u00e1ragasztom, ha akarod, Neked is k\u00fcldhetek, b\u00e1r ez R\u00e1d n\u00e9zve nem fontos. Azt \u00edrod, hogy most 200n\u00e1l t\u00f6bb p\u00e9ld\u00e1nyt is kaphatn\u00e9k. Miut\u00e1n cser\u00e9re k\u00fclf\u00f6ldre sok p\u00e9ld\u00e1ny kell s otthon is kell adni egyes koll\u00e9g\u00e1knak \u00f6sszesen 300 p\u00e9ld\u00e1ny volna a legjobb, teh\u00e1t a most k\u00fcldend\u0151 100-on fel\u00fcl m\u00e9g 200-at nyomtathatsz r\u00e9szemre (az \u00faj c\u00edmlappal). Ha ez valami okb\u00f3l nem konveni\u00e1lna, akkor maradhatunk az \u00f6sszesen 200 drb.n\u00e1l is s akkor a magyarok nem kapnak. \u00dcdv \u00e9s k\u00e9zcs\u00f3k feles\u00e9gednek Emil<\/p>\n\n\n\n<p><\/p>\n\n\n\n<p>18.,<\/p>\n\n\n\n<p>Scherf Emil autograf, 20 fill\u00e9res, z\u00e1rt levelez\u0151lapja S\u0151reghy J\u00e1noshoz. Rajta Budapest 932. nov. 5. \u00e9s Debrecen 932. nov. 5 postab\u00e9lyegz\u0151kkel. Felad\u00f3: Dr. Scherf Emil, Bpest VII. Stef\u00e1nia-\u00fat 14. C\u00edmzett Dr. S\u0151reghy J\u00e1nos Debrecen D\u00e9ri-M\u00fazeum.<\/p>\n\n\n\n<p>Bpest. 1932. XI. 5.<\/p>\n\n\n\n<p>Kedves J\u00e1nos kom\u00e1m!<\/p>\n\n\n\n<p>A k\u00f6nyvek rendben meg\u00e9rkeztek. H\u00e1l\u00e1s k\u00f6sz\u00f6net! Kozmann f\u00e9nyk\u00e9pei is megj\u00f6ttek. Nem nagyon t\u00fcntette ki mag\u00e1t. A negat\u00edvokon sokkal t\u00f6bb r\u00e9szlet van. Nagyon kem\u00e9ny pap\u00edrost vett.<br>H\u00e9tf\u0151n este Kessler bar\u00e1tom el\u0151ad\u00e1st tart az aggteleki barlang \u00fa.n. \u201eretek j\u00e1rat\u00e1r\u00f3l\u201d s ehhez akartam neki k\u00e9peket adni. Nagyon bosszant, hogy m\u00e9g mindig nincsenek meg mind a k\u00e9pek. L\u00e9gy olyan j\u00f3 szedd el Kozmannt\u00f3l mind a negat\u00edvokat \u00e9s k\u00fcldd el s\u00fcrg\u0151sen nekem. Most m\u00e1r 3 h\u00e9t m\u00falt el, mi\u00f3ta Debrecenben voltam. Eredm\u00e9ny: egy t\u00f6r\u00f6tt kazetta \u00e9s 0 k\u00e9p! Ilyen boltot nem csin\u00e1lok t\u00f6bb\u00e9!<\/p>\n\n\n\n<p>Szervusz, \u2026<br>Emil<\/p>\n\n\n\n<figure class=\"wp-block-image aligncenter size-large\"><img decoding=\"async\" loading=\"lazy\" width=\"1024\" height=\"741\" src=\"https:\/\/helyiertek.derimuzeum.hu\/wp-content\/uploads\/2023\/11\/I.692-1024x741.jpg\" alt=\"\" class=\"wp-image-2325\" srcset=\"https:\/\/helyiertek.derimuzeum.hu\/wp-content\/uploads\/2023\/11\/I.692-980x709.jpg 980w, https:\/\/helyiertek.derimuzeum.hu\/wp-content\/uploads\/2023\/11\/I.692-480x347.jpg 480w\" sizes=\"(min-width: 0px) and (max-width: 480px) 480px, (min-width: 481px) and (max-width: 980px) 980px, (min-width: 981px) 1024px, 100vw\" \/><figcaption class=\"wp-element-caption\">A panyolai fa\u00e9p\u00edtm\u00e9ny a Tisz\u00e1r\u00f3l n\u00e9zve, a 6 m\u00e9ter magas partfal el\u0151tt.<br>Panyola, Zsar\u00f3kert &#8211; Kozmann Le\u00f3 felv\u00e9tele, 1932. okt\u00f3ber 5.<\/figcaption><\/figure>\n\n\n\n<p>19.,<\/p>\n\n\n\n<p>Scherf Emilt\u0151l sz\u00e1rmaz\u00f3 bor\u00edt\u00e9k lev\u00e9l n\u00e9lk\u00fcl. A bor\u00edt\u00e9kon 4 \u00e9s 16 fill\u00e9res b\u00e9lyeg, Budapest 932. dec 10 \u00e9s Debrecen 932 dec. 11. postab\u00e9lyegz\u0151. C\u00edmzett: Nagys\u00e1gos Dr. S\u0151regi J\u00e1nos muzeumi \u0151r urnak Debrecen D\u00e9ri-muzeum. A felad\u00f3: Dr. Scherf Emil, Bpst. VII. Stef\u00e1nia-\u00fat 14. A c\u00edmz\u00e9s felett k\u00e9k \u00e9s v\u00f6r\u00f6s ceruz\u00e1s felir\u00e1sok: XII. 10 A IV.ik \u00e1sat\u00e1s el\u0151k\u00e9sz\u00edt\u00e9se is. A bor\u00edt\u00e9k h\u00e1toldal\u00e1n fekete, ceruz\u00e1s, gyors\u00edr\u00e1sos, n\u00e9gy sor.<\/p>\n\n\n\n<p><\/p>\n\n\n\n<p>20.,<\/p>\n\n\n\n<p>Surgoth Jen\u0151 egy oldalas, autograf levele S\u0151regi J\u00e1nosnak a Hajd\u00fav\u00e1rmegyei \u00e9s Debrecen v\u00e1rosi m. kir. Gazdas\u00e1gi Fel\u00fcgyel\u0151s\u00e9g Hivatal vezet\u0151 feliratos, fejl\u00e9ces lev\u00e9lpap\u00edrj\u00e1n. Hozz\u00e1 tartoz\u00f3 bor\u00edt\u00e9kj\u00e1n a lev\u00e9lpap\u00edrral egyez\u0151 fejl\u00e9c a h\u00e1toldal\u00e1n, 10 fill\u00e9res b\u00e9lyeg \u00e9s Debrecen 932. dec. 12. postab\u00e9lyegz\u0151vel. C\u00edmzett: Nagys\u00e1gos Dr. S\u0151regi J\u00e1nos urnak muzeum\u0151r Debrecen D\u00e9ry Muzeum.<\/p>\n\n\n\n<p>Kedves Bar\u00e1tom!<\/p>\n\n\n\n<p>\u00c9rt\u00e9kes \u00e9s tanuls\u00e1gos m\u0171vedet nagy \u00e9lvezettel olvastam \u00e1t &#8211; \u00e9s h\u00e1l\u00e1san k\u00f6sz\u00f6n\u00f6m, hogy azt kegyes volt\u00e1l r\u00e9szemre megk\u00fcldeni.<\/p>\n\n\n\n<p>Debrecen 1932 XII. 11.<\/p>\n\n\n\n<p>bar\u00e1ti h\u00edved<br>Surgoth Jen\u0151<\/p>\n\n\n\n<p><\/p>\n\n\n\n<p>21.,<\/p>\n\n\n\n<p>14&#215;9 cm-es vastag pap\u00edron, tint\u00e1val \u00edrt Viski K\u00e1roly autograf levele S\u0151regi J\u00e1nosnak, Budapesten feladott, 10 fill\u00e9res b\u00e9lyeggel ell\u00e1tva.<\/p>\n\n\n\n<p>Nagys.<br>Dr. S\u0151regi J\u00e1nos<br>m\u00fazeum\u0151r \u00farnak<br>Debrecen<br>D\u00e9ri M\u00fazeum<\/p>\n\n\n\n<p>Kedves J\u00e1nos, k\u00f6sz\u00f6n\u00f6m a megk\u00fcld\u00f6tt sz\u00e9p tanulm\u00e1nyt, sok hasonl\u00f3t k\u00edv\u00e1nva m\u00fazeumotoknak \u00e9s mindny\u00e1junknak. Lajos b\u00e1csit, Ecsedi gazd\u00e1t \u00e9s Kov\u00e1cs mestert \u00fcdv\u00f6zl\u00f6m.<\/p>\n\n\n\n<p>Szeretettel k\u00f6sz\u00f6nt<br>Viski K\u00e1roly<br>Bp. 1932. XII. 18.<\/p>\n\n\n\n<figure class=\"wp-block-image aligncenter size-large\"><img decoding=\"async\" loading=\"lazy\" width=\"1024\" height=\"763\" src=\"https:\/\/helyiertek.derimuzeum.hu\/wp-content\/uploads\/2023\/11\/003217-1024x763.jpg\" alt=\"\" class=\"wp-image-2326\" srcset=\"https:\/\/helyiertek.derimuzeum.hu\/wp-content\/uploads\/2023\/11\/003217-980x730.jpg 980w, https:\/\/helyiertek.derimuzeum.hu\/wp-content\/uploads\/2023\/11\/003217-480x358.jpg 480w\" sizes=\"(min-width: 0px) and (max-width: 480px) 480px, (min-width: 481px) and (max-width: 980px) 980px, (min-width: 981px) 1024px, 100vw\" \/><figcaption class=\"wp-element-caption\">A D\u00e9ri M\u00fazeum r\u00e9g\u00e9szeti oszt\u00e1ly\u00e1nak berendez\u00e9se, S\u0151regi J\u00e1nos \u00e9s Kov\u00e1cs mester, azaz ifj. Kov\u00e1cs J\u00e1nos fest\u0151m\u0171v\u00e9sz.<br> Debrecen &#8211; Kozmann Le\u00f3 felv\u00e9tele, 1930.<\/figcaption><\/figure>\n\n\n\n<hr class=\"wp-block-separator has-alpha-channel-opacity\"\/>\n\n\n\n<p>Jegyzetek:<\/p>\n\n\n\n<ol>\n<li>A m\u00e9hkasalak\u00fa \u00fcregekr\u0151l sz\u00f3l\u00f3 tanulm\u00e1ny\u00e1ra egy \u00e9vvel k\u00e9s\u0151bb maga S\u0151regi is reflekt\u00e1lt a D\u00e9ri M\u00fazeum \u00c9vk\u00f6nyv\u00e9ben: <em>&#8220;melyben meggy\u0151z\u0151 \u00e9rveket sorakoztattam fel amellett, hogy ezek az \u00fcregek nem lehettek sem lak\u00e1sok, sem \u00e9lelemrakt\u00e1rak \u2014 mint eddig t\u00e9vesen gondolt\u00e1k \u2014, hanem egyszer\u0171 agyagb\u00e1ny\u00e1k voltak azok, melyeknek nagys\u00e1g\u00e1t \u00e9s form\u00e1j\u00e1t megalkotta a dolgoz\u00f3 ember teste, mint mechanikai m\u0171szer \u00e9s a dolgoz\u00f3 ember szelleme, mint \u00e9let\u00e9t \u00e9s alkot\u00e1s\u00e1t tal\u00e1n babon\u00e1san f\u00e9lt\u0151 \u0151s\u00f6szt\u00f6n. Csak m\u00e1sodlagos rendeltet\u00e9s\u00fck volt a szem\u00e9tg\u00f6d\u00f6r, amikor is a r\u00e9g\u00e9szeket megt\u00e9veszt\u0151 anyagok ker\u00fcltek bele.&#8221; <\/em>S\u0151regi J\u00e1nos: A m\u00e9hkasalak\u00fa f\u00f6ldbev\u00e1jt \u00fcregek probl\u00e9m\u00e1ja. In: Dr. Ecsedi Istv\u00e1n &#8211; Dr. S\u0151regi J\u00e1nos (szerk.): <a href=\"https:\/\/library.hungaricana.hu\/en\/view\/MEGY_HAJB_DERI_1933\/?pg=53&amp;layout=s\">A debreceni D\u00e9ri-M\u00fazeum \u00e9vk\u00f6nyve 1933. Debrecen, 1934. 56\u201357. <\/a><br>\u2003<\/li>\n<\/ol>\n\n\n\n<p><br>\u2003<\/p>\n","protected":false},"excerpt":{"rendered":"<p>Szerz\u0151: Korompai Bal\u00e1zs<br \/>\nA k\u00f6zelm\u00faltban a fenntart\u00f3nk j\u00f3volt\u00e1b\u00f3l S\u0151regi J\u00e1noshoz, m\u00fazeumunk volt igazgat\u00f3j\u00e1hoz \u00edrt levelekkel gazdagodtunk. Ezek a levelek 1928\u20131948 k\u00f6z\u00f6ttiek. \u00d6sszesen 38 darab lev\u00e9lr\u0151l van sz\u00f3.<\/p>\n","protected":false},"author":5,"featured_media":2313,"comment_status":"open","ping_status":"open","sticky":false,"template":"","format":"standard","meta":{"_et_pb_use_builder":"off","_et_pb_old_content":"","_et_gb_content_width":""},"categories":[36,33],"tags":[166,77,65,165,167,168],"_links":{"self":[{"href":"https:\/\/helyiertek.derimuzeum.hu\/index.php?rest_route=\/wp\/v2\/posts\/2301"}],"collection":[{"href":"https:\/\/helyiertek.derimuzeum.hu\/index.php?rest_route=\/wp\/v2\/posts"}],"about":[{"href":"https:\/\/helyiertek.derimuzeum.hu\/index.php?rest_route=\/wp\/v2\/types\/post"}],"author":[{"embeddable":true,"href":"https:\/\/helyiertek.derimuzeum.hu\/index.php?rest_route=\/wp\/v2\/users\/5"}],"replies":[{"embeddable":true,"href":"https:\/\/helyiertek.derimuzeum.hu\/index.php?rest_route=%2Fwp%2Fv2%2Fcomments&post=2301"}],"version-history":[{"count":5,"href":"https:\/\/helyiertek.derimuzeum.hu\/index.php?rest_route=\/wp\/v2\/posts\/2301\/revisions"}],"predecessor-version":[{"id":2330,"href":"https:\/\/helyiertek.derimuzeum.hu\/index.php?rest_route=\/wp\/v2\/posts\/2301\/revisions\/2330"}],"wp:featuredmedia":[{"embeddable":true,"href":"https:\/\/helyiertek.derimuzeum.hu\/index.php?rest_route=\/wp\/v2\/media\/2313"}],"wp:attachment":[{"href":"https:\/\/helyiertek.derimuzeum.hu\/index.php?rest_route=%2Fwp%2Fv2%2Fmedia&parent=2301"}],"wp:term":[{"taxonomy":"category","embeddable":true,"href":"https:\/\/helyiertek.derimuzeum.hu\/index.php?rest_route=%2Fwp%2Fv2%2Fcategories&post=2301"},{"taxonomy":"post_tag","embeddable":true,"href":"https:\/\/helyiertek.derimuzeum.hu\/index.php?rest_route=%2Fwp%2Fv2%2Ftags&post=2301"}],"curies":[{"name":"wp","href":"https:\/\/api.w.org\/{rel}","templated":true}]}}