{"id":196,"date":"2023-05-16T08:10:36","date_gmt":"2023-05-16T06:10:36","guid":{"rendered":"http:\/\/helyiertek.derimuzeum.hu\/?p=196"},"modified":"2023-05-17T09:11:13","modified_gmt":"2023-05-17T07:11:13","slug":"targymesek-a-deri-muzeumbol-debrecen-hosei-1","status":"publish","type":"post","link":"https:\/\/helyiertek.derimuzeum.hu\/?p=196","title":{"rendered":"Debrecen h\u0151sei 1."},"content":{"rendered":"\n<p>Szerz\u0151: Korompai Bal\u00e1zs<\/p>\n\n\n\n<p><em>(Eredeti megjelen\u00e9s 2021. febru\u00e1r 12. <a href=\"https:\/\/www.derimuzeum.hu\/hirek.php?id=104\" data-type=\"URL\" data-id=\"https:\/\/www.derimuzeum.hu\/hirek.php?id=104\">D\u00e9ri M\u00fazeum M\u00fazeumi Blog<\/a>)<\/em><\/p>\n\n\n\n<p>A debreceni H\u0151s\u00f6k temet\u0151j\u00e9vel kapcsolatban h\u00e1rom dokumentumot szeretn\u00e9k bemutatni, amelyeknek t\u00f6bb k\u00f6z\u00f6s jellemz\u0151je is van. A legfontosabb, hogy mindh\u00e1rom egy szem\u00e9lyhez, egy debreceni \u00e9p\u00edt\u00e9szcsal\u00e1d lesz\u00e1rmazottj\u00e1hoz, Barcsay Mikl\u00f3shoz kapcsol\u00f3dik.<\/p>\n\n\n\n<p>A dokumentumok a debreceni D\u00e9ri M\u00fazeum T\u00f6rt\u00e9neti T\u00e1r\u00e1ban tal\u00e1lhat\u00f3k. Az egyik m\u00e1r 1921-ben lelt\u00e1rba ker\u00fclt, a m\u00e1sik kett\u0151 2019 \u00f3ta tartozik a gy\u0171jtem\u00e9nyhez. A m\u00fazeumi m\u0171t\u00e1rgyak sors\u00e1t kutatva sok \u00e9rdekess\u00e9gre \u00e9s v\u00e9letlenre bukkanunk, \u00edgy volt ez ebben az esetben is.<\/p>\n\n\n\n<p>Az els\u0151 dokumentum lelt\u00e1ri sz\u00e1ma: I.1921.59. A lelt\u00e1rk\u00f6nyvi adatok a k\u00f6vetkez\u0151ek a beker\u00fclt anyaggal kapcsolatban:<br>Szab. kir. Debreczen v\u00e1rosa \u201eH\u0151s\u00f6k-temet\u0151j\u00e9ben elhantolt H\u0151s\u00f6k n\u00e9vsora 1915. janu\u00e1r 24-t\u0151l 1918 deczember 23ig, 1873 halott.\u201d- K\u00f6nyvelte, t\u00e9rk\u00e9pezte Barcsay Mikl\u00f3s. 1-75 oldal. Debreczeni K\u00f6rlet Parancsnoks\u00e1g IV.c. oszt\u00e1ly\u00e1nak aj\u00e1nd\u00e9ka. Ezt a p\u00e9ld\u00e1nyt a v\u00e1ros m\u00e9rn\u00f6ki hivatala k\u00e9sz\u00edtette.<\/p>\n\n\n\n<p>A lista a V\u00e1rosi M\u00fazeum irattart\u00f3 mapp\u00e1j\u00e1ba ker\u00fclt, melyen a k\u00f6vetkez\u0151 felirat szerepel: A H\u0151s\u00f6k temet\u0151j\u00e9ben \/Debreczen\/ 1915 jan.24t\u0151l 1918 decz 23ig eltemetett h\u0151s\u00f6k n\u00e9vsorai. \u00d6ssze\u00e1ll\u00edtotta Barcsay Mikl\u00f3s. Katonai K\u00f6rletparancsnoks\u00e1g aj.<\/p>\n\n\n\n<p>A Barcsay \u00e1ltal \u00f6ssze\u00e1ll\u00edtott n\u00e9vsor c\u00edmlapj\u00e1n a lelt\u00e1rk\u00f6nyvi le\u00edr\u00e1shoz k\u00e9pest k\u00e9t elt\u00e9r\u00e9s olvashat\u00f3. A Szab. kir. vagyis szabad kir\u00e1lyi helyett Szab. k\u00f6zt. szerepel. Elt\u00e9r\u0151 k\u00e9zt\u0151l sz\u00e1rmazik a lap tetej\u00e9n l\u00e9v\u0151 bejegyz\u00e9s: Erk 1921 apr 18. Kat. k\u00f6rl. parancs. IV. c.oszt. A lelt\u00e1rk\u00f6nyv\u00fcnkbe 1921. \u00e1prilis 25-\u00e9n ker\u00fclt a be\u00edr\u00e1s, a k\u00f6rletparancsnoks\u00e1g \u00e9rkeztet\u00e9si d\u00e1tum\u00e1hoz k\u00e9pest \u00edgy m\u00e1r egy h\u00e9ten bel\u00fcl \u00e1tker\u00fclt egy p\u00e9ld\u00e1nya a m\u00fazeumba.<\/p>\n\n\n\n<p>A 76 oldalas, nyomdailag vonalazott \u00edvek nemzetisz\u00edn zsineggel vannak \u00f6ssze\u00f6ltve. Az oldalakat ut\u00f3lag, ceruz\u00e1val, elt\u00e9r\u0151 sz\u00e9less\u00e9g\u0171 oszlopokra osztott\u00e1k, \u00f6sszesen h\u00e9t oszlopba ker\u00fcltek az elhunytak adatai. Az oszlopok a k\u00f6vetkez\u0151 elnevez\u00e9seket kapt\u00e1k: \u00c9v, h\u00f3, nap; T\u00e1bla; Sor; S\u00edrsz\u00e1m; Nevek; \u00c9letkora; Jegyzet. Az oldalak sz\u00e1moz\u00e1sa a lapok tetej\u00e9n, sz\u00e9len l\u00e1that\u00f3. A dokumentum 73 be\u00edrt oldalt tartalmaz. Az \u00d6sszes\u00edt\u00e9s az utols\u00f3, m\u00e1r sz\u00e1mozatlan \u00e9s fejl\u00e9c n\u00e9lk\u00fcli lapra ker\u00fclt. A 68. oldalig csak egy helyen tal\u00e1lunk elt\u00e9r\u0151 k\u00e9zt\u0151l sz\u00e1rmaz\u00f3 bejegyz\u00e9st, illetve jav\u00edt\u00e1st. Ez az els\u0151 oldalon, az els\u0151 bejegyz\u00e9sekn\u00e9l l\u00e1that\u00f3. Az els\u0151 \u00f6t nevet k\u00e9k sz\u00edn\u0171 ceruz\u00e1val, keresztben leh\u00fazt\u00e1k \u00e9s \u00f6t oszlopban is ut\u00f3lagos, elt\u00e9r\u0151 k\u00e9zt\u0151l sz\u00e1rmaz\u00f3 bejegyz\u00e9seket olvashatunk. A 69\u201373. oldalakon a m\u00e1r elk\u00e9sz\u00edtett fejl\u00e9cet haszn\u00e1lva legal\u00e1bb n\u00e9gy k\u00e9zt\u0151l sz\u00e1rmaz\u00f3 bejegyz\u00e9seket olvashatunk, melyek az 1918. december 28.\u20131919. november 27. k\u00f6z\u00f6tt t\u00f6rt\u00e9nt temet\u00e9seket r\u00f6gz\u00edti, \u00f6sszesen 137 katona adataival. \u00cdgy a Barcsay \u00e1ltal megadott 1873 katon\u00e1hoz m\u00e9g 137 adatsor tartozik, teh\u00e1t a teljes adatmennyis\u00e9g 2010 adatsort tartalmaz.<\/p>\n\n\n\n<p>A fejl\u00e9c oszlopnevei a k\u00f6vetkez\u0151 inform\u00e1ci\u00f3kat tartalmazz\u00e1k: az \u00c9v, h\u00f3, nap a temet\u00e9s napj\u00e1t r\u00f6gz\u00edti. A T\u00e1bla a r\u00f3mai sz\u00e1mmal jelzett t\u00e1blasz\u00e1mot tartalmazza, a Sor pedig a T\u00e1bl\u00e1n bel\u00fcli, arab sz\u00e1mmal jel\u00f6lt sort adja meg. A S\u00edrsz\u00e1m oszlop elm\u00e9letileg 1-t\u0151l indulva folyamatosan emelkedne, de a dokumentumban t\u00f6bbsz\u00f6r is \u00fajraindul ezen oszlopon bel\u00fcl a sz\u00e1moz\u00e1s. A k\u00f6vetkez\u0151 oszlop a Neveket tartalmazza. Az \u00c9letkora oszlop 176 esetben nem tartalmaz korra vonatkoz\u00f3 adatot. A Jegyzet oszlopban az elhunyt katona alakulat\u00e1nak r\u00f6vid\u00edt\u00e9s\u00e9t, illetve n\u00e9h\u00e1ny esetben vall\u00e1si hovatartoz\u00e1s\u00e1t (mohamed\u00e1n) r\u00f6gz\u00edtett\u00e9k. Itt is sok hi\u00e1ny tal\u00e1lhat\u00f3, 186 sorban teljesen hi\u00e1nyzik a bejegyz\u00e9s. A tov\u00e1bbi sorokban tal\u00e1lhatunk civil, civil munk\u00e1s, civil menek\u00fclt, nemzet\u0151r, munkaosztag, szanit\u00e9c, k\u00f6zvit\u00e9z, csend\u0151r \u0151rmester, tengeri t\u00fcz\u00e9r, hadimunk\u00e1s, cs. kir. neh\u00e9zt\u00fcz\u00e9r, m\u00e9ntelepi tizedes, honv\u00e9d husz\u00e1r, t\u00fcz\u00e9r, k\u00f6z\u00f6s gyalogezred, gyalogezred, gyalogos, k\u00e1pl\u00e1r, tr\u00e9n, ut\u00e1sz, szeker\u00e9sz, vad\u00e1sz, n\u00e9pfelkel\u0151, munk\u00e1s, lengyel l\u00e9gi\u00f3 meghat\u00e1roz\u00e1sokat is. Sok esetben hi\u00e1nyzik az alakulat konkr\u00e9t megnevez\u00e9se, pl. gy. e., vagy csak a katonai rendfokozat szerepel.<\/p>\n\n\n\n<p>A 76 oldalas dokumentum v\u00e9gig j\u00f3l olvashat\u00f3, annak ellen\u00e9re, hogy t\u00f6bb k\u00e9zt\u0151l sz\u00e1rmaznak a bejegyz\u00e9sek. A lapok sarkain l\u00e1that\u00f3 nyomot hagyott a sokszori haszn\u00e1lat, de s\u00e9r\u00fcl\u00e9s vagy hi\u00e1ny nem keletkezett. (Az \u00edr\u00e1s m\u00e1sodik r\u00e9sz\u00e9t febru\u00e1r 16-\u00e1n, h\u00e9tf\u0151n olvashatj\u00e1k az \u00e9rdekl\u0151d\u0151k.)<\/p>\n\n\n\n<p><\/p>\n\n\n\n<p><\/p>\n\n\n\n<p><\/p>\n\n\n\n<figure class=\"wp-block-image aligncenter size-full\"><img decoding=\"async\" loading=\"lazy\" width=\"400\" height=\"611\" src=\"https:\/\/helyiertek.derimuzeum.hu\/wp-content\/uploads\/2023\/03\/I_-resz-1_-kep-Barcsay-fele-lista-cimoldala.jpg\" alt=\"\" class=\"wp-image-197\"\/><\/figure>\n\n\n\n<hr class=\"wp-block-separator has-alpha-channel-opacity\"\/>\n\n\n\n<figure class=\"wp-block-image aligncenter size-full\"><img decoding=\"async\" loading=\"lazy\" width=\"700\" height=\"568\" src=\"https:\/\/helyiertek.derimuzeum.hu\/wp-content\/uploads\/2023\/03\/I_-resz_-2_-kep-Egy-oldal-a-Barcsay-fele-listabol.jpg\" alt=\"\" class=\"wp-image-198\"\/><\/figure>\n","protected":false},"excerpt":{"rendered":"<p>Szerz\u0151: Korompai Bal\u00e1zs<br \/>\nA debreceni H\u0151s\u00f6k temet\u0151j\u00e9vel kapcsolatban h\u00e1rom dokumentumot szeretn\u00e9k bemutatni, amelyeknek t\u00f6bb k\u00f6z\u00f6s jellemz\u0151je is van. A legfontosabb, hogy mindh\u00e1rom egy szem\u00e9lyhez, egy debreceni \u00e9p\u00edt\u00e9szcsal\u00e1d lesz\u00e1rmazottj\u00e1hoz, Barcsay Mikl\u00f3shoz kapcsol\u00f3dik.<\/p>\n","protected":false},"author":6,"featured_media":200,"comment_status":"open","ping_status":"open","sticky":false,"template":"","format":"standard","meta":{"_et_pb_use_builder":"off","_et_pb_old_content":"","_et_gb_content_width":""},"categories":[36],"tags":[81,42,75,65],"_links":{"self":[{"href":"https:\/\/helyiertek.derimuzeum.hu\/index.php?rest_route=\/wp\/v2\/posts\/196"}],"collection":[{"href":"https:\/\/helyiertek.derimuzeum.hu\/index.php?rest_route=\/wp\/v2\/posts"}],"about":[{"href":"https:\/\/helyiertek.derimuzeum.hu\/index.php?rest_route=\/wp\/v2\/types\/post"}],"author":[{"embeddable":true,"href":"https:\/\/helyiertek.derimuzeum.hu\/index.php?rest_route=\/wp\/v2\/users\/6"}],"replies":[{"embeddable":true,"href":"https:\/\/helyiertek.derimuzeum.hu\/index.php?rest_route=%2Fwp%2Fv2%2Fcomments&post=196"}],"version-history":[{"count":13,"href":"https:\/\/helyiertek.derimuzeum.hu\/index.php?rest_route=\/wp\/v2\/posts\/196\/revisions"}],"predecessor-version":[{"id":1356,"href":"https:\/\/helyiertek.derimuzeum.hu\/index.php?rest_route=\/wp\/v2\/posts\/196\/revisions\/1356"}],"wp:featuredmedia":[{"embeddable":true,"href":"https:\/\/helyiertek.derimuzeum.hu\/index.php?rest_route=\/wp\/v2\/media\/200"}],"wp:attachment":[{"href":"https:\/\/helyiertek.derimuzeum.hu\/index.php?rest_route=%2Fwp%2Fv2%2Fmedia&parent=196"}],"wp:term":[{"taxonomy":"category","embeddable":true,"href":"https:\/\/helyiertek.derimuzeum.hu\/index.php?rest_route=%2Fwp%2Fv2%2Fcategories&post=196"},{"taxonomy":"post_tag","embeddable":true,"href":"https:\/\/helyiertek.derimuzeum.hu\/index.php?rest_route=%2Fwp%2Fv2%2Ftags&post=196"}],"curies":[{"name":"wp","href":"https:\/\/api.w.org\/{rel}","templated":true}]}}