{"id":152,"date":"2023-05-16T08:00:49","date_gmt":"2023-05-16T06:00:49","guid":{"rendered":"http:\/\/helyiertek.derimuzeum.hu\/?p=152"},"modified":"2023-05-17T09:10:02","modified_gmt":"2023-05-17T07:10:02","slug":"a-soha-nem-volt-debreceni-szuksegpenzek-1919-bol","status":"publish","type":"post","link":"https:\/\/helyiertek.derimuzeum.hu\/?p=152","title":{"rendered":"A soha nem volt debreceni sz\u00fcks\u00e9gp\u00e9nzek 1919-b\u0151l"},"content":{"rendered":"\n<p>Szerz\u0151: Nov\u00e1k \u00c1d\u00e1m<\/p>\n\n\n\n<p><em>(Eredeti megjelen\u00e9s 2020. j\u00fanius 10. <a href=\"https:\/\/www.derimuzeum.hu\/hirek.php?id=28\" data-type=\"URL\" data-id=\"https:\/\/www.derimuzeum.hu\/hirek.php?id=28\">D\u00e9ri M\u00fazeum M\u00fazeumi Blog<\/a>)<\/em><\/p>\n\n\n\n<p>A rom\u00e1n csapatok 1919. \u00e1prilis 23-\u00e1n megsz\u00e1llt\u00e1k Debrecent. A Tan\u00e1csk\u00f6zt\u00e1rsas\u00e1g hatalma ezzel a Tisz\u00e1nt\u00falon megsz\u0171nt. A politikai \u00e9let, a k\u00f6zigazgat\u00e1s, a gazdas\u00e1gi tev\u00e9kenys\u00e9g, s nem utols\u00f3sorban a p\u00e9nzgazd\u00e1lkod\u00e1s a megsz\u00e1ll\u00f3 16. rom\u00e1n kir\u00e1lyi hadoszt\u00e1ly parancsnok\u00e1nak k\u00f6zvetlen ir\u00e1ny\u00edt\u00e1sa \u00e9s ellen\u0151rz\u00e9se al\u00e1 ker\u00fclt. A v\u00e1ros polg\u00e1rmesteri teend\u0151it de facto Cs\u00f3ka S\u00e1muel f\u0151jegyz\u0151 l\u00e1tta el. A vil\u00e1gh\u00e1bor\u00fa utols\u00f3 \u00e9veiben jelentkez\u0151 ell\u00e1t\u00e1si neh\u00e9zs\u00e9gek, az egyre fokoz\u00f3d\u00f3 infl\u00e1ci\u00f3, a rom\u00e1n csapatok ell\u00e1t\u00e1sa, a hadi\u00e1rv\u00e1k \u00e9s \u00f6zvegyek, a munkan\u00e9lk\u00fcliek sokas\u00e1ga s\u00falyos gazdas\u00e1gi terhet r\u00f3tt a v\u00e1rosra \u00e9s a v\u00e1rmegy\u00e9re. A Tan\u00e1csk\u00f6zt\u00e1rsas\u00e1g p\u00e9nz\u00fcgyi int\u00e9zked\u00e9sei Debrecenre \u00e9s Hajd\u00fa v\u00e1rmegy\u00e9re nem terjedtek ki, itt az \u00fan. k\u00e9k p\u00e9nz, valamint a feh\u00e9r p\u00e9nz \u00e9s a rom\u00e1n lei volt forgalomban. A v\u00e1rosvezet\u00e9snek 1919 \u00e1prilis m\u00e1sodik fel\u00e9t\u0151l k\u00e9t s\u00falyos p\u00e9nz\u00fcgyi k\u00e9rd\u00e9st kellett megoldania. Az egyik a k\u00f6zp\u00e9nzt\u00e1rakn\u00e1l fell\u00e9p\u0151 relat\u00edv bankjegyhi\u00e1ny, a m\u00e1sik a m\u00e1r el\u0151re l\u00e1that\u00f3 s\u00falyos k\u00f6lts\u00e9gvet\u00e9si deficit. A helyzet stabiliz\u00e1l\u00e1s\u00e1ra tett t\u00f6rekv\u00e9sek nem enyh\u00edtettek a helyzeten, az apr\u00f3p\u00e9nz m\u00e1jus v\u00e9g\u00e9re csaknem teljesen elt\u0171nt a forgalomb\u00f3l. A k\u00f6nny\u00edt\u00e9s \u00e9rdek\u00e9ben sz\u00fcletett meg a magyar t\u00f6rt\u00e9nelemben sz\u00e1mos esetben alkalmazott sz\u00fcks\u00e9gp\u00e9nz kibocs\u00e1t\u00e1s\u00e1nak gondolata.<\/p>\n\n\n\n<p>A kisebb debreceni p\u00e9nzint\u00e9zetek igazgat\u00f3inak sugallat\u00e1ra j\u00falius 12-\u00e9n a v\u00e1ros \u00e9s a v\u00e1rmegye tisztikara elfogadta a helyhat\u00f3s\u00e1gi sz\u00fcks\u00e9gp\u00e9nz kibocs\u00e1t\u00e1s\u00e1nak terv\u00e9t. 1, 2, 10, 20, 100 koron\u00e1s c\u00edmletekben \u00f6sszesen 2 milli\u00f3 500 ezer korona \u00e9rt\u00e9k kibocs\u00e1t\u00e1s\u00e1ra k\u00e9rtek enged\u00e9lyt a rom\u00e1n katonai vezet\u0151kt\u0151l. A sz\u00fcks\u00e9gp\u00e9nz c\u00e9lja a k\u00f6lts\u00e9gvet\u00e9si deficit m\u00e9rs\u00e9kl\u00e9se \u00e9s az apr\u00f3p\u00e9nz hi\u00e1ny\u00e1nak enyh\u00edt\u00e9se volt. Azonban a megsz\u00e1ll\u00f3 rom\u00e1n hat\u00f3s\u00e1gok a bankjegyhi\u00e1nyra az Osztr\u00e1k\u2013Magyar Bank leb\u00e9lyegzett bankjegyeinek forgalomba hozatal\u00e1t javasolt\u00e1k, a k\u00f6lts\u00e9gvet\u00e9si hi\u00e1nyra pedig rendk\u00edv\u00fcli ad\u00f3k bevezet\u00e9s\u00e9ben l\u00e1tt\u00e1k a megold\u00e1st. V\u00e9g\u00fcl a megsz\u00e1ll\u00f3k tilt\u00e1sa \u2013 \u00e9s r\u00e9szben a v\u00e1rosi vezet\u0151k politikai el\u0151rel\u00e1t\u00e1sa \u2013 miatt nem ker\u00fclt sor a sz\u00fcks\u00e9gp\u00e9nzek forgalomba hozatal\u00e1ra. A grafikai tervek azonban elk\u00e9sz\u00fcltek. J\u00falius 23-\u00e1n Keresztessy Istv\u00e1n, a v\u00e1rosi nyomda vezet\u0151je a sz\u00fcks\u00e9gp\u00e9nz kivitelez\u00e9s\u00e9re alak\u00edtott k\u00fcl\u00f6n bizotts\u00e1g \u00fcl\u00e9s\u00e9n bemutatta az elk\u00e9sz\u00fclt 1, 2, 10, 20 \u00e9s 100 koron\u00e1s c\u00edmlet\u0171 bankjegyek tervezet\u00e9t. A mintasorozatot Debrecen Szabad Kir\u00e1lyi V\u00e1ros \u00e9s a Tisz\u00e1nt\u00fali Reform\u00e1tus Egyh\u00e1zker\u00fclet K\u00f6nyvnyomda V\u00e1llalata k\u00e9sz\u00edtett.<\/p>\n\n\n\n<p>Az 1 koron\u00e1s mindk\u00e9t oldalon z\u00f6ld sz\u00edn\u0171 szab\u00e1lytalan mint\u00e1val, ov\u00e1lisb\u00f3l \u00e9s vonalakb\u00f3l \u00f6ssze\u00e1ll\u00edtott fekete kerettel. A 2 koron\u00e1s alapsz\u00edne k\u00e9k, a c\u00edmerek \u00e9s a sz\u00f6veg fekete. A 10 koron\u00e1s mindk\u00e9t oldal\u00e1nak fels\u0151 harmada z\u00f6ld, a k\u00f6z\u00e9ps\u0151 harmad piros, m\u00edg az als\u00f3 harmad k\u00e9k alapsz\u00edn\u0171. A h\u00e1tlap sz\u00ednei az el\u0151lapn\u00e1l halv\u00e1nyabbak. A 20 koron\u00e1s alapsz\u00edne mindk\u00e9t oldalon azonos, a fels\u0151 \u00e9s az als\u00f3 egynyolcad r\u00e9szben sz\u00fcrk\u00e9s z\u00f6ld, a k\u00f6zbees\u0151 mez\u0151 halv\u00e1ny piros. A 100 koron\u00e1s mindk\u00e9t oldal\u00e1n az alapsz\u00edn a fels\u0151 \u00e9s az als\u00f3 harmadban barna, a k\u00f6z\u00e9ps\u0151 harmadban z\u00f6ld. Mindegyik c\u00edmleten szerepelt Debrecen v\u00e1ros \u00e9s Hajd\u00fa v\u00e1rmegye fekete vagy barna nyom\u00e1s\u00fa c\u00edmere.<\/p>\n\n\n\n<p><\/p>\n\n\n\n<div class=\"wp-block-columns is-layout-flex wp-container-3\">\n<div class=\"wp-block-column is-layout-flow\">\n<p>Debreczen Szab. Kir. V\u00e1ros \u00e9s Hajd\u00fa v\u00e1rmegye sz\u00fcks\u00e9gp\u00e9nze, 1 korona<\/p>\n\n\n\n<p>Nyomtat\u00e1s: 1919. j\u00falius 15.<\/p>\n\n\n\n<p>Ki\u00e1ll\u00edt\u00e1s helye: Debrecen<\/p>\n\n\n\n<p>Sz\u00fcks\u00e9gp\u00e9nz m\u00e9rete: 113x72mm<\/p>\n\n\n\n<p>Lelt\u00e1ri sz\u00e1m: DM IX.74.142.<\/p>\n<\/div>\n\n\n\n<div class=\"wp-block-column is-layout-flow\">\n<figure class=\"wp-block-image size-full\"><img decoding=\"async\" loading=\"lazy\" width=\"400\" height=\"500\" src=\"https:\/\/helyiertek.derimuzeum.hu\/wp-content\/uploads\/2023\/03\/egykorona_deb.jpg\" alt=\"\" class=\"wp-image-154\"\/><\/figure>\n<\/div>\n<\/div>\n\n\n\n<p><\/p>\n\n\n\n<div class=\"wp-block-columns is-layout-flex wp-container-6\">\n<div class=\"wp-block-column is-layout-flow\">\n<p>Debreczen Szab. Kir. V\u00e1ros \u00e9s Hajd\u00fa v\u00e1rmegye sz\u00fcks\u00e9gp\u00e9nze, 10 korona<\/p>\n\n\n\n<p>Nyomtat\u00e1s: 1919. j\u00falius 15.<\/p>\n\n\n\n<p>Ki\u00e1ll\u00edt\u00e1s helye: Debrecen<\/p>\n\n\n\n<p>Sz\u00fcks\u00e9gp\u00e9nz m\u00e9rete: 149x78mm<\/p>\n\n\n\n<p>Lelt\u00e1ri sz\u00e1m: DM IV. IX.74.144.<\/p>\n<\/div>\n\n\n\n<div class=\"wp-block-column is-layout-flow\">\n<figure class=\"wp-block-image size-full\"><img decoding=\"async\" loading=\"lazy\" width=\"400\" height=\"400\" src=\"https:\/\/helyiertek.derimuzeum.hu\/wp-content\/uploads\/2023\/03\/tizkorona_deb.jpg\" alt=\"\" class=\"wp-image-155\"\/><\/figure>\n<\/div>\n<\/div>\n\n\n\n<div class=\"wp-block-columns is-layout-flex wp-container-9\">\n<div class=\"wp-block-column is-layout-flow\">\n<p>Debreczen Szab. Kir. V\u00e1ros \u00e9s Hajd\u00fa v\u00e1rmegye sz\u00fcks\u00e9gp\u00e9nze, 100 korona<\/p>\n\n\n\n<p>Nyomtat\u00e1s: 1919. j\u00falius 15.<\/p>\n\n\n\n<p>Ki\u00e1ll\u00edt\u00e1s helye: Debrecen<\/p>\n\n\n\n<p>Sz\u00fcks\u00e9gp\u00e9nz m\u00e9rete: 162x110mm<\/p>\n\n\n\n<p>Lelt\u00e1ri sz\u00e1m: DM IV. IX.74.146.<\/p>\n<\/div>\n\n\n\n<div class=\"wp-block-column is-layout-flow\">\n<figure class=\"wp-block-image size-full\"><img decoding=\"async\" loading=\"lazy\" width=\"400\" height=\"500\" src=\"https:\/\/helyiertek.derimuzeum.hu\/wp-content\/uploads\/2023\/03\/szazkorona_deb.jpg\" alt=\"\" class=\"wp-image-156\"\/><\/figure>\n<\/div>\n<\/div>\n\n\n\n<p><\/p>\n","protected":false},"excerpt":{"rendered":"<p>Szerz\u0151: Nov\u00e1k \u00c1d\u00e1m<br \/>\nA rom\u00e1n csapatok 1919. \u00e1prilis 23-\u00e1n megsz\u00e1llt\u00e1k Debrecent. A Tan\u00e1csk\u00f6zt\u00e1rsas\u00e1g hatalma ezzel a Tisz\u00e1nt\u00falon megsz\u0171nt.<\/p>\n","protected":false},"author":9,"featured_media":153,"comment_status":"open","ping_status":"open","sticky":false,"template":"","format":"standard","meta":{"_et_pb_use_builder":"off","_et_pb_old_content":"","_et_gb_content_width":""},"categories":[41,31],"tags":[96,46,82,97,12],"_links":{"self":[{"href":"https:\/\/helyiertek.derimuzeum.hu\/index.php?rest_route=\/wp\/v2\/posts\/152"}],"collection":[{"href":"https:\/\/helyiertek.derimuzeum.hu\/index.php?rest_route=\/wp\/v2\/posts"}],"about":[{"href":"https:\/\/helyiertek.derimuzeum.hu\/index.php?rest_route=\/wp\/v2\/types\/post"}],"author":[{"embeddable":true,"href":"https:\/\/helyiertek.derimuzeum.hu\/index.php?rest_route=\/wp\/v2\/users\/9"}],"replies":[{"embeddable":true,"href":"https:\/\/helyiertek.derimuzeum.hu\/index.php?rest_route=%2Fwp%2Fv2%2Fcomments&post=152"}],"version-history":[{"count":7,"href":"https:\/\/helyiertek.derimuzeum.hu\/index.php?rest_route=\/wp\/v2\/posts\/152\/revisions"}],"predecessor-version":[{"id":1355,"href":"https:\/\/helyiertek.derimuzeum.hu\/index.php?rest_route=\/wp\/v2\/posts\/152\/revisions\/1355"}],"wp:featuredmedia":[{"embeddable":true,"href":"https:\/\/helyiertek.derimuzeum.hu\/index.php?rest_route=\/wp\/v2\/media\/153"}],"wp:attachment":[{"href":"https:\/\/helyiertek.derimuzeum.hu\/index.php?rest_route=%2Fwp%2Fv2%2Fmedia&parent=152"}],"wp:term":[{"taxonomy":"category","embeddable":true,"href":"https:\/\/helyiertek.derimuzeum.hu\/index.php?rest_route=%2Fwp%2Fv2%2Fcategories&post=152"},{"taxonomy":"post_tag","embeddable":true,"href":"https:\/\/helyiertek.derimuzeum.hu\/index.php?rest_route=%2Fwp%2Fv2%2Ftags&post=152"}],"curies":[{"name":"wp","href":"https:\/\/api.w.org\/{rel}","templated":true}]}}