{"id":142,"date":"2023-05-16T07:00:00","date_gmt":"2023-05-16T05:00:00","guid":{"rendered":"http:\/\/helyiertek.derimuzeum.hu\/?p=142"},"modified":"2023-07-07T14:02:28","modified_gmt":"2023-07-07T12:02:28","slug":"elindult-a-honlapunk","status":"publish","type":"post","link":"https:\/\/helyiertek.derimuzeum.hu\/?p=142","title":{"rendered":"Elindult a honlapunk"},"content":{"rendered":"\n<p><\/p>\n\n\n\n<p><strong>Helyi \u00e9rt\u00e9k \u2013 v\u00e1rost\u00f6rt\u00e9neti f\u00f3rum a D\u00e9ri M\u00fazeumban<\/strong><\/p>\n\n\n\n<p>\u201eDebrecen v\u00e1ros m\u00fazeumi \u00e9let\u00e9ben jeles h\u00f3nap a m\u00e1jus. 1905. m\u00e1jus 22-\u00e9n, a Csokonai Vit\u00e9z Mih\u00e1ly k\u00f6lt\u0151 hal\u00e1l\u00e1nak sz\u00e1zados \u00e9vfordul\u00f3j\u00e1n rendezett \u00fcnneps\u00e9g keret\u00e9ben megny\u00edlt a V\u00e1rosi M\u00fazeum a F\u0171v\u00e9szkert utcai gazdas\u00e1gi iskola els\u0151 emelet\u00e9n. V\u00e9gre, hiszen m\u00e1s nagyv\u00e1rosban ekkor m\u00e1r \u00e9vtizedek \u00f3ta m\u0171k\u00f6d\u00f6tt m\u00fazeum. Huszon\u00f6t \u00e9v m\u00falva szint\u00e9n m\u00e1jusban, 1930. m\u00e1jus 25-\u00e9n orsz\u00e1gos jelent\u0151s\u00e9g\u0171 \u00fcnneps\u00e9g keret\u00e9ben megnyitott\u00e1k az \u00fajonnan \u00e9p\u00fclt D\u00e9ri M\u00fazeumot, amely mag\u00e1ban foglalta D\u00e9ri Frigyes gy\u0171jtem\u00e9nye mellett az egykori V\u00e1rosi M\u00fazeum anyag\u00e1t is.\u201d<\/p>\n\n\n\n<p>Ut\u00f3bbi esem\u00e9nyr\u0151l minden \u00e9vben megeml\u00e9kez\u00fcnk. Id\u00e9n M\u00fazeumunk legend\u00e1s igazgat\u00f3i \u2013 Zoltai Lajos, Ecsedi Istv\u00e1n, S\u0151regi J\u00e1nos, Balogh Istv\u00e1n \u2013 eml\u00e9ke el\u0151tt szeretn\u00e9nk tisztelegni azzal, hogy \u201e\u00fatj\u00e1ra ind\u00edtjuk\u201d a Helyi \u00e9rt\u00e9k v\u00e1rost\u00f6rt\u00e9neti f\u00f3rumot.<\/p>\n\n\n\n<p>A helyiertek.derimuzeum.hu c\u00edmen 2023. m\u00e1jus 17-t\u0151l mindenki sz\u00e1m\u00e1ra el\u00e9rhet\u0151 az \u00faj weboldal, amely szorosan k\u00f6t\u0151dik a <em>\u201eC\u00edvisek vil\u00e1ga\u201d<\/em> c\u00edmmel hamarosan megny\u00edl\u00f3 \u00e1lland\u00f3 ki\u00e1ll\u00edt\u00e1sunkhoz. <em>A Helyi \u00e9rt\u00e9k<\/em> ezt a t\u00e1rlatot k\u00edv\u00e1nja folytatni, kieg\u00e9sz\u00edteni a virtu\u00e1lis t\u00e9rben k\u00e9s\u0151 19., 20. sz\u00e1zadi \u00e9s jelenkori esem\u00e9nyekkel, t\u00f6rt\u00e9netekkel \u00e9s szerepl\u0151kkel. Itt nemcsak a M\u00fazeum munkat\u00e1rsainak \u00edr\u00e1sai olvashat\u00f3k, teret szeretn\u00e9nk adni m\u00e1s helyt\u00f6rt\u00e9neti kutat\u00f3k \u00e9s m\u0171helyek eredm\u00e9nyeinek, kutat\u00e1sainak megoszt\u00e1s\u00e1ra is. Sz\u00ednes \u00e9s sz\u00e9les paletta v\u00e1rja az oldalon az \u00e9rdekl\u0151d\u0151ket az al\u00e1bbi t\u00e9m\u00e1kban: Telep\u00fcl\u00e9st\u00f6rt\u00e9net, Gazdas\u00e1g, T\u00e1rsadalomt\u00f6rt\u00e9net, Kult\u00fara, N\u00e9prajz, Fot\u00f3t\u00f6rt\u00e9net, Forr\u00e1skutat\u00e1s, M\u0171eml\u00e9kek, Hadt\u00f6rt\u00e9net, H\u00edres debreceniek, Hagyom\u00e1ny\u0151rz\u00e9s \u00e9s Esem\u00e9nyt\u00f6rt\u00e9net.<\/p>\n\n\n\n<p>Kellemes \u00e9s sikeres b\u00f6ng\u00e9sz\u00e9st k\u00edv\u00e1nunk!<\/p>\n\n\n\n<p><\/p>\n\n\n\n<figure class=\"wp-block-image size-large\"><img decoding=\"async\" loading=\"lazy\" width=\"1024\" height=\"574\" src=\"https:\/\/helyiertek.derimuzeum.hu\/wp-content\/uploads\/2023\/05\/Deri_epulet_telefonra-1024x574.jpg\" alt=\"\" class=\"wp-image-970\" srcset=\"https:\/\/helyiertek.derimuzeum.hu\/wp-content\/uploads\/2023\/05\/Deri_epulet_telefonra-980x549.jpg 980w, https:\/\/helyiertek.derimuzeum.hu\/wp-content\/uploads\/2023\/05\/Deri_epulet_telefonra-480x269.jpg 480w\" sizes=\"(min-width: 0px) and (max-width: 480px) 480px, (min-width: 481px) and (max-width: 980px) 980px, (min-width: 981px) 1024px, 100vw\" \/><\/figure>\n","protected":false},"excerpt":{"rendered":"<p>Szerz\u0151: Szerkeszt\u0151bizotts\u00e1g<br \/>\nHelyi \u00e9rt\u00e9k \u2013 v\u00e1rost\u00f6rt\u00e9neti f\u00f3rum a D\u00e9ri M\u00fazeumban<\/p>\n","protected":false},"author":14,"featured_media":970,"comment_status":"open","ping_status":"open","sticky":false,"template":"","format":"standard","meta":{"_et_pb_use_builder":"off","_et_pb_old_content":"","_et_gb_content_width":""},"categories":[33,1],"tags":[5],"_links":{"self":[{"href":"https:\/\/helyiertek.derimuzeum.hu\/index.php?rest_route=\/wp\/v2\/posts\/142"}],"collection":[{"href":"https:\/\/helyiertek.derimuzeum.hu\/index.php?rest_route=\/wp\/v2\/posts"}],"about":[{"href":"https:\/\/helyiertek.derimuzeum.hu\/index.php?rest_route=\/wp\/v2\/types\/post"}],"author":[{"embeddable":true,"href":"https:\/\/helyiertek.derimuzeum.hu\/index.php?rest_route=\/wp\/v2\/users\/14"}],"replies":[{"embeddable":true,"href":"https:\/\/helyiertek.derimuzeum.hu\/index.php?rest_route=%2Fwp%2Fv2%2Fcomments&post=142"}],"version-history":[{"count":11,"href":"https:\/\/helyiertek.derimuzeum.hu\/index.php?rest_route=\/wp\/v2\/posts\/142\/revisions"}],"predecessor-version":[{"id":1408,"href":"https:\/\/helyiertek.derimuzeum.hu\/index.php?rest_route=\/wp\/v2\/posts\/142\/revisions\/1408"}],"wp:featuredmedia":[{"embeddable":true,"href":"https:\/\/helyiertek.derimuzeum.hu\/index.php?rest_route=\/wp\/v2\/media\/970"}],"wp:attachment":[{"href":"https:\/\/helyiertek.derimuzeum.hu\/index.php?rest_route=%2Fwp%2Fv2%2Fmedia&parent=142"}],"wp:term":[{"taxonomy":"category","embeddable":true,"href":"https:\/\/helyiertek.derimuzeum.hu\/index.php?rest_route=%2Fwp%2Fv2%2Fcategories&post=142"},{"taxonomy":"post_tag","embeddable":true,"href":"https:\/\/helyiertek.derimuzeum.hu\/index.php?rest_route=%2Fwp%2Fv2%2Ftags&post=142"}],"curies":[{"name":"wp","href":"https:\/\/api.w.org\/{rel}","templated":true}]}}